{"id":961,"date":"2013-07-12T05:41:07","date_gmt":"2013-07-12T04:41:07","guid":{"rendered":"http:\/\/wp.schuli.net\/?p=961"},"modified":"2013-07-12T05:51:46","modified_gmt":"2013-07-12T04:51:46","slug":"harley-taschenverstarkung","status":"publish","type":"post","link":"https:\/\/wp.schuli.net\/?p=961","title":{"rendered":"Harley Taschenverst\u00e4rkung"},"content":{"rendered":"<p>Hallihallo, endlich wieder mal ein Beitrag. \ud83d\ude42<\/p>\n<p>Nun, inzwischen haben wir so ein T\u00f6ffli der Marke Harley-Davidson im Einsatz und sehr viel Freude damit.<\/p>\n<p><a href=\"https:\/\/i0.wp.com\/wp.schuli.net\/wp-content\/uploads\/2013\/07\/20130712-064602.jpg?ssl=1\"><img data-recalc-dims=\"1\" decoding=\"async\" src=\"https:\/\/i0.wp.com\/wp.schuli.net\/wp-content\/uploads\/2013\/07\/20130712-064602.jpg?w=1080&#038;ssl=1\" alt=\"20130712-064602.jpg\" class=\"alignnone size-full\" \/><\/a><\/p>\n<p>Um ein paar Dinge wie Regenschutz (will ich allerdings gar nicht nutzen) mitf\u00fchren zu k\u00f6nnen, haben wir eine Schwingentasche aus Leder montiert. Wie sich nach einer l\u00e4ngeren Fahrt nach Rom herausgestellt hat, schleift das Ding in den Kurven am Boden entlang, wodurch letztendlich ein Loch entsteht.<\/p>\n<p><a href=\"https:\/\/i0.wp.com\/wp.schuli.net\/wp-content\/uploads\/2013\/07\/20130712-062416.jpg?ssl=1\"><img data-recalc-dims=\"1\" decoding=\"async\" src=\"https:\/\/i0.wp.com\/wp.schuli.net\/wp-content\/uploads\/2013\/07\/20130712-062416.jpg?w=1080&#038;ssl=1\" alt=\"20130712-062416.jpg\" class=\"alignnone size-full\" \/><\/a><\/p>\n<p>Nachdem der H\u00e4ndler, der Lederfachmann und der Autosattler keine geeignete L\u00f6sung f\u00fcr das Problemchen bereit hatten, habe ich kurzerhand beschlossen, selber eine L\u00f6sung zu schaffen. Da ich mir nicht vorstellen kann, dass Didu und ich die einzigen sind, welche die Tasche am Boden entlang ziehen, stelle ich interessierten meinen L\u00f6sungsansatz gerne als Idee zur Verf\u00fcgung.<\/p>\n<p><strong>Vorgehen<\/strong><br \/>\nZuerst habe ich mittels Karton ein kleines Modell erstellt, welches sp\u00e4ter als Vorlage f\u00fcr die Alu-Variante dient.<\/p>\n<p><a href=\"https:\/\/i0.wp.com\/wp.schuli.net\/wp-content\/uploads\/2013\/07\/20130712-062853.jpg?ssl=1\"><img data-recalc-dims=\"1\" decoding=\"async\" src=\"https:\/\/i0.wp.com\/wp.schuli.net\/wp-content\/uploads\/2013\/07\/20130712-062853.jpg?w=1080&#038;ssl=1\" alt=\"20130712-062853.jpg\" class=\"alignnone size-full\" \/><\/a><\/p>\n<p><a href=\"https:\/\/i0.wp.com\/wp.schuli.net\/wp-content\/uploads\/2013\/07\/20130712-062920.jpg?ssl=1\"><img data-recalc-dims=\"1\" decoding=\"async\" src=\"https:\/\/i0.wp.com\/wp.schuli.net\/wp-content\/uploads\/2013\/07\/20130712-062920.jpg?w=1080&#038;ssl=1\" alt=\"20130712-062920.jpg\" class=\"alignnone size-full\" \/><\/a><\/p>\n<p>Danach aus Riffel-Alublech das Teil erstellt und vernietet &#8211; und fertig.<\/p>\n<p><a href=\"https:\/\/i0.wp.com\/wp.schuli.net\/wp-content\/uploads\/2013\/07\/20130712-063048.jpg?ssl=1\"><img data-recalc-dims=\"1\" decoding=\"async\" src=\"https:\/\/i0.wp.com\/wp.schuli.net\/wp-content\/uploads\/2013\/07\/20130712-063048.jpg?w=1080&#038;ssl=1\" alt=\"20130712-063048.jpg\" class=\"alignnone size-full\" \/><\/a><\/p>\n<p><a href=\"https:\/\/i0.wp.com\/wp.schuli.net\/wp-content\/uploads\/2013\/07\/20130712-063121.jpg?ssl=1\"><img data-recalc-dims=\"1\" decoding=\"async\" src=\"https:\/\/i0.wp.com\/wp.schuli.net\/wp-content\/uploads\/2013\/07\/20130712-063121.jpg?w=1080&#038;ssl=1\" alt=\"20130712-063121.jpg\" class=\"alignnone size-full\" \/><\/a>  <\/p>\n<p><a href=\"https:\/\/i0.wp.com\/wp.schuli.net\/wp-content\/uploads\/2013\/07\/20130712-063251.jpg?ssl=1\"><img data-recalc-dims=\"1\" decoding=\"async\" src=\"https:\/\/i0.wp.com\/wp.schuli.net\/wp-content\/uploads\/2013\/07\/20130712-063251.jpg?w=1080&#038;ssl=1\" alt=\"20130712-063251.jpg\" class=\"alignnone size-full\" \/><\/a><\/p>\n<p><a href=\"https:\/\/i0.wp.com\/wp.schuli.net\/wp-content\/uploads\/2013\/07\/20130712-063339.jpg?ssl=1\"><img data-recalc-dims=\"1\" decoding=\"async\" src=\"https:\/\/i0.wp.com\/wp.schuli.net\/wp-content\/uploads\/2013\/07\/20130712-063339.jpg?w=1080&#038;ssl=1\" alt=\"20130712-063339.jpg\" class=\"alignnone size-full\" \/><\/a><\/p>\n<p><a href=\"https:\/\/i0.wp.com\/wp.schuli.net\/wp-content\/uploads\/2013\/07\/20130712-063353.jpg?ssl=1\"><img data-recalc-dims=\"1\" decoding=\"async\" src=\"https:\/\/i0.wp.com\/wp.schuli.net\/wp-content\/uploads\/2013\/07\/20130712-063353.jpg?w=1080&#038;ssl=1\" alt=\"20130712-063353.jpg\" class=\"alignnone size-full\" \/><\/a><\/p>\n<p><a href=\"https:\/\/i0.wp.com\/wp.schuli.net\/wp-content\/uploads\/2013\/07\/20130712-063408.jpg?ssl=1\"><img data-recalc-dims=\"1\" decoding=\"async\" src=\"https:\/\/i0.wp.com\/wp.schuli.net\/wp-content\/uploads\/2013\/07\/20130712-063408.jpg?w=1080&#038;ssl=1\" alt=\"20130712-063408.jpg\" class=\"alignnone size-full\" \/><\/a><\/p>\n<p><a href=\"https:\/\/i0.wp.com\/wp.schuli.net\/wp-content\/uploads\/2013\/07\/20130712-063427.jpg?ssl=1\"><img data-recalc-dims=\"1\" decoding=\"async\" src=\"https:\/\/i0.wp.com\/wp.schuli.net\/wp-content\/uploads\/2013\/07\/20130712-063427.jpg?w=1080&#038;ssl=1\" alt=\"20130712-063427.jpg\" class=\"alignnone size-full\" \/><\/a><\/p>\n<p><a href=\"https:\/\/i0.wp.com\/wp.schuli.net\/wp-content\/uploads\/2013\/07\/20130712-063448.jpg?ssl=1\"><img data-recalc-dims=\"1\" decoding=\"async\" src=\"https:\/\/i0.wp.com\/wp.schuli.net\/wp-content\/uploads\/2013\/07\/20130712-063448.jpg?w=1080&#038;ssl=1\" alt=\"20130712-063448.jpg\" class=\"alignnone size-full\" \/><\/a><\/p>\n<p><a href=\"https:\/\/i0.wp.com\/wp.schuli.net\/wp-content\/uploads\/2013\/07\/20130712-063501.jpg?ssl=1\"><img data-recalc-dims=\"1\" decoding=\"async\" src=\"https:\/\/i0.wp.com\/wp.schuli.net\/wp-content\/uploads\/2013\/07\/20130712-063501.jpg?w=1080&#038;ssl=1\" alt=\"20130712-063501.jpg\" class=\"alignnone size-full\" \/><\/a><\/p>\n<p><a href=\"https:\/\/i0.wp.com\/wp.schuli.net\/wp-content\/uploads\/2013\/07\/20130712-063513.jpg?ssl=1\"><img data-recalc-dims=\"1\" decoding=\"async\" src=\"https:\/\/i0.wp.com\/wp.schuli.net\/wp-content\/uploads\/2013\/07\/20130712-063513.jpg?w=1080&#038;ssl=1\" alt=\"20130712-063513.jpg\" class=\"alignnone size-full\" \/><\/a><\/p>\n<p>Die Praxis wird zeigen, ob dies eine gute L\u00f6sung ist. &#8211; Cheers!<\/p>\n","protected":false},"excerpt":{"rendered":"<p>Hallihallo, endlich wieder mal ein Beitrag. \ud83d\ude42 Nun, inzwischen haben wir so ein T\u00f6ffli der Marke Harley-Davidson im Einsatz und sehr viel Freude damit. Um ein paar Dinge wie Regenschutz (will ich allerdings gar nicht nutzen) mitf\u00fchren zu k\u00f6nnen, haben wir eine Schwingentasche aus Leder montiert. Wie sich nach einer l\u00e4ngeren Fahrt nach Rom herausgestellt [&hellip;]<\/p>\n","protected":false},"author":1,"featured_media":960,"comment_status":"open","ping_status":"open","sticky":false,"template":"","format":"standard","meta":{"_et_pb_use_builder":"","_et_pb_old_content":"","_et_gb_content_width":"","jetpack_post_was_ever_published":false,"_jetpack_newsletter_access":"","_jetpack_dont_email_post_to_subs":false,"_jetpack_newsletter_tier_id":0,"_jetpack_memberships_contains_paywalled_content":false,"_jetpack_memberships_contains_paid_content":false,"footnotes":"","jetpack_publicize_message":"","jetpack_publicize_feature_enabled":true,"jetpack_social_post_already_shared":true,"jetpack_social_options":{"image_generator_settings":{"template":"highway","default_image_id":0,"font":"","enabled":false},"version":2}},"categories":[16],"tags":[],"class_list":["post-961","post","type-post","status-publish","format-standard","has-post-thumbnail","hentry","category-blog","et-has-post-format-content","et_post_format-et-post-format-standard"],"jetpack_publicize_connections":[],"jetpack_featured_media_url":"https:\/\/i0.wp.com\/wp.schuli.net\/wp-content\/uploads\/2013\/07\/20130712-064103.jpg?fit=800%2C800&ssl=1","jetpack_sharing_enabled":true,"jetpack_shortlink":"https:\/\/wp.me\/p23jlp-fv","jetpack-related-posts":[{"id":984,"url":"https:\/\/wp.schuli.net\/?p=984","url_meta":{"origin":961,"position":0},"title":"Skiing in beautiful Canada","author":"Marius Schuler","date":"Mon, 13.01.2014","format":false,"excerpt":"13.01.2014sm - Warum fliegen Schweizer zum Skifahren nach Kanada? - Diese Frage wurde uns verst\u00e4ndlicherweise auf der Reise immer wieder gestellt. :) Auch wenn einer der Beweggr\u00fcnde war, eine offene Rechnung aus dem 2010 abzuschliessen und auch noch Whistler zu befahren, sind andere Skigebiete oben auf der Liste der Empfehlungen\u2026","rel":"","context":"In &quot;Blog&quot;","block_context":{"text":"Blog","link":"https:\/\/wp.schuli.net\/?cat=16"},"img":{"alt_text":"","src":"https:\/\/i0.wp.com\/wp.schuli.net\/wp-content\/uploads\/2013\/12\/20131226-213742.jpg?fit=300%2C200&ssl=1&resize=350%2C200","width":350,"height":200},"classes":[]},{"id":3175,"url":"https:\/\/wp.schuli.net\/?p=3175","url_meta":{"origin":961,"position":1},"title":"2017-33: Cremeschnitte v2.0","author":"Marius Schuler","date":"Sat, 19.08.2017","format":false,"excerpt":" Im Januar hatte ich meine erste Cremeschnitte selber gemacht. Nun war es an der Zeit, die v2.0 anzugehen und zwar mit selber gemachtem Bl\u00e4tterteig. Zudem\u2026","rel":"","context":"In &quot;2017 - Schulis Weekly Picture Sessions&quot;","block_context":{"text":"2017 - Schulis Weekly Picture Sessions","link":"https:\/\/wp.schuli.net\/?cat=33"},"img":{"alt_text":"","src":"https:\/\/i0.wp.com\/wp.schuli.net\/wp-content\/uploads\/2017\/08\/IMG_2043.jpg?fit=1200%2C1200&ssl=1&resize=350%2C200","width":350,"height":200,"srcset":"https:\/\/i0.wp.com\/wp.schuli.net\/wp-content\/uploads\/2017\/08\/IMG_2043.jpg?fit=1200%2C1200&ssl=1&resize=350%2C200 1x, https:\/\/i0.wp.com\/wp.schuli.net\/wp-content\/uploads\/2017\/08\/IMG_2043.jpg?fit=1200%2C1200&ssl=1&resize=525%2C300 1.5x, https:\/\/i0.wp.com\/wp.schuli.net\/wp-content\/uploads\/2017\/08\/IMG_2043.jpg?fit=1200%2C1200&ssl=1&resize=700%2C400 2x, https:\/\/i0.wp.com\/wp.schuli.net\/wp-content\/uploads\/2017\/08\/IMG_2043.jpg?fit=1200%2C1200&ssl=1&resize=1050%2C600 3x"},"classes":[]},{"id":2740,"url":"https:\/\/wp.schuli.net\/?p=2740","url_meta":{"origin":961,"position":2},"title":"2017-06: Primeli","author":"Marius Schuler","date":"Sun, 12.02.2017","format":false,"excerpt":" Diese Woche geht's um ein Bl\u00fcemli (eine Blume), konkret um ein Primeli,\u00a0auch bekannt als\u00a0Primel (Primula) oder Schl\u00fcsselblume. Eigentlich schon erstaunlich, was die Natur so alles anstellt. Besonders\u00a0fasziniert\u00a0mich\u2026","rel":"","context":"In &quot;2017 - Schulis Weekly Picture Sessions&quot;","block_context":{"text":"2017 - Schulis Weekly Picture Sessions","link":"https:\/\/wp.schuli.net\/?cat=33"},"img":{"alt_text":"","src":"https:\/\/i0.wp.com\/wp.schuli.net\/wp-content\/uploads\/2017\/02\/17-06-_Primeli1_4627-41.jpg?fit=1200%2C835&ssl=1&resize=350%2C200","width":350,"height":200,"srcset":"https:\/\/i0.wp.com\/wp.schuli.net\/wp-content\/uploads\/2017\/02\/17-06-_Primeli1_4627-41.jpg?fit=1200%2C835&ssl=1&resize=350%2C200 1x, https:\/\/i0.wp.com\/wp.schuli.net\/wp-content\/uploads\/2017\/02\/17-06-_Primeli1_4627-41.jpg?fit=1200%2C835&ssl=1&resize=525%2C300 1.5x, https:\/\/i0.wp.com\/wp.schuli.net\/wp-content\/uploads\/2017\/02\/17-06-_Primeli1_4627-41.jpg?fit=1200%2C835&ssl=1&resize=700%2C400 2x, https:\/\/i0.wp.com\/wp.schuli.net\/wp-content\/uploads\/2017\/02\/17-06-_Primeli1_4627-41.jpg?fit=1200%2C835&ssl=1&resize=1050%2C600 3x"},"classes":[]},{"id":3391,"url":"https:\/\/wp.schuli.net\/?p=3391","url_meta":{"origin":961,"position":3},"title":"2017-49: NYC Grand Central Terminal Flashmob","author":"Marius Schuler","date":"Sun, 10.12.2017","format":false,"excerpt":" Das Grand Central Terminal (der Hauptbahnhof) in\u00a0New York City ist m.E. ein besonders empfehlenswerter Besuchsort. F\u00fcr mich war dieser Besuch wie eine Zeitreise in die\u2026","rel":"","context":"In &quot;2017 - Schulis Weekly Picture Sessions&quot;","block_context":{"text":"2017 - Schulis Weekly Picture Sessions","link":"https:\/\/wp.schuli.net\/?cat=33"},"img":{"alt_text":"","src":"https:\/\/i0.wp.com\/wp.schuli.net\/wp-content\/uploads\/2017\/12\/17-49-NYC-Grand-Central-Terminal-Flashmob12_0955.jpg?fit=1200%2C836&ssl=1&resize=350%2C200","width":350,"height":200,"srcset":"https:\/\/i0.wp.com\/wp.schuli.net\/wp-content\/uploads\/2017\/12\/17-49-NYC-Grand-Central-Terminal-Flashmob12_0955.jpg?fit=1200%2C836&ssl=1&resize=350%2C200 1x, https:\/\/i0.wp.com\/wp.schuli.net\/wp-content\/uploads\/2017\/12\/17-49-NYC-Grand-Central-Terminal-Flashmob12_0955.jpg?fit=1200%2C836&ssl=1&resize=525%2C300 1.5x, https:\/\/i0.wp.com\/wp.schuli.net\/wp-content\/uploads\/2017\/12\/17-49-NYC-Grand-Central-Terminal-Flashmob12_0955.jpg?fit=1200%2C836&ssl=1&resize=700%2C400 2x, https:\/\/i0.wp.com\/wp.schuli.net\/wp-content\/uploads\/2017\/12\/17-49-NYC-Grand-Central-Terminal-Flashmob12_0955.jpg?fit=1200%2C836&ssl=1&resize=1050%2C600 3x"},"classes":[]},{"id":3056,"url":"https:\/\/wp.schuli.net\/?p=3056","url_meta":{"origin":961,"position":4},"title":"2017-22: Enjoying the sunset","author":"Marius Schuler","date":"Sun, 04.06.2017","format":false,"excerpt":" In der n\u00e4he von Trondheim in Norwegen am Strand eines Campingplatzes. Die Menschen geniessen sichtlich die\u00a0Stimmung und Gelassenheit im Licht des Sonnenuntergangs.\u00a0Die Farben scheinen\u00a0unwirklich und\u2026","rel":"","context":"In &quot;2017 - Schulis Weekly Picture Sessions&quot;","block_context":{"text":"2017 - Schulis Weekly Picture Sessions","link":"https:\/\/wp.schuli.net\/?cat=33"},"img":{"alt_text":"","src":"https:\/\/i0.wp.com\/wp.schuli.net\/wp-content\/uploads\/2017\/06\/17-22-Enjoying-the-sunset1_3560.jpg?fit=901%2C1200&ssl=1&resize=350%2C200","width":350,"height":200,"srcset":"https:\/\/i0.wp.com\/wp.schuli.net\/wp-content\/uploads\/2017\/06\/17-22-Enjoying-the-sunset1_3560.jpg?fit=901%2C1200&ssl=1&resize=350%2C200 1x, https:\/\/i0.wp.com\/wp.schuli.net\/wp-content\/uploads\/2017\/06\/17-22-Enjoying-the-sunset1_3560.jpg?fit=901%2C1200&ssl=1&resize=525%2C300 1.5x, https:\/\/i0.wp.com\/wp.schuli.net\/wp-content\/uploads\/2017\/06\/17-22-Enjoying-the-sunset1_3560.jpg?fit=901%2C1200&ssl=1&resize=700%2C400 2x"},"classes":[]},{"id":2073,"url":"https:\/\/wp.schuli.net\/?p=2073","url_meta":{"origin":961,"position":5},"title":"2016-44: Herbstformen","author":"Marius Schuler","date":"Sun, 06.11.2016","format":false,"excerpt":" Unter anderem geht es mir bei diesem Foto-Jahresprojekt darum, das Entwickeln und Umsetzen von Bildideen zu trainieren. Man k\u00f6nnte sich nat\u00fcrlich fragen, wie sinnvoll es ist\u00a0sich in der Freizeit zus\u00e4tzlich und freiwillig Druck\u00a0aufzuerlegen. Nun, f\u00fcr mich ist das fokussierte befassen\u2026","rel":"","context":"In &quot;2016 - Schulis Weekly Picture Series&quot;","block_context":{"text":"2016 - Schulis Weekly Picture Series","link":"https:\/\/wp.schuli.net\/?cat=27"},"img":{"alt_text":"","src":"https:\/\/i0.wp.com\/wp.schuli.net\/wp-content\/uploads\/2016\/11\/2016-44-Herbstformen4_0739.jpg?resize=350%2C200&ssl=1","width":350,"height":200,"srcset":"https:\/\/i0.wp.com\/wp.schuli.net\/wp-content\/uploads\/2016\/11\/2016-44-Herbstformen4_0739.jpg?resize=350%2C200&ssl=1 1x, https:\/\/i0.wp.com\/wp.schuli.net\/wp-content\/uploads\/2016\/11\/2016-44-Herbstformen4_0739.jpg?resize=525%2C300&ssl=1 1.5x, https:\/\/i0.wp.com\/wp.schuli.net\/wp-content\/uploads\/2016\/11\/2016-44-Herbstformen4_0739.jpg?resize=700%2C400&ssl=1 2x"},"classes":[]}],"_links":{"self":[{"href":"https:\/\/wp.schuli.net\/index.php?rest_route=\/wp\/v2\/posts\/961","targetHints":{"allow":["GET"]}}],"collection":[{"href":"https:\/\/wp.schuli.net\/index.php?rest_route=\/wp\/v2\/posts"}],"about":[{"href":"https:\/\/wp.schuli.net\/index.php?rest_route=\/wp\/v2\/types\/post"}],"author":[{"embeddable":true,"href":"https:\/\/wp.schuli.net\/index.php?rest_route=\/wp\/v2\/users\/1"}],"replies":[{"embeddable":true,"href":"https:\/\/wp.schuli.net\/index.php?rest_route=%2Fwp%2Fv2%2Fcomments&post=961"}],"version-history":[{"count":9,"href":"https:\/\/wp.schuli.net\/index.php?rest_route=\/wp\/v2\/posts\/961\/revisions"}],"predecessor-version":[{"id":2501,"href":"https:\/\/wp.schuli.net\/index.php?rest_route=\/wp\/v2\/posts\/961\/revisions\/2501"}],"wp:featuredmedia":[{"embeddable":true,"href":"https:\/\/wp.schuli.net\/index.php?rest_route=\/wp\/v2\/media\/960"}],"wp:attachment":[{"href":"https:\/\/wp.schuli.net\/index.php?rest_route=%2Fwp%2Fv2%2Fmedia&parent=961"}],"wp:term":[{"taxonomy":"category","embeddable":true,"href":"https:\/\/wp.schuli.net\/index.php?rest_route=%2Fwp%2Fv2%2Fcategories&post=961"},{"taxonomy":"post_tag","embeddable":true,"href":"https:\/\/wp.schuli.net\/index.php?rest_route=%2Fwp%2Fv2%2Ftags&post=961"}],"curies":[{"name":"wp","href":"https:\/\/api.w.org\/{rel}","templated":true}]}}