{"id":620,"date":"2012-12-28T09:55:37","date_gmt":"2012-12-28T08:55:37","guid":{"rendered":"http:\/\/wp.schuli.net\/?p=620"},"modified":"2017-01-08T10:23:01","modified_gmt":"2017-01-08T09:23:01","slug":"portrait-mutter-kind","status":"publish","type":"post","link":"https:\/\/wp.schuli.net\/?p=620","title":{"rendered":"Portrait Mutter &#038; Kind"},"content":{"rendered":"<p>Portrait Fotografie mit einem Kind ist ein besonders spannendes Vorhaben. Abwechslung zwischen Spiel, Spass und Faszination machten die Bilderserie mit dem eineinhalb j\u00e4hrigen Jungen m\u00f6glich. &#8211; &#8220;Ich bin so gross!&#8221;, &#8220;Schau wie der Ballon fliegt!&#8221;, &#8220;Warum diese Blasen wohl schweben und pl\u00f6tzlich platzen? und vieles mehr m\u00fcssen dem Buben durch den Kopf gegangen sein&#8230;<br \/>\n<a href='https:\/\/wp.schuli.net\/gallery\/portrait-2012-03\/' class='small-button smallblack' target=\"_blank\">Vollbild<\/a><\/p>\n<p><iframe loading=\"lazy\" src=\"gallery\/portrait-2012-03\/index.html\" width=\"100%\" height=\"400\" scrolling=\"no\" align=\"center\"><\/iframe><\/p>\n","protected":false},"excerpt":{"rendered":"<p>Portrait Fotografie mit einem Kind ist ein besonders spannendes Vorhaben. Abwechslung zwischen Spiel, Spass und Faszination machten die Bilderserie mit dem eineinhalb j\u00e4hrigen Jungen m\u00f6glich. &#8211; &#8220;Ich bin so gross!&#8221;, &#8220;Schau wie der Ballon fliegt!&#8221;, &#8220;Warum diese Blasen wohl schweben und pl\u00f6tzlich platzen? und vieles mehr m\u00fcssen dem Buben durch den Kopf gegangen sein&#8230;<\/p>\n","protected":false},"author":1,"featured_media":1923,"comment_status":"open","ping_status":"open","sticky":false,"template":"","format":"standard","meta":{"_et_pb_use_builder":"","_et_pb_old_content":"","_et_gb_content_width":"","jetpack_post_was_ever_published":false,"_jetpack_newsletter_access":"","_jetpack_dont_email_post_to_subs":true,"_jetpack_newsletter_tier_id":0,"_jetpack_memberships_contains_paywalled_content":false,"_jetpack_memberships_contains_paid_content":false,"footnotes":"","jetpack_publicize_message":"","jetpack_publicize_feature_enabled":true,"jetpack_social_post_already_shared":true,"jetpack_social_options":{"image_generator_settings":{"template":"highway","default_image_id":0,"font":"","enabled":false},"version":2}},"categories":[16,8],"tags":[],"class_list":["post-620","post","type-post","status-publish","format-standard","has-post-thumbnail","hentry","category-blog","category-people","et-has-post-format-content","et_post_format-et-post-format-standard"],"jetpack_publicize_connections":[],"jetpack_featured_media_url":"https:\/\/i0.wp.com\/wp.schuli.net\/wp-content\/uploads\/2016\/08\/image-15.jpeg?fit=300%2C300&ssl=1","jetpack_sharing_enabled":true,"jetpack_shortlink":"https:\/\/wp.me\/p23jlp-a0","jetpack-related-posts":[{"id":2002,"url":"https:\/\/wp.schuli.net\/?p=2002","url_meta":{"origin":620,"position":0},"title":"2016-40: Zugreise","author":"Marius Schuler","date":"Sun, 09.10.2016","format":false,"excerpt":" Kurz auf den Zug warten und dann aus dem Fenster tr\u00e4umen. Umsteigen und die Reise im komfortablen Zug gniessen. Mit dem Zug reist man genau so kurzweilig und angenehm wie mit dem Auto oder Flugzeug. Bild 1: Warten auf den\u2026","rel":"","context":"In &quot;2016 - Schulis Weekly Picture Series&quot;","block_context":{"text":"2016 - Schulis Weekly Picture Series","link":"https:\/\/wp.schuli.net\/?cat=27"},"img":{"alt_text":"Komfort auf Schienen","src":"https:\/\/i0.wp.com\/wp.schuli.net\/wp-content\/uploads\/2016\/10\/IMG_1492.jpg?resize=350%2C200&ssl=1","width":350,"height":200,"srcset":"https:\/\/i0.wp.com\/wp.schuli.net\/wp-content\/uploads\/2016\/10\/IMG_1492.jpg?resize=350%2C200&ssl=1 1x, https:\/\/i0.wp.com\/wp.schuli.net\/wp-content\/uploads\/2016\/10\/IMG_1492.jpg?resize=525%2C300&ssl=1 1.5x, https:\/\/i0.wp.com\/wp.schuli.net\/wp-content\/uploads\/2016\/10\/IMG_1492.jpg?resize=700%2C400&ssl=1 2x"},"classes":[]},{"id":2136,"url":"https:\/\/wp.schuli.net\/?p=2136","url_meta":{"origin":620,"position":1},"title":"2016-48: Alphorn","author":"Marius Schuler","date":"Sun, 04.12.2016","format":false,"excerpt":" Mit Stolz und Stil pr\u00e4sentieren sich die Alphorn Bl\u00e4serinnen und Bl\u00e4ser am Weihnachtsmarkt in Belp. Jung und alt erfreuen sich der urt\u00fcmlichen Kl\u00e4nge. Nach der Show noch ein bisschen plaudern mit dem Alphorn auf der Schulter. \u2013 Eifach gm\u00fcetlech. :-)\u2026","rel":"","context":"In &quot;2016 - Schulis Weekly Picture Series&quot;","block_context":{"text":"2016 - Schulis Weekly Picture Series","link":"https:\/\/wp.schuli.net\/?cat=27"},"img":{"alt_text":"","src":"https:\/\/i0.wp.com\/wp.schuli.net\/wp-content\/uploads\/2016\/12\/2016-48-Alphorn4_0817.jpg?resize=350%2C200&ssl=1","width":350,"height":200,"srcset":"https:\/\/i0.wp.com\/wp.schuli.net\/wp-content\/uploads\/2016\/12\/2016-48-Alphorn4_0817.jpg?resize=350%2C200&ssl=1 1x, https:\/\/i0.wp.com\/wp.schuli.net\/wp-content\/uploads\/2016\/12\/2016-48-Alphorn4_0817.jpg?resize=525%2C300&ssl=1 1.5x, https:\/\/i0.wp.com\/wp.schuli.net\/wp-content\/uploads\/2016\/12\/2016-48-Alphorn4_0817.jpg?resize=700%2C400&ssl=1 2x"},"classes":[]},{"id":1441,"url":"https:\/\/wp.schuli.net\/?p=1441","url_meta":{"origin":620,"position":2},"title":"2016-04: Spuren der Geschichte","author":"Marius Schuler","date":"Sun, 31.01.2016","format":false,"excerpt":" Schloss aus dem 11. Jahrhundert Auch wenn ich\u2026","rel":"","context":"In &quot;2016 - Schulis Weekly Picture Series&quot;","block_context":{"text":"2016 - Schulis Weekly Picture Series","link":"https:\/\/wp.schuli.net\/?cat=27"},"img":{"alt_text":"","src":"https:\/\/i0.wp.com\/wp.schuli.net\/wp-content\/uploads\/2016\/01\/image-10.jpeg?resize=350%2C200&ssl=1","width":350,"height":200,"srcset":"https:\/\/i0.wp.com\/wp.schuli.net\/wp-content\/uploads\/2016\/01\/image-10.jpeg?resize=350%2C200&ssl=1 1x, https:\/\/i0.wp.com\/wp.schuli.net\/wp-content\/uploads\/2016\/01\/image-10.jpeg?resize=525%2C300&ssl=1 1.5x, https:\/\/i0.wp.com\/wp.schuli.net\/wp-content\/uploads\/2016\/01\/image-10.jpeg?resize=700%2C400&ssl=1 2x"},"classes":[]},{"id":2948,"url":"https:\/\/wp.schuli.net\/?p=2948","url_meta":{"origin":620,"position":3},"title":"2017-13: Vancouver \u2013 Sonnenuntergang auf dem Seabus","author":"Marius Schuler","date":"Sun, 02.04.2017","format":false,"excerpt":" Eine Bildserie aus dem Archiv. Entstanden im 2003 in Vancouver bei einer \u00dcberfahrt mit dem Seabus von Vancouver nach Lonsdale Quay. Diese unvergesslichen Momente in\u2026","rel":"","context":"In &quot;2017 - Schulis Weekly Picture Sessions&quot;","block_context":{"text":"2017 - Schulis Weekly Picture Sessions","link":"https:\/\/wp.schuli.net\/?cat=33"},"img":{"alt_text":"","src":"https:\/\/i0.wp.com\/wp.schuli.net\/wp-content\/uploads\/2017\/03\/17-13-Vancouver-Sunset-Seabus5_3221.jpg?fit=1200%2C836&ssl=1&resize=350%2C200","width":350,"height":200,"srcset":"https:\/\/i0.wp.com\/wp.schuli.net\/wp-content\/uploads\/2017\/03\/17-13-Vancouver-Sunset-Seabus5_3221.jpg?fit=1200%2C836&ssl=1&resize=350%2C200 1x, https:\/\/i0.wp.com\/wp.schuli.net\/wp-content\/uploads\/2017\/03\/17-13-Vancouver-Sunset-Seabus5_3221.jpg?fit=1200%2C836&ssl=1&resize=525%2C300 1.5x, https:\/\/i0.wp.com\/wp.schuli.net\/wp-content\/uploads\/2017\/03\/17-13-Vancouver-Sunset-Seabus5_3221.jpg?fit=1200%2C836&ssl=1&resize=700%2C400 2x, https:\/\/i0.wp.com\/wp.schuli.net\/wp-content\/uploads\/2017\/03\/17-13-Vancouver-Sunset-Seabus5_3221.jpg?fit=1200%2C836&ssl=1&resize=1050%2C600 3x"},"classes":[]},{"id":1965,"url":"https:\/\/wp.schuli.net\/?p=1965","url_meta":{"origin":620,"position":4},"title":"2016-37: Miezekatzen","author":"Marius Schuler","date":"Sun, 18.09.2016","format":false,"excerpt":"[et_pb_gallery\u2026","rel":"","context":"In &quot;2016 - Schulis Weekly Picture Series&quot;","block_context":{"text":"2016 - Schulis Weekly Picture Series","link":"https:\/\/wp.schuli.net\/?cat=27"},"img":{"alt_text":"","src":"https:\/\/i0.wp.com\/wp.schuli.net\/wp-content\/uploads\/2016\/09\/2016-37-Miezekatzen4_0606.jpg?resize=350%2C200&ssl=1","width":350,"height":200,"srcset":"https:\/\/i0.wp.com\/wp.schuli.net\/wp-content\/uploads\/2016\/09\/2016-37-Miezekatzen4_0606.jpg?resize=350%2C200&ssl=1 1x, https:\/\/i0.wp.com\/wp.schuli.net\/wp-content\/uploads\/2016\/09\/2016-37-Miezekatzen4_0606.jpg?resize=525%2C300&ssl=1 1.5x, https:\/\/i0.wp.com\/wp.schuli.net\/wp-content\/uploads\/2016\/09\/2016-37-Miezekatzen4_0606.jpg?resize=700%2C400&ssl=1 2x"},"classes":[]},{"id":636,"url":"https:\/\/wp.schuli.net\/?p=636","url_meta":{"origin":620,"position":5},"title":"Schulis Schoggicake","author":"Marius Schuler","date":"Sun, 01.12.2013","format":false,"excerpt":"Auf Wunsch stelle ich gerne das Rezept meines Schoggicakes zur Verf\u00fcgung. Basis f\u00fcr meine Mega-Schoggi-Variante war ein Rezept im legend\u00e4ren Schulkochbuch \"Tiptopf\", wobei jedoch einige wesentliche Modifikationen meinerseits eingeflossen sind. :-) Nachstehend die Einkaufsliste und die Anleitung zur Zubereitung. - Viel Spass beim Backen und nat\u00fcrlich beim Geniessen. Einkaufsliste -\u2026","rel":"","context":"In &quot;Blog&quot;","block_context":{"text":"Blog","link":"https:\/\/wp.schuli.net\/?cat=16"},"img":{"alt_text":"","src":"https:\/\/i0.wp.com\/wp.schuli.net\/wp-content\/uploads\/2013\/02\/20130226-191831.jpg?fit=284%2C300&ssl=1&resize=350%2C200","width":350,"height":200},"classes":[]}],"_links":{"self":[{"href":"https:\/\/wp.schuli.net\/index.php?rest_route=\/wp\/v2\/posts\/620","targetHints":{"allow":["GET"]}}],"collection":[{"href":"https:\/\/wp.schuli.net\/index.php?rest_route=\/wp\/v2\/posts"}],"about":[{"href":"https:\/\/wp.schuli.net\/index.php?rest_route=\/wp\/v2\/types\/post"}],"author":[{"embeddable":true,"href":"https:\/\/wp.schuli.net\/index.php?rest_route=\/wp\/v2\/users\/1"}],"replies":[{"embeddable":true,"href":"https:\/\/wp.schuli.net\/index.php?rest_route=%2Fwp%2Fv2%2Fcomments&post=620"}],"version-history":[{"count":12,"href":"https:\/\/wp.schuli.net\/index.php?rest_route=\/wp\/v2\/posts\/620\/revisions"}],"predecessor-version":[{"id":628,"href":"https:\/\/wp.schuli.net\/index.php?rest_route=\/wp\/v2\/posts\/620\/revisions\/628"}],"wp:featuredmedia":[{"embeddable":true,"href":"https:\/\/wp.schuli.net\/index.php?rest_route=\/wp\/v2\/media\/1923"}],"wp:attachment":[{"href":"https:\/\/wp.schuli.net\/index.php?rest_route=%2Fwp%2Fv2%2Fmedia&parent=620"}],"wp:term":[{"taxonomy":"category","embeddable":true,"href":"https:\/\/wp.schuli.net\/index.php?rest_route=%2Fwp%2Fv2%2Fcategories&post=620"},{"taxonomy":"post_tag","embeddable":true,"href":"https:\/\/wp.schuli.net\/index.php?rest_route=%2Fwp%2Fv2%2Ftags&post=620"}],"curies":[{"name":"wp","href":"https:\/\/api.w.org\/{rel}","templated":true}]}}