{"id":579,"date":"2012-02-10T20:10:37","date_gmt":"2012-02-10T19:10:37","guid":{"rendered":"http:\/\/wp.schuli.net\/?p=579"},"modified":"2017-01-08T10:27:09","modified_gmt":"2017-01-08T09:27:09","slug":"wovon-hast-du-fruher-getraumt","status":"publish","type":"post","link":"https:\/\/wp.schuli.net\/?p=579","title":{"rendered":"Wovon hast Du fr\u00fcher getr\u00e4umt?"},"content":{"rendered":"<p>Im Harley-Davidson Prospekt steht:<br \/>\n<em>&#8220;Wovon haben Sie fr\u00fcher getr\u00e4umt?<br \/>\n&#8211; Mitglied im \u00f6rtlichen Golfclub zu werden?<br \/>\n&#8211; Den eigenen Rasen zu m\u00e4hen?<br \/>\n&#8211; Ein Hybrid-Auto zu fahren?<br \/>\n<strong>WOHL KAUM.<\/strong>&#8220;<\/em><br \/>\nHmm, so ein rau vibrierender Motorblock mit fetten Pneus, auf dem man in aufrechter Sitzposition dem Fahrtwind derart ausgesetzt ist, dass man sich am Lenker festhalten muss, weckt schon Tr\u00e4ume. \ud83d\ude09<\/p>\n<a href='https:\/\/wp.schuli.net\/gallery\/harley-davidson-2012\/' class='small-button smallblack' target=\"_blank\">Vollbild<\/a>\n<p><iframe loading=\"lazy\" src=\"gallery\/harley-davidson-2012\/index.html\" width=\"100%\" height=\"400\" scrolling=\"no\" align=\"center\"><\/iframe><\/p>\n","protected":false},"excerpt":{"rendered":"<p>Im Harley-Davidson Prospekt steht: &#8220;Wovon haben Sie fr\u00fcher getr\u00e4umt? &#8211; Mitglied im \u00f6rtlichen Golfclub zu werden? &#8211; Den eigenen Rasen zu m\u00e4hen? &#8211; Ein Hybrid-Auto zu fahren? WOHL KAUM.&#8220; Hmm, so ein rau vibrierender Motorblock mit fetten Pneus, auf dem man in aufrechter Sitzposition dem Fahrtwind derart ausgesetzt ist, dass man sich am Lenker festhalten [&hellip;]<\/p>\n","protected":false},"author":1,"featured_media":0,"comment_status":"open","ping_status":"open","sticky":false,"template":"","format":"standard","meta":{"_et_pb_use_builder":"","_et_pb_old_content":"","_et_gb_content_width":"","jetpack_post_was_ever_published":false,"_jetpack_newsletter_access":"","_jetpack_dont_email_post_to_subs":true,"_jetpack_newsletter_tier_id":0,"_jetpack_memberships_contains_paywalled_content":false,"_jetpack_memberships_contains_paid_content":false,"footnotes":"","jetpack_publicize_message":"","jetpack_publicize_feature_enabled":true,"jetpack_social_post_already_shared":false,"jetpack_social_options":{"image_generator_settings":{"template":"highway","default_image_id":0,"font":"","enabled":false},"version":2}},"categories":[16],"tags":[],"class_list":["post-579","post","type-post","status-publish","format-standard","hentry","category-blog","et-doesnt-have-format-content","et_post_format-et-post-format-standard"],"jetpack_publicize_connections":[],"jetpack_featured_media_url":"","jetpack_sharing_enabled":true,"jetpack_shortlink":"https:\/\/wp.me\/p23jlp-9l","jetpack-related-posts":[{"id":984,"url":"https:\/\/wp.schuli.net\/?p=984","url_meta":{"origin":579,"position":0},"title":"Skiing in beautiful Canada","author":"Marius Schuler","date":"Mon, 13.01.2014","format":false,"excerpt":"13.01.2014sm - Warum fliegen Schweizer zum Skifahren nach Kanada? - Diese Frage wurde uns verst\u00e4ndlicherweise auf der Reise immer wieder gestellt. :) Auch wenn einer der Beweggr\u00fcnde war, eine offene Rechnung aus dem 2010 abzuschliessen und auch noch Whistler zu befahren, sind andere Skigebiete oben auf der Liste der Empfehlungen\u2026","rel":"","context":"In &quot;Blog&quot;","block_context":{"text":"Blog","link":"https:\/\/wp.schuli.net\/?cat=16"},"img":{"alt_text":"","src":"https:\/\/i0.wp.com\/wp.schuli.net\/wp-content\/uploads\/2013\/12\/20131226-213742.jpg?fit=300%2C200&ssl=1&resize=350%2C200","width":350,"height":200},"classes":[]},{"id":961,"url":"https:\/\/wp.schuli.net\/?p=961","url_meta":{"origin":579,"position":1},"title":"Harley Taschenverst\u00e4rkung","author":"Marius Schuler","date":"Fri, 12.07.2013","format":false,"excerpt":"Hallihallo, endlich wieder mal ein Beitrag. :-) Nun, inzwischen haben wir so ein T\u00f6ffli der Marke Harley-Davidson im Einsatz und sehr viel Freude damit. Um ein paar Dinge wie Regenschutz (will ich allerdings gar nicht nutzen) mitf\u00fchren zu k\u00f6nnen, haben wir eine Schwingentasche aus Leder montiert. Wie sich nach einer\u2026","rel":"","context":"In &quot;Blog&quot;","block_context":{"text":"Blog","link":"https:\/\/wp.schuli.net\/?cat=16"},"img":{"alt_text":"","src":"https:\/\/i0.wp.com\/wp.schuli.net\/wp-content\/uploads\/2013\/07\/20130712-064103.jpg?fit=800%2C800&ssl=1&resize=350%2C200","width":350,"height":200,"srcset":"https:\/\/i0.wp.com\/wp.schuli.net\/wp-content\/uploads\/2013\/07\/20130712-064103.jpg?fit=800%2C800&ssl=1&resize=350%2C200 1x, https:\/\/i0.wp.com\/wp.schuli.net\/wp-content\/uploads\/2013\/07\/20130712-064103.jpg?fit=800%2C800&ssl=1&resize=525%2C300 1.5x, https:\/\/i0.wp.com\/wp.schuli.net\/wp-content\/uploads\/2013\/07\/20130712-064103.jpg?fit=800%2C800&ssl=1&resize=700%2C400 2x"},"classes":[]},{"id":507,"url":"https:\/\/wp.schuli.net\/?p=507","url_meta":{"origin":579,"position":2},"title":"Bern, Dezember, einige Fotoimpressionen","author":"Marius Schuler","date":"Wed, 28.12.2011","format":false,"excerpt":"Bern, an einem fr\u00fchen Morgen im Dezember. - Die Stadt erwacht, Menschen eilen zur Arbeit, andere bereiten sich auf's Weihnachtsgesch\u00e4ft vor. - Gute Gelegenheit, ein paar Stunden der Alltagshektik zu entfliehen und bei Aussichten auf einen sonnigen Tag, ein paar Eindr\u00fccke mit dem Fotoapparat einzufangen.","rel":"","context":"In &quot;Black &amp; White&quot;","block_context":{"text":"Black &amp; White","link":"https:\/\/wp.schuli.net\/?cat=9"},"img":{"alt_text":"","src":"https:\/\/i0.wp.com\/wp.schuli.net\/wp-content\/uploads\/2016\/08\/image-17.jpeg?fit=300%2C300&ssl=1&resize=350%2C200","width":350,"height":200},"classes":[]},{"id":1441,"url":"https:\/\/wp.schuli.net\/?p=1441","url_meta":{"origin":579,"position":3},"title":"2016-04: Spuren der Geschichte","author":"Marius Schuler","date":"Sun, 31.01.2016","format":false,"excerpt":" Schloss aus dem 11. Jahrhundert Auch wenn ich\u2026","rel":"","context":"In &quot;2016 - Schulis Weekly Picture Series&quot;","block_context":{"text":"2016 - Schulis Weekly Picture Series","link":"https:\/\/wp.schuli.net\/?cat=27"},"img":{"alt_text":"","src":"https:\/\/i0.wp.com\/wp.schuli.net\/wp-content\/uploads\/2016\/01\/image-10.jpeg?resize=350%2C200&ssl=1","width":350,"height":200,"srcset":"https:\/\/i0.wp.com\/wp.schuli.net\/wp-content\/uploads\/2016\/01\/image-10.jpeg?resize=350%2C200&ssl=1 1x, https:\/\/i0.wp.com\/wp.schuli.net\/wp-content\/uploads\/2016\/01\/image-10.jpeg?resize=525%2C300&ssl=1 1.5x, https:\/\/i0.wp.com\/wp.schuli.net\/wp-content\/uploads\/2016\/01\/image-10.jpeg?resize=700%2C400&ssl=1 2x"},"classes":[]},{"id":3309,"url":"https:\/\/wp.schuli.net\/?p=3309","url_meta":{"origin":579,"position":4},"title":"2017-42: Flug ZRH-JFK","author":"Marius Schuler","date":"Sun, 22.10.2017","format":false,"excerpt":" Unterwegs im Flugzeug von Z\u00fcrich nach New York City. Diese Blicke aus dem Fenster\u00a0sind ein erster Beitrag einer mehrteiligen Folge zu New York City (NYC).\u2026","rel":"","context":"In &quot;2017 - Schulis Weekly Picture Sessions&quot;","block_context":{"text":"2017 - Schulis Weekly Picture Sessions","link":"https:\/\/wp.schuli.net\/?cat=33"},"img":{"alt_text":"","src":"https:\/\/i0.wp.com\/wp.schuli.net\/wp-content\/uploads\/2017\/10\/17-42-Flug-ZRH-JFK2_529154741.128222.jpg?fit=1183%2C1200&ssl=1&resize=350%2C200","width":350,"height":200,"srcset":"https:\/\/i0.wp.com\/wp.schuli.net\/wp-content\/uploads\/2017\/10\/17-42-Flug-ZRH-JFK2_529154741.128222.jpg?fit=1183%2C1200&ssl=1&resize=350%2C200 1x, https:\/\/i0.wp.com\/wp.schuli.net\/wp-content\/uploads\/2017\/10\/17-42-Flug-ZRH-JFK2_529154741.128222.jpg?fit=1183%2C1200&ssl=1&resize=525%2C300 1.5x, https:\/\/i0.wp.com\/wp.schuli.net\/wp-content\/uploads\/2017\/10\/17-42-Flug-ZRH-JFK2_529154741.128222.jpg?fit=1183%2C1200&ssl=1&resize=700%2C400 2x, https:\/\/i0.wp.com\/wp.schuli.net\/wp-content\/uploads\/2017\/10\/17-42-Flug-ZRH-JFK2_529154741.128222.jpg?fit=1183%2C1200&ssl=1&resize=1050%2C600 3x"},"classes":[]},{"id":3003,"url":"https:\/\/wp.schuli.net\/?p=3003","url_meta":{"origin":579,"position":5},"title":"2017-17: BIRTHMACHINE by HR Giger","author":"Marius Schuler","date":"Sun, 30.04.2017","format":false,"excerpt":" In\u00a0Lebensgr\u00f6sse h\u00e4ngt diese\u00a0Skulptur \"BIRTHMACHINE\"\u00a0von Hans Ruedi Giger direkt neben dem Eingang zum HR Giger Museum in\u00a0Gruy\u00e8res. Wie viele seiner\u00a0Kunstwerke ist die Idee dazu etwas verr\u00fcckt\u2026","rel":"","context":"In &quot;2017 - Schulis Weekly Picture Sessions&quot;","block_context":{"text":"2017 - Schulis Weekly Picture Sessions","link":"https:\/\/wp.schuli.net\/?cat=33"},"img":{"alt_text":"","src":"https:\/\/i0.wp.com\/wp.schuli.net\/wp-content\/uploads\/2017\/04\/17-17-BIRTHMACHINE-by-HR-Giger_0896.jpg?fit=807%2C1200&ssl=1&resize=350%2C200","width":350,"height":200,"srcset":"https:\/\/i0.wp.com\/wp.schuli.net\/wp-content\/uploads\/2017\/04\/17-17-BIRTHMACHINE-by-HR-Giger_0896.jpg?fit=807%2C1200&ssl=1&resize=350%2C200 1x, https:\/\/i0.wp.com\/wp.schuli.net\/wp-content\/uploads\/2017\/04\/17-17-BIRTHMACHINE-by-HR-Giger_0896.jpg?fit=807%2C1200&ssl=1&resize=525%2C300 1.5x, https:\/\/i0.wp.com\/wp.schuli.net\/wp-content\/uploads\/2017\/04\/17-17-BIRTHMACHINE-by-HR-Giger_0896.jpg?fit=807%2C1200&ssl=1&resize=700%2C400 2x"},"classes":[]}],"_links":{"self":[{"href":"https:\/\/wp.schuli.net\/index.php?rest_route=\/wp\/v2\/posts\/579","targetHints":{"allow":["GET"]}}],"collection":[{"href":"https:\/\/wp.schuli.net\/index.php?rest_route=\/wp\/v2\/posts"}],"about":[{"href":"https:\/\/wp.schuli.net\/index.php?rest_route=\/wp\/v2\/types\/post"}],"author":[{"embeddable":true,"href":"https:\/\/wp.schuli.net\/index.php?rest_route=\/wp\/v2\/users\/1"}],"replies":[{"embeddable":true,"href":"https:\/\/wp.schuli.net\/index.php?rest_route=%2Fwp%2Fv2%2Fcomments&post=579"}],"version-history":[{"count":23,"href":"https:\/\/wp.schuli.net\/index.php?rest_route=\/wp\/v2\/posts\/579\/revisions"}],"predecessor-version":[{"id":2504,"href":"https:\/\/wp.schuli.net\/index.php?rest_route=\/wp\/v2\/posts\/579\/revisions\/2504"}],"wp:attachment":[{"href":"https:\/\/wp.schuli.net\/index.php?rest_route=%2Fwp%2Fv2%2Fmedia&parent=579"}],"wp:term":[{"taxonomy":"category","embeddable":true,"href":"https:\/\/wp.schuli.net\/index.php?rest_route=%2Fwp%2Fv2%2Fcategories&post=579"},{"taxonomy":"post_tag","embeddable":true,"href":"https:\/\/wp.schuli.net\/index.php?rest_route=%2Fwp%2Fv2%2Ftags&post=579"}],"curies":[{"name":"wp","href":"https:\/\/api.w.org\/{rel}","templated":true}]}}