{"id":493,"date":"2011-12-10T16:37:55","date_gmt":"2011-12-10T15:37:55","guid":{"rendered":"http:\/\/wp.schuli.net\/?p=493"},"modified":"2017-01-08T10:28:33","modified_gmt":"2017-01-08T09:28:33","slug":"thun-ar-schoene-gruene-aare-naa-farbzauber-an-einem-herbsttag","status":"publish","type":"post","link":"https:\/\/wp.schuli.net\/?p=493","title":{"rendered":"Thun ar schoene gruene Aare naa &#8211; Farbzauber an einem Herbsttag"},"content":{"rendered":"<p>Samstag, 12. November 2011. &#8211; Bei pr\u00e4chtigem Sonnenschein geniessen die Thuner warme Sonnenstrahlen an der knallgr\u00fcnen Aare in ihrer sch\u00f6nen Stadt. Der Winter l\u00e4sst noch auf sich warten und wen wundert&#8217;s &#8211; irgendwie ist&#8217;s bei diesen kraftvollen Farben allen recht, noch ein paar warme Tage zu geniessen, bevor die Faszination des Winters \u00fcber das Land zieht.<\/p>\n<p>Wer mag, kann unten ins Bild reinblicken und selber die Kontrolle \u00fcber die 360\u00b0 Rundumsicht \u00fcbernehmen.<\/p>\n<p><iframe loading=\"lazy\" src=\"vr-pano\/vr-thun-ar-schoene-gruene-aare-naa\/sm-inlinepano.htm\" width=\"100%\" height=\"400\" scrolling=\"no\" align=\"center\"><\/iframe><\/p>\n","protected":false},"excerpt":{"rendered":"<p>Samstag, 12. November 2011. &#8211; Bei pr\u00e4chtigem Sonnenschein geniessen die Thuner warme Sonnenstrahlen an der knallgr\u00fcnen Aare in ihrer sch\u00f6nen Stadt. Der Winter l\u00e4sst noch auf sich warten und wen wundert&#8217;s &#8211; irgendwie ist&#8217;s bei diesen kraftvollen Farben allen recht, noch ein paar warme Tage zu geniessen, bevor die Faszination des Winters \u00fcber das Land [&hellip;]<\/p>\n","protected":false},"author":1,"featured_media":530,"comment_status":"open","ping_status":"open","sticky":false,"template":"","format":"standard","meta":{"_et_pb_use_builder":"","_et_pb_old_content":"","_et_gb_content_width":"","jetpack_post_was_ever_published":false,"_jetpack_newsletter_access":"","_jetpack_dont_email_post_to_subs":true,"_jetpack_newsletter_tier_id":0,"_jetpack_memberships_contains_paywalled_content":false,"_jetpack_memberships_contains_paid_content":false,"footnotes":"","jetpack_publicize_message":"","jetpack_publicize_feature_enabled":true,"jetpack_social_post_already_shared":false,"jetpack_social_options":{"image_generator_settings":{"template":"highway","default_image_id":0,"font":"","enabled":false},"version":2}},"categories":[16,19,7],"tags":[],"class_list":["post-493","post","type-post","status-publish","format-standard","has-post-thumbnail","hentry","category-blog","category-city-impressions","category-panorama","et-has-post-format-content","et_post_format-et-post-format-standard"],"jetpack_publicize_connections":[],"jetpack_featured_media_url":"https:\/\/i0.wp.com\/wp.schuli.net\/wp-content\/uploads\/2011\/12\/wpid529-111112_sm1D3_0353-424-pano_ef4_lr-p2vr_equi_equi31_0_0.jpg?fit=800%2C373&ssl=1","jetpack_sharing_enabled":true,"jetpack_shortlink":"https:\/\/wp.me\/p23jlp-7X","jetpack-related-posts":[{"id":405,"url":"https:\/\/wp.schuli.net\/?p=405","url_meta":{"origin":493,"position":0},"title":"Sunset at 25\u00b0C below zero","author":"Marius Schuler","date":"Sun, 20.11.2011","format":false,"excerpt":"Nach stundenlanger Fahrt mit dem Schneemobil bei Temperaturen bis zu 32\u00b0 Celsius unter Null, gelangten wir im sch\u00f6nen und verschneiten hohen Norden Europas in der N\u00e4he von \u00c4k\u00e4slompolo (Finnland) auf einen H\u00fcgel, von wo wir bei angenehmen -25\u00b0C den Sonnenuntergang geniessen konnten. Wer mag, kann unten ins Bild reinblicken und\u2026","rel":"","context":"In &quot;Blog&quot;","block_context":{"text":"Blog","link":"https:\/\/wp.schuli.net\/?cat=16"},"img":{"alt_text":"","src":"https:\/\/i0.wp.com\/wp.schuli.net\/wp-content\/uploads\/2011\/11\/wpid398-110210_sm1D3_8869-92-pano.jpg?fit=800%2C200&ssl=1&resize=350%2C200","width":350,"height":200,"srcset":"https:\/\/i0.wp.com\/wp.schuli.net\/wp-content\/uploads\/2011\/11\/wpid398-110210_sm1D3_8869-92-pano.jpg?fit=800%2C200&ssl=1&resize=350%2C200 1x, https:\/\/i0.wp.com\/wp.schuli.net\/wp-content\/uploads\/2011\/11\/wpid398-110210_sm1D3_8869-92-pano.jpg?fit=800%2C200&ssl=1&resize=525%2C300 1.5x, https:\/\/i0.wp.com\/wp.schuli.net\/wp-content\/uploads\/2011\/11\/wpid398-110210_sm1D3_8869-92-pano.jpg?fit=800%2C200&ssl=1&resize=700%2C400 2x"},"classes":[]},{"id":984,"url":"https:\/\/wp.schuli.net\/?p=984","url_meta":{"origin":493,"position":1},"title":"Skiing in beautiful Canada","author":"Marius Schuler","date":"Mon, 13.01.2014","format":false,"excerpt":"13.01.2014sm - Warum fliegen Schweizer zum Skifahren nach Kanada? - Diese Frage wurde uns verst\u00e4ndlicherweise auf der Reise immer wieder gestellt. :) Auch wenn einer der Beweggr\u00fcnde war, eine offene Rechnung aus dem 2010 abzuschliessen und auch noch Whistler zu befahren, sind andere Skigebiete oben auf der Liste der Empfehlungen\u2026","rel":"","context":"In &quot;Blog&quot;","block_context":{"text":"Blog","link":"https:\/\/wp.schuli.net\/?cat=16"},"img":{"alt_text":"","src":"https:\/\/i0.wp.com\/wp.schuli.net\/wp-content\/uploads\/2013\/12\/20131226-213742.jpg?fit=300%2C200&ssl=1&resize=350%2C200","width":350,"height":200},"classes":[]},{"id":1507,"url":"https:\/\/wp.schuli.net\/?p=1507","url_meta":{"origin":493,"position":2},"title":"2016-07: Winterlandschaft","author":"Marius Schuler","date":"Sun, 21.02.2016","format":false,"excerpt":"[et_pb_row admin_label=\"Row\" make_fullwidth=\"off\" use_custom_width=\"on\" width_unit=\"on\" custom_width_px=\"1000px\" use_custom_gutter=\"off\" allow_player_pause=\"off\" parallax=\"off\" parallax_method=\"off\"\u2026","rel":"","context":"In &quot;2016 - Schulis Weekly Picture Series&quot;","block_context":{"text":"2016 - Schulis Weekly Picture Series","link":"https:\/\/wp.schuli.net\/?cat=27"},"img":{"alt_text":"","src":"https:\/\/i0.wp.com\/wp.schuli.net\/wp-content\/uploads\/2016\/02\/160221_smQ116_0609-SE2.jpg?resize=350%2C200&ssl=1","width":350,"height":200,"srcset":"https:\/\/i0.wp.com\/wp.schuli.net\/wp-content\/uploads\/2016\/02\/160221_smQ116_0609-SE2.jpg?resize=350%2C200&ssl=1 1x, https:\/\/i0.wp.com\/wp.schuli.net\/wp-content\/uploads\/2016\/02\/160221_smQ116_0609-SE2.jpg?resize=525%2C300&ssl=1 1.5x, https:\/\/i0.wp.com\/wp.schuli.net\/wp-content\/uploads\/2016\/02\/160221_smQ116_0609-SE2.jpg?resize=700%2C400&ssl=1 2x"},"classes":[]},{"id":636,"url":"https:\/\/wp.schuli.net\/?p=636","url_meta":{"origin":493,"position":3},"title":"Schulis Schoggicake","author":"Marius Schuler","date":"Sun, 01.12.2013","format":false,"excerpt":"Auf Wunsch stelle ich gerne das Rezept meines Schoggicakes zur Verf\u00fcgung. Basis f\u00fcr meine Mega-Schoggi-Variante war ein Rezept im legend\u00e4ren Schulkochbuch \"Tiptopf\", wobei jedoch einige wesentliche Modifikationen meinerseits eingeflossen sind. :-) Nachstehend die Einkaufsliste und die Anleitung zur Zubereitung. - Viel Spass beim Backen und nat\u00fcrlich beim Geniessen. Einkaufsliste -\u2026","rel":"","context":"In &quot;Blog&quot;","block_context":{"text":"Blog","link":"https:\/\/wp.schuli.net\/?cat=16"},"img":{"alt_text":"","src":"https:\/\/i0.wp.com\/wp.schuli.net\/wp-content\/uploads\/2013\/02\/20130226-191831.jpg?fit=284%2C300&ssl=1&resize=350%2C200","width":350,"height":200},"classes":[]},{"id":1578,"url":"https:\/\/wp.schuli.net\/?p=1578","url_meta":{"origin":493,"position":4},"title":"2016-11: Details","author":"Marius Schuler","date":"Sun, 20.03.2016","format":false,"excerpt":" Der Fr\u00fchling tritt in Konkurrenz mit dem Winter. Einige\u00a0nehmen Fr\u00fchlingsaktivit\u00e4ten in Fokus, w\u00e4hrend andere noch den Pulverschnee in den Bergen geniessen.\u00a0Auf den Strassen beginnen die tief-tourigen Motoren zu brummen und Liebhaber bekommen erste Gelegenheiten, im Sonnenlicht gl\u00e4nzende von Menschenhand erschaffene\u2026","rel":"","context":"In &quot;2016 - Schulis Weekly Picture Series&quot;","block_context":{"text":"2016 - Schulis Weekly Picture Series","link":"https:\/\/wp.schuli.net\/?cat=27"},"img":{"alt_text":"","src":"https:\/\/i0.wp.com\/wp.schuli.net\/wp-content\/uploads\/2016\/03\/160319_smQ116_0928-FeatureBild.jpg?fit=300%2C300&ssl=1&resize=350%2C200","width":350,"height":200},"classes":[]},{"id":3056,"url":"https:\/\/wp.schuli.net\/?p=3056","url_meta":{"origin":493,"position":5},"title":"2017-22: Enjoying the sunset","author":"Marius Schuler","date":"Sun, 04.06.2017","format":false,"excerpt":"","rel":"","context":"In &quot;2017 - Schulis Weekly Picture Sessions&quot;","block_context":{"text":"2017 - Schulis Weekly Picture Sessions","link":"https:\/\/wp.schuli.net\/?cat=33"},"img":{"alt_text":"","src":"https:\/\/i0.wp.com\/wp.schuli.net\/wp-content\/uploads\/2017\/06\/17-22-Enjoying-the-sunset1_3560.jpg?fit=901%2C1200&ssl=1&resize=350%2C200","width":350,"height":200,"srcset":"https:\/\/i0.wp.com\/wp.schuli.net\/wp-content\/uploads\/2017\/06\/17-22-Enjoying-the-sunset1_3560.jpg?fit=901%2C1200&ssl=1&resize=350%2C200 1x, https:\/\/i0.wp.com\/wp.schuli.net\/wp-content\/uploads\/2017\/06\/17-22-Enjoying-the-sunset1_3560.jpg?fit=901%2C1200&ssl=1&resize=525%2C300 1.5x, https:\/\/i0.wp.com\/wp.schuli.net\/wp-content\/uploads\/2017\/06\/17-22-Enjoying-the-sunset1_3560.jpg?fit=901%2C1200&ssl=1&resize=700%2C400 2x"},"classes":[]}],"_links":{"self":[{"href":"https:\/\/wp.schuli.net\/index.php?rest_route=\/wp\/v2\/posts\/493","targetHints":{"allow":["GET"]}}],"collection":[{"href":"https:\/\/wp.schuli.net\/index.php?rest_route=\/wp\/v2\/posts"}],"about":[{"href":"https:\/\/wp.schuli.net\/index.php?rest_route=\/wp\/v2\/types\/post"}],"author":[{"embeddable":true,"href":"https:\/\/wp.schuli.net\/index.php?rest_route=\/wp\/v2\/users\/1"}],"replies":[{"embeddable":true,"href":"https:\/\/wp.schuli.net\/index.php?rest_route=%2Fwp%2Fv2%2Fcomments&post=493"}],"version-history":[{"count":10,"href":"https:\/\/wp.schuli.net\/index.php?rest_route=\/wp\/v2\/posts\/493\/revisions"}],"predecessor-version":[{"id":2506,"href":"https:\/\/wp.schuli.net\/index.php?rest_route=\/wp\/v2\/posts\/493\/revisions\/2506"}],"wp:featuredmedia":[{"embeddable":true,"href":"https:\/\/wp.schuli.net\/index.php?rest_route=\/wp\/v2\/media\/530"}],"wp:attachment":[{"href":"https:\/\/wp.schuli.net\/index.php?rest_route=%2Fwp%2Fv2%2Fmedia&parent=493"}],"wp:term":[{"taxonomy":"category","embeddable":true,"href":"https:\/\/wp.schuli.net\/index.php?rest_route=%2Fwp%2Fv2%2Fcategories&post=493"},{"taxonomy":"post_tag","embeddable":true,"href":"https:\/\/wp.schuli.net\/index.php?rest_route=%2Fwp%2Fv2%2Ftags&post=493"}],"curies":[{"name":"wp","href":"https:\/\/api.w.org\/{rel}","templated":true}]}}