{"id":422,"date":"2011-12-01T22:22:50","date_gmt":"2011-12-01T21:22:50","guid":{"rendered":"http:\/\/wp.schuli.net\/?p=422"},"modified":"2017-01-08T16:38:16","modified_gmt":"2017-01-08T15:38:16","slug":"whisky-impressions-in-scotland","status":"publish","type":"post","link":"https:\/\/wp.schuli.net\/?p=422","title":{"rendered":"Whisky impressions in Scotland"},"content":{"rendered":"<p>W\u00e4hrend unserer Reise im 2010 durch das mystische Schottland, wurden wir hinter verriegelten T\u00fcren in die Geheimnisse der Whisky Produktion eingeweiht.<\/p>\n<p>Einige Impressionen zum Thema Whisky und dessen Produktionsst\u00e4tten. &#8211; Sl\u00e0inte mhath!<br \/>\n<a href='https:\/\/wp.schuli.net\/gallery\/whisky-impressions\/' class='small-button smallblack' target=\"_blank\">Vollbild<\/a><\/p>\n<p><iframe loading=\"lazy\" src=\"gallery\/whisky-impressions\/index.html\" width=\"100%\" height=\"400\" scrolling=\"no\" align=\"center\"><\/iframe><\/p>\n","protected":false},"excerpt":{"rendered":"<p>W\u00e4hrend unserer Reise im 2010 durch das mystische Schottland, wurden wir hinter verriegelten T\u00fcren in die Geheimnisse der Whisky Produktion eingeweiht. Einige Impressionen zum Thema Whisky und dessen Produktionsst\u00e4tten. &#8211; Sl\u00e0inte mhath!<\/p>\n","protected":false},"author":1,"featured_media":2554,"comment_status":"open","ping_status":"open","sticky":false,"template":"","format":"standard","meta":{"_et_pb_use_builder":"","_et_pb_old_content":"","_et_gb_content_width":"","jetpack_post_was_ever_published":false,"_jetpack_newsletter_access":"","_jetpack_dont_email_post_to_subs":true,"_jetpack_newsletter_tier_id":0,"_jetpack_memberships_contains_paywalled_content":false,"_jetpack_memberships_contains_paid_content":false,"footnotes":"","jetpack_publicize_message":"","jetpack_publicize_feature_enabled":true,"jetpack_social_post_already_shared":false,"jetpack_social_options":{"image_generator_settings":{"template":"highway","default_image_id":0,"font":"","enabled":false},"version":2}},"categories":[16,6],"tags":[],"class_list":["post-422","post","type-post","status-publish","format-standard","has-post-thumbnail","hentry","category-blog","category-gourmet-corner","et-has-post-format-content","et_post_format-et-post-format-standard"],"jetpack_publicize_connections":[],"jetpack_featured_media_url":"https:\/\/i0.wp.com\/wp.schuli.net\/wp-content\/uploads\/2011\/12\/100922_sm1D3_5821.jpg?fit=800%2C533&ssl=1","jetpack_sharing_enabled":true,"jetpack_shortlink":"https:\/\/wp.me\/p23jlp-6O","jetpack-related-posts":[{"id":3086,"url":"https:\/\/wp.schuli.net\/?p=3086","url_meta":{"origin":422,"position":0},"title":"2017-24: Gassen in Stockholm","author":"Marius Schuler","date":"Sun, 18.06.2017","format":false,"excerpt":"[et_pb_toggle admin_label=\"Toggle\" title=\"Hintergrund zum Bild\" open=\"off\"\u2026","rel":"","context":"In &quot;2017 - Schulis Weekly Picture Sessions&quot;","block_context":{"text":"2017 - Schulis Weekly Picture Sessions","link":"https:\/\/wp.schuli.net\/?cat=33"},"img":{"alt_text":"","src":"https:\/\/i0.wp.com\/wp.schuli.net\/wp-content\/uploads\/2017\/06\/17-24-Gassen-in-Stockholm2_9119-21.jpg?fit=807%2C1200&ssl=1&resize=350%2C200","width":350,"height":200,"srcset":"https:\/\/i0.wp.com\/wp.schuli.net\/wp-content\/uploads\/2017\/06\/17-24-Gassen-in-Stockholm2_9119-21.jpg?fit=807%2C1200&ssl=1&resize=350%2C200 1x, https:\/\/i0.wp.com\/wp.schuli.net\/wp-content\/uploads\/2017\/06\/17-24-Gassen-in-Stockholm2_9119-21.jpg?fit=807%2C1200&ssl=1&resize=525%2C300 1.5x, https:\/\/i0.wp.com\/wp.schuli.net\/wp-content\/uploads\/2017\/06\/17-24-Gassen-in-Stockholm2_9119-21.jpg?fit=807%2C1200&ssl=1&resize=700%2C400 2x"},"classes":[]},{"id":2865,"url":"https:\/\/wp.schuli.net\/?p=2865","url_meta":{"origin":422,"position":1},"title":"2017-12: Erlebnis Venedig","author":"Marius Schuler","date":"Sun, 26.03.2017","format":false,"excerpt":"","rel":"","context":"In &quot;2017 - Schulis Weekly Picture Sessions&quot;","block_context":{"text":"2017 - Schulis Weekly Picture Sessions","link":"https:\/\/wp.schuli.net\/?cat=33"},"img":{"alt_text":"","src":"https:\/\/i0.wp.com\/wp.schuli.net\/wp-content\/uploads\/2017\/03\/17-12-Erlebnis-Venezia2_0497.jpg?fit=807%2C1200&ssl=1&resize=350%2C200","width":350,"height":200,"srcset":"https:\/\/i0.wp.com\/wp.schuli.net\/wp-content\/uploads\/2017\/03\/17-12-Erlebnis-Venezia2_0497.jpg?fit=807%2C1200&ssl=1&resize=350%2C200 1x, https:\/\/i0.wp.com\/wp.schuli.net\/wp-content\/uploads\/2017\/03\/17-12-Erlebnis-Venezia2_0497.jpg?fit=807%2C1200&ssl=1&resize=525%2C300 1.5x, https:\/\/i0.wp.com\/wp.schuli.net\/wp-content\/uploads\/2017\/03\/17-12-Erlebnis-Venezia2_0497.jpg?fit=807%2C1200&ssl=1&resize=700%2C400 2x"},"classes":[]},{"id":3441,"url":"https:\/\/wp.schuli.net\/?p=3441","url_meta":{"origin":422,"position":2},"title":"2017-52: NYC Sightseeing","author":"Marius Schuler","date":"Mon, 01.01.2018","format":false,"excerpt":"[et_pb_row admin_label=\"Row\" make_fullwidth=\"off\"\u2026","rel":"","context":"In &quot;2017 - Schulis Weekly Picture Sessions&quot;","block_context":{"text":"2017 - Schulis Weekly Picture Sessions","link":"https:\/\/wp.schuli.net\/?cat=33"},"img":{"alt_text":"","src":"https:\/\/i0.wp.com\/wp.schuli.net\/wp-content\/uploads\/2018\/01\/17-52-NYC-Sightseeing_0688-97.jpg?fit=1200%2C532&ssl=1&resize=350%2C200","width":350,"height":200,"srcset":"https:\/\/i0.wp.com\/wp.schuli.net\/wp-content\/uploads\/2018\/01\/17-52-NYC-Sightseeing_0688-97.jpg?fit=1200%2C532&ssl=1&resize=350%2C200 1x, https:\/\/i0.wp.com\/wp.schuli.net\/wp-content\/uploads\/2018\/01\/17-52-NYC-Sightseeing_0688-97.jpg?fit=1200%2C532&ssl=1&resize=525%2C300 1.5x, https:\/\/i0.wp.com\/wp.schuli.net\/wp-content\/uploads\/2018\/01\/17-52-NYC-Sightseeing_0688-97.jpg?fit=1200%2C532&ssl=1&resize=700%2C400 2x, https:\/\/i0.wp.com\/wp.schuli.net\/wp-content\/uploads\/2018\/01\/17-52-NYC-Sightseeing_0688-97.jpg?fit=1200%2C532&ssl=1&resize=1050%2C600 3x"},"classes":[]},{"id":3309,"url":"https:\/\/wp.schuli.net\/?p=3309","url_meta":{"origin":422,"position":3},"title":"2017-42: Flug ZRH-JFK","author":"Marius Schuler","date":"Sun, 22.10.2017","format":false,"excerpt":" Unterwegs im Flugzeug von Z\u00fcrich nach New York City. Diese Blicke aus dem Fenster\u00a0sind ein erster Beitrag einer mehrteiligen Folge zu New York City (NYC).\u2026","rel":"","context":"In &quot;2017 - Schulis Weekly Picture Sessions&quot;","block_context":{"text":"2017 - Schulis Weekly Picture Sessions","link":"https:\/\/wp.schuli.net\/?cat=33"},"img":{"alt_text":"","src":"https:\/\/i0.wp.com\/wp.schuli.net\/wp-content\/uploads\/2017\/10\/17-42-Flug-ZRH-JFK2_529154741.128222.jpg?fit=1183%2C1200&ssl=1&resize=350%2C200","width":350,"height":200,"srcset":"https:\/\/i0.wp.com\/wp.schuli.net\/wp-content\/uploads\/2017\/10\/17-42-Flug-ZRH-JFK2_529154741.128222.jpg?fit=1183%2C1200&ssl=1&resize=350%2C200 1x, https:\/\/i0.wp.com\/wp.schuli.net\/wp-content\/uploads\/2017\/10\/17-42-Flug-ZRH-JFK2_529154741.128222.jpg?fit=1183%2C1200&ssl=1&resize=525%2C300 1.5x, https:\/\/i0.wp.com\/wp.schuli.net\/wp-content\/uploads\/2017\/10\/17-42-Flug-ZRH-JFK2_529154741.128222.jpg?fit=1183%2C1200&ssl=1&resize=700%2C400 2x, https:\/\/i0.wp.com\/wp.schuli.net\/wp-content\/uploads\/2017\/10\/17-42-Flug-ZRH-JFK2_529154741.128222.jpg?fit=1183%2C1200&ssl=1&resize=1050%2C600 3x"},"classes":[]},{"id":3344,"url":"https:\/\/wp.schuli.net\/?p=3344","url_meta":{"origin":422,"position":4},"title":"2017-44: NYC Snapshots","author":"Marius Schuler","date":"Sun, 05.11.2017","format":false,"excerpt":" \u00a0 Viel zu Fuss gehen, Subway fahren, Museen besuchen, Gr\u00f6sse der Geb\u00e4ude und Stadt bestaunen und sich nicht \u00fcberfahren lassen. ;-) Hier ein paar New\u2026","rel":"","context":"In &quot;2017 - Schulis Weekly Picture Sessions&quot;","block_context":{"text":"2017 - Schulis Weekly Picture Sessions","link":"https:\/\/wp.schuli.net\/?cat=33"},"img":{"alt_text":"","src":"https:\/\/i0.wp.com\/wp.schuli.net\/wp-content\/uploads\/2017\/10\/17-44-NYC-Snapshots2_529444316185007.jpg?fit=1183%2C1200&ssl=1&resize=350%2C200","width":350,"height":200,"srcset":"https:\/\/i0.wp.com\/wp.schuli.net\/wp-content\/uploads\/2017\/10\/17-44-NYC-Snapshots2_529444316185007.jpg?fit=1183%2C1200&ssl=1&resize=350%2C200 1x, https:\/\/i0.wp.com\/wp.schuli.net\/wp-content\/uploads\/2017\/10\/17-44-NYC-Snapshots2_529444316185007.jpg?fit=1183%2C1200&ssl=1&resize=525%2C300 1.5x, https:\/\/i0.wp.com\/wp.schuli.net\/wp-content\/uploads\/2017\/10\/17-44-NYC-Snapshots2_529444316185007.jpg?fit=1183%2C1200&ssl=1&resize=700%2C400 2x, https:\/\/i0.wp.com\/wp.schuli.net\/wp-content\/uploads\/2017\/10\/17-44-NYC-Snapshots2_529444316185007.jpg?fit=1183%2C1200&ssl=1&resize=1050%2C600 3x"},"classes":[]},{"id":507,"url":"https:\/\/wp.schuli.net\/?p=507","url_meta":{"origin":422,"position":5},"title":"Bern, Dezember, einige Fotoimpressionen","author":"Marius Schuler","date":"Wed, 28.12.2011","format":false,"excerpt":"Bern, an einem fr\u00fchen Morgen im Dezember. - Die Stadt erwacht, Menschen eilen zur Arbeit, andere bereiten sich auf's Weihnachtsgesch\u00e4ft vor. - Gute Gelegenheit, ein paar Stunden der Alltagshektik zu entfliehen und bei Aussichten auf einen sonnigen Tag, ein paar Eindr\u00fccke mit dem Fotoapparat einzufangen.","rel":"","context":"In &quot;Black &amp; White&quot;","block_context":{"text":"Black &amp; White","link":"https:\/\/wp.schuli.net\/?cat=9"},"img":{"alt_text":"","src":"https:\/\/i0.wp.com\/wp.schuli.net\/wp-content\/uploads\/2016\/08\/image-17.jpeg?fit=300%2C300&ssl=1&resize=350%2C200","width":350,"height":200},"classes":[]}],"_links":{"self":[{"href":"https:\/\/wp.schuli.net\/index.php?rest_route=\/wp\/v2\/posts\/422","targetHints":{"allow":["GET"]}}],"collection":[{"href":"https:\/\/wp.schuli.net\/index.php?rest_route=\/wp\/v2\/posts"}],"about":[{"href":"https:\/\/wp.schuli.net\/index.php?rest_route=\/wp\/v2\/types\/post"}],"author":[{"embeddable":true,"href":"https:\/\/wp.schuli.net\/index.php?rest_route=\/wp\/v2\/users\/1"}],"replies":[{"embeddable":true,"href":"https:\/\/wp.schuli.net\/index.php?rest_route=%2Fwp%2Fv2%2Fcomments&post=422"}],"version-history":[{"count":25,"href":"https:\/\/wp.schuli.net\/index.php?rest_route=\/wp\/v2\/posts\/422\/revisions"}],"predecessor-version":[{"id":2508,"href":"https:\/\/wp.schuli.net\/index.php?rest_route=\/wp\/v2\/posts\/422\/revisions\/2508"}],"wp:featuredmedia":[{"embeddable":true,"href":"https:\/\/wp.schuli.net\/index.php?rest_route=\/wp\/v2\/media\/2554"}],"wp:attachment":[{"href":"https:\/\/wp.schuli.net\/index.php?rest_route=%2Fwp%2Fv2%2Fmedia&parent=422"}],"wp:term":[{"taxonomy":"category","embeddable":true,"href":"https:\/\/wp.schuli.net\/index.php?rest_route=%2Fwp%2Fv2%2Fcategories&post=422"},{"taxonomy":"post_tag","embeddable":true,"href":"https:\/\/wp.schuli.net\/index.php?rest_route=%2Fwp%2Fv2%2Ftags&post=422"}],"curies":[{"name":"wp","href":"https:\/\/api.w.org\/{rel}","templated":true}]}}