{"id":405,"date":"2011-11-20T13:10:16","date_gmt":"2011-11-20T12:10:16","guid":{"rendered":"http:\/\/wp.schuli.net\/?p=405"},"modified":"2017-01-08T10:31:33","modified_gmt":"2017-01-08T09:31:33","slug":"sunset-at-25%c2%b0c-below-zero","status":"publish","type":"post","link":"https:\/\/wp.schuli.net\/?p=405","title":{"rendered":"Sunset at 25\u00b0C below zero"},"content":{"rendered":"<p>Nach stundenlanger Fahrt mit dem Schneemobil bei Temperaturen bis zu 32\u00b0 Celsius unter Null, gelangten wir im sch\u00f6nen und verschneiten hohen Norden Europas in der N\u00e4he von \u00c4k\u00e4slompolo (Finnland) auf einen H\u00fcgel, von wo wir bei angenehmen -25\u00b0C den Sonnenuntergang geniessen konnten.<\/p>\n<p>Wer mag, kann unten ins Bild reinblicken und selber die Kontrolle \u00fcber die 360\u00b0 Rundumsicht \u00fcbernehmen.<\/p>\n<p><iframe loading=\"lazy\" src=\"vr-pano\/vr-sunset-at-25C-below-zero\/sm-inlinepano.htm\" width=\"100%\" height=\"400\" scrolling=\"no\" align=\"center\"><\/iframe><\/p>\n","protected":false},"excerpt":{"rendered":"<p>Nach stundenlanger Fahrt mit dem Schneemobil bei Temperaturen bis zu 32\u00b0 Celsius unter Null, gelangten wir im sch\u00f6nen und verschneiten hohen Norden Europas in der N\u00e4he von \u00c4k\u00e4slompolo (Finnland) auf einen H\u00fcgel, von wo wir bei angenehmen -25\u00b0C den Sonnenuntergang geniessen konnten. Wer mag, kann unten ins Bild reinblicken und selber die Kontrolle \u00fcber die [&hellip;]<\/p>\n","protected":false},"author":1,"featured_media":399,"comment_status":"open","ping_status":"open","sticky":false,"template":"","format":"standard","meta":{"_et_pb_use_builder":"","_et_pb_old_content":"","_et_gb_content_width":"","jetpack_post_was_ever_published":false,"_jetpack_newsletter_access":"","_jetpack_dont_email_post_to_subs":true,"_jetpack_newsletter_tier_id":0,"_jetpack_memberships_contains_paywalled_content":false,"_jetpack_memberships_contains_paid_content":false,"footnotes":"","jetpack_publicize_message":"","jetpack_publicize_feature_enabled":true,"jetpack_social_post_already_shared":false,"jetpack_social_options":{"image_generator_settings":{"template":"highway","default_image_id":0,"font":"","enabled":false},"version":2}},"categories":[16,4,7],"tags":[],"class_list":["post-405","post","type-post","status-publish","format-standard","has-post-thumbnail","hentry","category-blog","category-landscape","category-panorama","et-has-post-format-content","et_post_format-et-post-format-standard"],"jetpack_publicize_connections":[],"jetpack_featured_media_url":"https:\/\/i0.wp.com\/wp.schuli.net\/wp-content\/uploads\/2011\/11\/wpid398-110210_sm1D3_8869-92-pano.jpg?fit=800%2C200&ssl=1","jetpack_sharing_enabled":true,"jetpack_shortlink":"https:\/\/wp.me\/p23jlp-6x","jetpack-related-posts":[{"id":984,"url":"https:\/\/wp.schuli.net\/?p=984","url_meta":{"origin":405,"position":0},"title":"Skiing in beautiful Canada","author":"Marius Schuler","date":"Mon, 13.01.2014","format":false,"excerpt":"13.01.2014sm - Warum fliegen Schweizer zum Skifahren nach Kanada? - Diese Frage wurde uns verst\u00e4ndlicherweise auf der Reise immer wieder gestellt. :) Auch wenn einer der Beweggr\u00fcnde war, eine offene Rechnung aus dem 2010 abzuschliessen und auch noch Whistler zu befahren, sind andere Skigebiete oben auf der Liste der Empfehlungen\u2026","rel":"","context":"In &quot;Blog&quot;","block_context":{"text":"Blog","link":"https:\/\/wp.schuli.net\/?cat=16"},"img":{"alt_text":"","src":"https:\/\/i0.wp.com\/wp.schuli.net\/wp-content\/uploads\/2013\/12\/20131226-213742.jpg?fit=300%2C200&ssl=1&resize=350%2C200","width":350,"height":200},"classes":[]},{"id":2186,"url":"https:\/\/wp.schuli.net\/?p=2186","url_meta":{"origin":405,"position":1},"title":"2016-52: Gesundes neues Jahr","author":"Marius Schuler","date":"Sat, 31.12.2016","format":false,"excerpt":" W\u00e4hrend die einen Silvester bei Party und Festessen verbringen, sehen die Perspektiven von Patienten im Spital\u00a0etwas anders aus. Hier ein paar Impressionen eines Spitalbesuches am letzten Tag des Jahres 2016. - Bei dieser Gelegenheit w\u00fcnsche ich euch allen viel Freude,\u2026","rel":"","context":"In &quot;2016 - Schulis Weekly Picture Series&quot;","block_context":{"text":"2016 - Schulis Weekly Picture Series","link":"https:\/\/wp.schuli.net\/?cat=27"},"img":{"alt_text":"","src":"https:\/\/i0.wp.com\/wp.schuli.net\/wp-content\/uploads\/2016\/12\/2016-52-Gesundes-neues-Jahr4_0112.jpg?resize=350%2C200&ssl=1","width":350,"height":200,"srcset":"https:\/\/i0.wp.com\/wp.schuli.net\/wp-content\/uploads\/2016\/12\/2016-52-Gesundes-neues-Jahr4_0112.jpg?resize=350%2C200&ssl=1 1x, https:\/\/i0.wp.com\/wp.schuli.net\/wp-content\/uploads\/2016\/12\/2016-52-Gesundes-neues-Jahr4_0112.jpg?resize=525%2C300&ssl=1 1.5x, https:\/\/i0.wp.com\/wp.schuli.net\/wp-content\/uploads\/2016\/12\/2016-52-Gesundes-neues-Jahr4_0112.jpg?resize=700%2C400&ssl=1 2x"},"classes":[]},{"id":3012,"url":"https:\/\/wp.schuli.net\/?p=3012","url_meta":{"origin":405,"position":2},"title":"2017-18: Sonnentupfer auf 2&#8217;362m \u00fc.M.","author":"Marius Schuler","date":"Sun, 07.05.2017","format":false,"excerpt":"[et_pb_toggle admin_label=\"Toggle\" title=\"Hintergrund zum Bild\" open=\"off\" use_border_color=\"off\"\u2026","rel":"","context":"In &quot;2017 - Schulis Weekly Picture Sessions&quot;","block_context":{"text":"2017 - Schulis Weekly Picture Sessions","link":"https:\/\/wp.schuli.net\/?cat=33"},"img":{"alt_text":"","src":"https:\/\/i0.wp.com\/wp.schuli.net\/wp-content\/uploads\/2017\/05\/2017-KW18-Sonnentupfer-auf-2362m2_0860.jpg?fit=1200%2C836&ssl=1&resize=350%2C200","width":350,"height":200,"srcset":"https:\/\/i0.wp.com\/wp.schuli.net\/wp-content\/uploads\/2017\/05\/2017-KW18-Sonnentupfer-auf-2362m2_0860.jpg?fit=1200%2C836&ssl=1&resize=350%2C200 1x, https:\/\/i0.wp.com\/wp.schuli.net\/wp-content\/uploads\/2017\/05\/2017-KW18-Sonnentupfer-auf-2362m2_0860.jpg?fit=1200%2C836&ssl=1&resize=525%2C300 1.5x, https:\/\/i0.wp.com\/wp.schuli.net\/wp-content\/uploads\/2017\/05\/2017-KW18-Sonnentupfer-auf-2362m2_0860.jpg?fit=1200%2C836&ssl=1&resize=700%2C400 2x, https:\/\/i0.wp.com\/wp.schuli.net\/wp-content\/uploads\/2017\/05\/2017-KW18-Sonnentupfer-auf-2362m2_0860.jpg?fit=1200%2C836&ssl=1&resize=1050%2C600 3x"},"classes":[]},{"id":1950,"url":"https:\/\/wp.schuli.net\/?p=1950","url_meta":{"origin":405,"position":3},"title":"2016-36: European Bikeweek","author":"Marius Schuler","date":"Mon, 12.09.2016","format":false,"excerpt":" Die European Bikeweek am Faaker See im sch\u00f6nen \u00f6sterreichischen K\u00e4rnten ist allj\u00e4hrlich DER\u00a0Motorrad-Event in Europa.\u00a0\u00dcber 70'000 Maschinen und 100'000 Menschen treffen sich da um\u00a0ein paar sch\u00f6ne Tage zu verbringen. Bei all den wunder- und sonderbaren Impressionen, ist die Selektion von\u2026","rel":"","context":"In &quot;2016 - Schulis Weekly Picture Series&quot;","block_context":{"text":"2016 - Schulis Weekly Picture Series","link":"https:\/\/wp.schuli.net\/?cat=27"},"img":{"alt_text":"","src":"https:\/\/i0.wp.com\/wp.schuli.net\/wp-content\/uploads\/2016\/09\/36-EuropeanBikeweek4_0534.jpg?resize=350%2C200&ssl=1","width":350,"height":200,"srcset":"https:\/\/i0.wp.com\/wp.schuli.net\/wp-content\/uploads\/2016\/09\/36-EuropeanBikeweek4_0534.jpg?resize=350%2C200&ssl=1 1x, https:\/\/i0.wp.com\/wp.schuli.net\/wp-content\/uploads\/2016\/09\/36-EuropeanBikeweek4_0534.jpg?resize=525%2C300&ssl=1 1.5x, https:\/\/i0.wp.com\/wp.schuli.net\/wp-content\/uploads\/2016\/09\/36-EuropeanBikeweek4_0534.jpg?resize=700%2C400&ssl=1 2x"},"classes":[]},{"id":3258,"url":"https:\/\/wp.schuli.net\/?p=3258","url_meta":{"origin":405,"position":4},"title":"2017-40: Fulehung","author":"Marius Schuler","date":"Sun, 08.10.2017","format":false,"excerpt":" Der Fulehung, der Legende nach handelt es sich dabei um den Hofnarren von Karl dem K\u00fchnen, jagt am j\u00e4hrlichen Thuner Volksfest \"Ausschiesset\" durch die Gassen\u2026","rel":"","context":"In &quot;2017 - Schulis Weekly Picture Sessions&quot;","block_context":{"text":"2017 - Schulis Weekly Picture Sessions","link":"https:\/\/wp.schuli.net\/?cat=33"},"img":{"alt_text":"","src":"https:\/\/i0.wp.com\/wp.schuli.net\/wp-content\/uploads\/2017\/09\/17-40-Fulehung6_0327.jpg?fit=1200%2C836&ssl=1&resize=350%2C200","width":350,"height":200,"srcset":"https:\/\/i0.wp.com\/wp.schuli.net\/wp-content\/uploads\/2017\/09\/17-40-Fulehung6_0327.jpg?fit=1200%2C836&ssl=1&resize=350%2C200 1x, https:\/\/i0.wp.com\/wp.schuli.net\/wp-content\/uploads\/2017\/09\/17-40-Fulehung6_0327.jpg?fit=1200%2C836&ssl=1&resize=525%2C300 1.5x, https:\/\/i0.wp.com\/wp.schuli.net\/wp-content\/uploads\/2017\/09\/17-40-Fulehung6_0327.jpg?fit=1200%2C836&ssl=1&resize=700%2C400 2x, https:\/\/i0.wp.com\/wp.schuli.net\/wp-content\/uploads\/2017\/09\/17-40-Fulehung6_0327.jpg?fit=1200%2C836&ssl=1&resize=1050%2C600 3x"},"classes":[]},{"id":539,"url":"https:\/\/wp.schuli.net\/?p=539","url_meta":{"origin":405,"position":5},"title":"Farbenpracht in Schwarz und Weiss","author":"Marius Schuler","date":"Thu, 05.01.2012","format":false,"excerpt":"Millionen von Farben und eben so viele Ger\u00e4usche umgeben uns t\u00e4glich. Gewaltig viel Information, sodass grosses Ablenkungspotential besteht und wir dadurch manchmal das wesentliche aus den Augen verlieren. Deshalb wieder mal wie damals im Schwarz\/Weiss Fotolabor, die Farbenpracht in Graustufen \u00fcbersetzen und die Bilder in einer anderen Sprache sprechen lassen.\u2026","rel":"","context":"In &quot;Black &amp; White&quot;","block_context":{"text":"Black &amp; White","link":"https:\/\/wp.schuli.net\/?cat=9"},"img":{"alt_text":"","src":"https:\/\/i0.wp.com\/wp.schuli.net\/wp-content\/uploads\/2016\/08\/image-16.jpeg?fit=300%2C300&ssl=1&resize=350%2C200","width":350,"height":200},"classes":[]}],"_links":{"self":[{"href":"https:\/\/wp.schuli.net\/index.php?rest_route=\/wp\/v2\/posts\/405","targetHints":{"allow":["GET"]}}],"collection":[{"href":"https:\/\/wp.schuli.net\/index.php?rest_route=\/wp\/v2\/posts"}],"about":[{"href":"https:\/\/wp.schuli.net\/index.php?rest_route=\/wp\/v2\/types\/post"}],"author":[{"embeddable":true,"href":"https:\/\/wp.schuli.net\/index.php?rest_route=\/wp\/v2\/users\/1"}],"replies":[{"embeddable":true,"href":"https:\/\/wp.schuli.net\/index.php?rest_route=%2Fwp%2Fv2%2Fcomments&post=405"}],"version-history":[{"count":10,"href":"https:\/\/wp.schuli.net\/index.php?rest_route=\/wp\/v2\/posts\/405\/revisions"}],"predecessor-version":[{"id":2509,"href":"https:\/\/wp.schuli.net\/index.php?rest_route=\/wp\/v2\/posts\/405\/revisions\/2509"}],"wp:featuredmedia":[{"embeddable":true,"href":"https:\/\/wp.schuli.net\/index.php?rest_route=\/wp\/v2\/media\/399"}],"wp:attachment":[{"href":"https:\/\/wp.schuli.net\/index.php?rest_route=%2Fwp%2Fv2%2Fmedia&parent=405"}],"wp:term":[{"taxonomy":"category","embeddable":true,"href":"https:\/\/wp.schuli.net\/index.php?rest_route=%2Fwp%2Fv2%2Fcategories&post=405"},{"taxonomy":"post_tag","embeddable":true,"href":"https:\/\/wp.schuli.net\/index.php?rest_route=%2Fwp%2Fv2%2Ftags&post=405"}],"curies":[{"name":"wp","href":"https:\/\/api.w.org\/{rel}","templated":true}]}}