{"id":315,"date":"2011-11-19T08:26:08","date_gmt":"2011-11-19T07:26:08","guid":{"rendered":"http:\/\/wp.schuli.net\/?p=315"},"modified":"2017-01-08T10:32:27","modified_gmt":"2017-01-08T09:32:27","slug":"golden-leaves-in-thun-rundum-herbstzauber","status":"publish","type":"post","link":"https:\/\/wp.schuli.net\/?p=315","title":{"rendered":"Golden leaves in Thun &#8211; Rundum Herbstzauber"},"content":{"rendered":"<p>Goldene Farben, Licht und Schatten an einem sch\u00f6nen Herbsttag bei ausgelassener Stimmung in Thun.<\/p>\n<p>Wer mag, kann unten ins Bild reinblicken und selber die Kontrolle \u00fcber die 360\u00b0 Rundumsicht \u00fcbernehmen.<\/p>\n<p><iframe loading=\"lazy\" src=\"vr-pano\/vr-golden-leaves-thun\/sm-inlinepano.htm\" width=\"100%\" height=\"400\" scrolling=\"no\" align=\"center\"><\/iframe><\/p>\n","protected":false},"excerpt":{"rendered":"<p>Goldene Farben, Licht und Schatten an einem sch\u00f6nen Herbsttag bei ausgelassener Stimmung in Thun. Wer mag, kann unten ins Bild reinblicken und selber die Kontrolle \u00fcber die 360\u00b0 Rundumsicht \u00fcbernehmen.<\/p>\n","protected":false},"author":1,"featured_media":390,"comment_status":"open","ping_status":"open","sticky":false,"template":"","format":"standard","meta":{"_et_pb_use_builder":"","_et_pb_old_content":"","_et_gb_content_width":"","jetpack_post_was_ever_published":false,"_jetpack_newsletter_access":"","_jetpack_dont_email_post_to_subs":true,"_jetpack_newsletter_tier_id":0,"_jetpack_memberships_contains_paywalled_content":false,"_jetpack_memberships_contains_paid_content":false,"footnotes":"","jetpack_publicize_message":"","jetpack_publicize_feature_enabled":true,"jetpack_social_post_already_shared":false,"jetpack_social_options":{"image_generator_settings":{"template":"highway","default_image_id":0,"font":"","enabled":false},"version":2}},"categories":[16,7],"tags":[],"class_list":["post-315","post","type-post","status-publish","format-standard","has-post-thumbnail","hentry","category-blog","category-panorama","et-has-post-format-content","et_post_format-et-post-format-standard"],"jetpack_publicize_connections":[],"jetpack_featured_media_url":"https:\/\/i0.wp.com\/wp.schuli.net\/wp-content\/uploads\/2011\/11\/wpid389-111112_sm1D3_0433-504-pano_ef.jpg?fit=800%2C295&ssl=1","jetpack_sharing_enabled":true,"jetpack_shortlink":"https:\/\/wp.me\/p23jlp-55","jetpack-related-posts":[{"id":1565,"url":"https:\/\/wp.schuli.net\/?p=1565","url_meta":{"origin":315,"position":0},"title":"2016-10: Geisterstadt","author":"Marius Schuler","date":"Sun, 13.03.2016","format":false,"excerpt":"[et_pb_row admin_label=\"Row\"\u2026","rel":"","context":"In &quot;2016 - Schulis Weekly Picture Series&quot;","block_context":{"text":"2016 - Schulis Weekly Picture Series","link":"https:\/\/wp.schuli.net\/?cat=27"},"img":{"alt_text":"","src":"https:\/\/i0.wp.com\/wp.schuli.net\/wp-content\/uploads\/2016\/03\/160312_smQ116_0904-AEP2-Bewegung9-FeatureBild.jpg?fit=300%2C300&ssl=1&resize=350%2C200","width":350,"height":200},"classes":[]},{"id":2783,"url":"https:\/\/wp.schuli.net\/?p=2783","url_meta":{"origin":315,"position":1},"title":"2017-08: Thun by night","author":"Marius Schuler","date":"Sun, 26.02.2017","format":false,"excerpt":"","rel":"","context":"In &quot;2017 - Schulis Weekly Picture Sessions&quot;","block_context":{"text":"2017 - Schulis Weekly Picture Sessions","link":"https:\/\/wp.schuli.net\/?cat=33"},"img":{"alt_text":"","src":"https:\/\/i0.wp.com\/wp.schuli.net\/wp-content\/uploads\/2017\/02\/17-08-Thun-by-night1_0116-27.jpg?fit=1200%2C837&ssl=1&resize=350%2C200","width":350,"height":200,"srcset":"https:\/\/i0.wp.com\/wp.schuli.net\/wp-content\/uploads\/2017\/02\/17-08-Thun-by-night1_0116-27.jpg?fit=1200%2C837&ssl=1&resize=350%2C200 1x, https:\/\/i0.wp.com\/wp.schuli.net\/wp-content\/uploads\/2017\/02\/17-08-Thun-by-night1_0116-27.jpg?fit=1200%2C837&ssl=1&resize=525%2C300 1.5x, https:\/\/i0.wp.com\/wp.schuli.net\/wp-content\/uploads\/2017\/02\/17-08-Thun-by-night1_0116-27.jpg?fit=1200%2C837&ssl=1&resize=700%2C400 2x, https:\/\/i0.wp.com\/wp.schuli.net\/wp-content\/uploads\/2017\/02\/17-08-Thun-by-night1_0116-27.jpg?fit=1200%2C837&ssl=1&resize=1050%2C600 3x"},"classes":[]},{"id":493,"url":"https:\/\/wp.schuli.net\/?p=493","url_meta":{"origin":315,"position":2},"title":"Thun ar schoene gruene Aare naa &#8211; Farbzauber an einem Herbsttag","author":"Marius Schuler","date":"Sat, 10.12.2011","format":false,"excerpt":"Samstag, 12. November 2011. - Bei pr\u00e4chtigem Sonnenschein geniessen die Thuner warme Sonnenstrahlen an der knallgr\u00fcnen Aare in ihrer sch\u00f6nen Stadt. Der Winter l\u00e4sst noch auf sich warten und wen wundert's - irgendwie ist's bei diesen kraftvollen Farben allen recht, noch ein paar warme Tage zu geniessen, bevor die Faszination\u2026","rel":"","context":"In &quot;Blog&quot;","block_context":{"text":"Blog","link":"https:\/\/wp.schuli.net\/?cat=16"},"img":{"alt_text":"","src":"https:\/\/i0.wp.com\/wp.schuli.net\/wp-content\/uploads\/2011\/12\/wpid529-111112_sm1D3_0353-424-pano_ef4_lr-p2vr_equi_equi31_0_0.jpg?fit=800%2C373&ssl=1&resize=350%2C200","width":350,"height":200,"srcset":"https:\/\/i0.wp.com\/wp.schuli.net\/wp-content\/uploads\/2011\/12\/wpid529-111112_sm1D3_0353-424-pano_ef4_lr-p2vr_equi_equi31_0_0.jpg?fit=800%2C373&ssl=1&resize=350%2C200 1x, https:\/\/i0.wp.com\/wp.schuli.net\/wp-content\/uploads\/2011\/12\/wpid529-111112_sm1D3_0353-424-pano_ef4_lr-p2vr_equi_equi31_0_0.jpg?fit=800%2C373&ssl=1&resize=525%2C300 1.5x, https:\/\/i0.wp.com\/wp.schuli.net\/wp-content\/uploads\/2011\/12\/wpid529-111112_sm1D3_0353-424-pano_ef4_lr-p2vr_equi_equi31_0_0.jpg?fit=800%2C373&ssl=1&resize=700%2C400 2x"},"classes":[]},{"id":3258,"url":"https:\/\/wp.schuli.net\/?p=3258","url_meta":{"origin":315,"position":3},"title":"2017-40: Fulehung","author":"Marius Schuler","date":"Sun, 08.10.2017","format":false,"excerpt":"","rel":"","context":"In &quot;2017 - Schulis Weekly Picture Sessions&quot;","block_context":{"text":"2017 - Schulis Weekly Picture Sessions","link":"https:\/\/wp.schuli.net\/?cat=33"},"img":{"alt_text":"","src":"https:\/\/i0.wp.com\/wp.schuli.net\/wp-content\/uploads\/2017\/09\/17-40-Fulehung6_0327.jpg?fit=1200%2C836&ssl=1&resize=350%2C200","width":350,"height":200,"srcset":"https:\/\/i0.wp.com\/wp.schuli.net\/wp-content\/uploads\/2017\/09\/17-40-Fulehung6_0327.jpg?fit=1200%2C836&ssl=1&resize=350%2C200 1x, https:\/\/i0.wp.com\/wp.schuli.net\/wp-content\/uploads\/2017\/09\/17-40-Fulehung6_0327.jpg?fit=1200%2C836&ssl=1&resize=525%2C300 1.5x, https:\/\/i0.wp.com\/wp.schuli.net\/wp-content\/uploads\/2017\/09\/17-40-Fulehung6_0327.jpg?fit=1200%2C836&ssl=1&resize=700%2C400 2x, https:\/\/i0.wp.com\/wp.schuli.net\/wp-content\/uploads\/2017\/09\/17-40-Fulehung6_0327.jpg?fit=1200%2C836&ssl=1&resize=1050%2C600 3x"},"classes":[]},{"id":2176,"url":"https:\/\/wp.schuli.net\/?p=2176","url_meta":{"origin":315,"position":4},"title":"2016-51: Lichterleuchten in Thun","author":"Marius Schuler","date":"Sun, 25.12.2016","format":false,"excerpt":"","rel":"","context":"In &quot;2016 - Schulis Weekly Picture Series&quot;","block_context":{"text":"2016 - Schulis Weekly Picture Series","link":"https:\/\/wp.schuli.net\/?cat=27"},"img":{"alt_text":"","src":"https:\/\/i0.wp.com\/wp.schuli.net\/wp-content\/uploads\/2016\/12\/2016-KW51-Lichterleuchten-in-Thun4_0055.jpg?resize=350%2C200&ssl=1","width":350,"height":200,"srcset":"https:\/\/i0.wp.com\/wp.schuli.net\/wp-content\/uploads\/2016\/12\/2016-KW51-Lichterleuchten-in-Thun4_0055.jpg?resize=350%2C200&ssl=1 1x, https:\/\/i0.wp.com\/wp.schuli.net\/wp-content\/uploads\/2016\/12\/2016-KW51-Lichterleuchten-in-Thun4_0055.jpg?resize=525%2C300&ssl=1 1.5x, https:\/\/i0.wp.com\/wp.schuli.net\/wp-content\/uploads\/2016\/12\/2016-KW51-Lichterleuchten-in-Thun4_0055.jpg?resize=700%2C400&ssl=1 2x"},"classes":[]},{"id":2560,"url":"https:\/\/wp.schuli.net\/?p=2560","url_meta":{"origin":315,"position":5},"title":"2017-01: Cremeschnitte","author":"Marius Schuler","date":"Sun, 08.01.2017","format":false,"excerpt":"","rel":"","context":"In &quot;2017 - Schulis Weekly Picture Sessions&quot;","block_context":{"text":"2017 - Schulis Weekly Picture Sessions","link":"https:\/\/wp.schuli.net\/?cat=33"},"img":{"alt_text":"","src":"https:\/\/i0.wp.com\/wp.schuli.net\/wp-content\/uploads\/2017\/01\/2017-01b-Cremeschnitte_1400x1400.jpg?fit=1200%2C1200&ssl=1&resize=350%2C200","width":350,"height":200,"srcset":"https:\/\/i0.wp.com\/wp.schuli.net\/wp-content\/uploads\/2017\/01\/2017-01b-Cremeschnitte_1400x1400.jpg?fit=1200%2C1200&ssl=1&resize=350%2C200 1x, https:\/\/i0.wp.com\/wp.schuli.net\/wp-content\/uploads\/2017\/01\/2017-01b-Cremeschnitte_1400x1400.jpg?fit=1200%2C1200&ssl=1&resize=525%2C300 1.5x, https:\/\/i0.wp.com\/wp.schuli.net\/wp-content\/uploads\/2017\/01\/2017-01b-Cremeschnitte_1400x1400.jpg?fit=1200%2C1200&ssl=1&resize=700%2C400 2x, https:\/\/i0.wp.com\/wp.schuli.net\/wp-content\/uploads\/2017\/01\/2017-01b-Cremeschnitte_1400x1400.jpg?fit=1200%2C1200&ssl=1&resize=1050%2C600 3x"},"classes":[]}],"_links":{"self":[{"href":"https:\/\/wp.schuli.net\/index.php?rest_route=\/wp\/v2\/posts\/315","targetHints":{"allow":["GET"]}}],"collection":[{"href":"https:\/\/wp.schuli.net\/index.php?rest_route=\/wp\/v2\/posts"}],"about":[{"href":"https:\/\/wp.schuli.net\/index.php?rest_route=\/wp\/v2\/types\/post"}],"author":[{"embeddable":true,"href":"https:\/\/wp.schuli.net\/index.php?rest_route=\/wp\/v2\/users\/1"}],"replies":[{"embeddable":true,"href":"https:\/\/wp.schuli.net\/index.php?rest_route=%2Fwp%2Fv2%2Fcomments&post=315"}],"version-history":[{"count":54,"href":"https:\/\/wp.schuli.net\/index.php?rest_route=\/wp\/v2\/posts\/315\/revisions"}],"predecessor-version":[{"id":2510,"href":"https:\/\/wp.schuli.net\/index.php?rest_route=\/wp\/v2\/posts\/315\/revisions\/2510"}],"wp:featuredmedia":[{"embeddable":true,"href":"https:\/\/wp.schuli.net\/index.php?rest_route=\/wp\/v2\/media\/390"}],"wp:attachment":[{"href":"https:\/\/wp.schuli.net\/index.php?rest_route=%2Fwp%2Fv2%2Fmedia&parent=315"}],"wp:term":[{"taxonomy":"category","embeddable":true,"href":"https:\/\/wp.schuli.net\/index.php?rest_route=%2Fwp%2Fv2%2Fcategories&post=315"},{"taxonomy":"post_tag","embeddable":true,"href":"https:\/\/wp.schuli.net\/index.php?rest_route=%2Fwp%2Fv2%2Ftags&post=315"}],"curies":[{"name":"wp","href":"https:\/\/api.w.org\/{rel}","templated":true}]}}