{"id":3146,"date":"2017-07-30T07:34:35","date_gmt":"2017-07-30T06:34:35","guid":{"rendered":"http:\/\/wp.schuli.net\/?p=3146"},"modified":"2017-07-30T07:34:35","modified_gmt":"2017-07-30T06:34:35","slug":"2017-30-kukkolaforsen","status":"publish","type":"post","link":"https:\/\/wp.schuli.net\/?p=3146","title":{"rendered":"2017-30: Kukkolaforsen"},"content":{"rendered":"<p>[et_pb_section bb_built=&#8221;1&#8243; admin_label=&#8221;section&#8221;][et_pb_row admin_label=&#8221;row&#8221;][et_pb_column type=&#8221;4_4&#8243;][et_pb_gallery admin_label=&#8221;Gallery&#8221; gallery_ids=&#8221;3148&#8243; fullwidth=&#8221;on&#8221; show_title_and_caption=&#8221;on&#8221; show_pagination=&#8221;on&#8221; background_layout=&#8221;light&#8221; auto=&#8221;on&#8221; hover_overlay_color=&#8221;rgba(255,255,255,0.9)&#8221; use_border_color=&#8221;off&#8221; border_color=&#8221;#ffffff&#8221; border_style=&#8221;solid&#8221; auto_speed=&#8221;4000&#8243; orientation=&#8221;landscape&#8221; \/][et_pb_text admin_label=&#8221;Text&#8221; background_layout=&#8221;light&#8221; text_orientation=&#8221;left&#8221; use_border_color=&#8221;off&#8221; border_color=&#8221;#ffffff&#8221; border_style=&#8221;solid&#8221;]<\/p>\n<p>Ganz im Norden des Bottnischen Meerbusens bei Tornio fliesst der Fluss Tornionjoki ins Meer. Dieser Fluss trennt Schweden und Finnland. Ein paar Kilometer oberhalb Tornio befindet sich auf der schwedischen Seite das\u00a0Fischerparadies &#8220;Kukkolaforsen&#8221;. Hier ein Panorama von diesen idyllischen Pl\u00e4tzchen.<\/p>\n<p>[\/et_pb_text][\/et_pb_column][\/et_pb_row][et_pb_row admin_label=&#8221;Row&#8221;][et_pb_column type=&#8221;4_4&#8243;][et_pb_toggle admin_label=&#8221;Toggle&#8221; title=&#8221;Hintergrund zum Bild&#8221; open=&#8221;off&#8221; use_border_color=&#8221;off&#8221; border_color=&#8221;#ffffff&#8221; border_style=&#8221;solid&#8221;]<\/p>\n<p>Dieses Panorama wurde auf einem iPad aus hochaufl\u00f6senden Bildern gestitched. Cool, ist das inzwischen in guter Qualit\u00e4t auch unterwegs m\u00f6glich.<\/p>\n<p>[\/et_pb_toggle][\/et_pb_column][\/et_pb_row][\/et_pb_section]<\/p>\n","protected":false},"excerpt":{"rendered":"<p>Ganz im Norden des Bottnischen Meerbusens bei Tornio fliesst der Fluss Tornionjoki ins Meer. Dieser Fluss trennt Schweden und Finnland. Ein paar Kilometer oberhalb Tornio befindet sich auf der schwedischen Seite das\u00a0Fischerparadies &#8220;Kukkolaforsen&#8221;. Hier ein Panorama von diesen idyllischen Pl\u00e4tzchen. Dieses Panorama wurde auf einem iPad aus hochaufl\u00f6senden Bildern gestitched. Cool, ist das inzwischen in [&hellip;]<\/p>\n","protected":false},"author":1,"featured_media":3148,"comment_status":"open","ping_status":"open","sticky":false,"template":"","format":"standard","meta":{"_et_pb_use_builder":"on","_et_pb_old_content":"","_et_gb_content_width":"","jetpack_post_was_ever_published":false,"_jetpack_newsletter_access":"","_jetpack_dont_email_post_to_subs":false,"_jetpack_newsletter_tier_id":0,"_jetpack_memberships_contains_paywalled_content":false,"_jetpack_memberships_contains_paid_content":false,"footnotes":"","jetpack_publicize_message":"","jetpack_publicize_feature_enabled":true,"jetpack_social_post_already_shared":true,"jetpack_social_options":{"image_generator_settings":{"template":"highway","default_image_id":0,"font":"","enabled":false},"version":2}},"categories":[33,16,11,4,12,7,3,26],"tags":[],"class_list":["post-3146","post","type-post","status-publish","format-standard","has-post-thumbnail","hentry","category-2017-schulis-weekly-picture-sessions","category-blog","category-colour","category-landscape","category-nature","category-panorama","category-photo-portfolio","category-projects","et-has-post-format-content","et_post_format-et-post-format-standard"],"jetpack_publicize_connections":[],"jetpack_featured_media_url":"https:\/\/i0.wp.com\/wp.schuli.net\/wp-content\/uploads\/2017\/07\/IMG_2031.jpg?fit=3770%2C800&ssl=1","jetpack_sharing_enabled":true,"jetpack_shortlink":"https:\/\/wp.me\/p23jlp-OK","jetpack-related-posts":[{"id":3081,"url":"https:\/\/wp.schuli.net\/?p=3081","url_meta":{"origin":3146,"position":0},"title":"2017-23: Verlassen am Nordkapp","author":"Marius Schuler","date":"Sun, 11.06.2017","format":false,"excerpt":"","rel":"","context":"In &quot;2017 - Schulis Weekly Picture Sessions&quot;","block_context":{"text":"2017 - Schulis Weekly Picture Sessions","link":"https:\/\/wp.schuli.net\/?cat=33"},"img":{"alt_text":"","src":"https:\/\/i0.wp.com\/wp.schuli.net\/wp-content\/uploads\/2017\/06\/17-23-Verlassen-am-Nordkapp2_9144.jpg?fit=1200%2C836&ssl=1&resize=350%2C200","width":350,"height":200,"srcset":"https:\/\/i0.wp.com\/wp.schuli.net\/wp-content\/uploads\/2017\/06\/17-23-Verlassen-am-Nordkapp2_9144.jpg?fit=1200%2C836&ssl=1&resize=350%2C200 1x, https:\/\/i0.wp.com\/wp.schuli.net\/wp-content\/uploads\/2017\/06\/17-23-Verlassen-am-Nordkapp2_9144.jpg?fit=1200%2C836&ssl=1&resize=525%2C300 1.5x, https:\/\/i0.wp.com\/wp.schuli.net\/wp-content\/uploads\/2017\/06\/17-23-Verlassen-am-Nordkapp2_9144.jpg?fit=1200%2C836&ssl=1&resize=700%2C400 2x, https:\/\/i0.wp.com\/wp.schuli.net\/wp-content\/uploads\/2017\/06\/17-23-Verlassen-am-Nordkapp2_9144.jpg?fit=1200%2C836&ssl=1&resize=1050%2C600 3x"},"classes":[]},{"id":2609,"url":"https:\/\/wp.schuli.net\/?p=2609","url_meta":{"origin":3146,"position":1},"title":"2017-03: Blockh\u00fctten und Polarlicht","author":"Marius Schuler","date":"Sun, 22.01.2017","format":false,"excerpt":"","rel":"","context":"In &quot;2017 - Schulis Weekly Picture Sessions&quot;","block_context":{"text":"2017 - Schulis Weekly Picture Sessions","link":"https:\/\/wp.schuli.net\/?cat=33"},"img":{"alt_text":"","src":"https:\/\/i0.wp.com\/wp.schuli.net\/wp-content\/uploads\/2017\/01\/17-03-Blockhuetten-und-Polarlicht1_8226-56-pano.jpg?fit=1200%2C466&ssl=1&resize=350%2C200","width":350,"height":200,"srcset":"https:\/\/i0.wp.com\/wp.schuli.net\/wp-content\/uploads\/2017\/01\/17-03-Blockhuetten-und-Polarlicht1_8226-56-pano.jpg?fit=1200%2C466&ssl=1&resize=350%2C200 1x, https:\/\/i0.wp.com\/wp.schuli.net\/wp-content\/uploads\/2017\/01\/17-03-Blockhuetten-und-Polarlicht1_8226-56-pano.jpg?fit=1200%2C466&ssl=1&resize=525%2C300 1.5x, https:\/\/i0.wp.com\/wp.schuli.net\/wp-content\/uploads\/2017\/01\/17-03-Blockhuetten-und-Polarlicht1_8226-56-pano.jpg?fit=1200%2C466&ssl=1&resize=700%2C400 2x, https:\/\/i0.wp.com\/wp.schuli.net\/wp-content\/uploads\/2017\/01\/17-03-Blockhuetten-und-Polarlicht1_8226-56-pano.jpg?fit=1200%2C466&ssl=1&resize=1050%2C600 3x"},"classes":[]},{"id":3153,"url":"https:\/\/wp.schuli.net\/?p=3153","url_meta":{"origin":3146,"position":2},"title":"2017-31: Sandstrand","author":"Marius Schuler","date":"Sun, 06.08.2017","format":false,"excerpt":"","rel":"","context":"In &quot;2017 - Schulis Weekly Picture Sessions&quot;","block_context":{"text":"2017 - Schulis Weekly Picture Sessions","link":"https:\/\/wp.schuli.net\/?cat=33"},"img":{"alt_text":"","src":"https:\/\/i0.wp.com\/wp.schuli.net\/wp-content\/uploads\/2017\/08\/IMG_2038.jpg?fit=900%2C1200&ssl=1&resize=350%2C200","width":350,"height":200,"srcset":"https:\/\/i0.wp.com\/wp.schuli.net\/wp-content\/uploads\/2017\/08\/IMG_2038.jpg?fit=900%2C1200&ssl=1&resize=350%2C200 1x, https:\/\/i0.wp.com\/wp.schuli.net\/wp-content\/uploads\/2017\/08\/IMG_2038.jpg?fit=900%2C1200&ssl=1&resize=525%2C300 1.5x, https:\/\/i0.wp.com\/wp.schuli.net\/wp-content\/uploads\/2017\/08\/IMG_2038.jpg?fit=900%2C1200&ssl=1&resize=700%2C400 2x"},"classes":[]},{"id":2642,"url":"https:\/\/wp.schuli.net\/?p=2642","url_meta":{"origin":3146,"position":3},"title":"2017-04: Unterwegs f\u00fcr Brot","author":"Marius Schuler","date":"Sat, 28.01.2017","format":false,"excerpt":"","rel":"","context":"In &quot;2017 - Schulis Weekly Picture Sessions&quot;","block_context":{"text":"2017 - Schulis Weekly Picture Sessions","link":"https:\/\/wp.schuli.net\/?cat=33"},"img":{"alt_text":"","src":"https:\/\/i0.wp.com\/wp.schuli.net\/wp-content\/uploads\/2017\/01\/17-04-Unterwegs-fuer-Brot1_8435-58-pano4.jpg?fit=1200%2C466&ssl=1&resize=350%2C200","width":350,"height":200,"srcset":"https:\/\/i0.wp.com\/wp.schuli.net\/wp-content\/uploads\/2017\/01\/17-04-Unterwegs-fuer-Brot1_8435-58-pano4.jpg?fit=1200%2C466&ssl=1&resize=350%2C200 1x, https:\/\/i0.wp.com\/wp.schuli.net\/wp-content\/uploads\/2017\/01\/17-04-Unterwegs-fuer-Brot1_8435-58-pano4.jpg?fit=1200%2C466&ssl=1&resize=525%2C300 1.5x, https:\/\/i0.wp.com\/wp.schuli.net\/wp-content\/uploads\/2017\/01\/17-04-Unterwegs-fuer-Brot1_8435-58-pano4.jpg?fit=1200%2C466&ssl=1&resize=700%2C400 2x, https:\/\/i0.wp.com\/wp.schuli.net\/wp-content\/uploads\/2017\/01\/17-04-Unterwegs-fuer-Brot1_8435-58-pano4.jpg?fit=1200%2C466&ssl=1&resize=1050%2C600 3x"},"classes":[]},{"id":3012,"url":"https:\/\/wp.schuli.net\/?p=3012","url_meta":{"origin":3146,"position":4},"title":"2017-18: Sonnentupfer auf 2&#8217;362m \u00fc.M.","author":"Marius Schuler","date":"Sun, 07.05.2017","format":false,"excerpt":"","rel":"","context":"In &quot;2017 - Schulis Weekly Picture Sessions&quot;","block_context":{"text":"2017 - Schulis Weekly Picture Sessions","link":"https:\/\/wp.schuli.net\/?cat=33"},"img":{"alt_text":"","src":"https:\/\/i0.wp.com\/wp.schuli.net\/wp-content\/uploads\/2017\/05\/2017-KW18-Sonnentupfer-auf-2362m2_0860.jpg?fit=1200%2C836&ssl=1&resize=350%2C200","width":350,"height":200,"srcset":"https:\/\/i0.wp.com\/wp.schuli.net\/wp-content\/uploads\/2017\/05\/2017-KW18-Sonnentupfer-auf-2362m2_0860.jpg?fit=1200%2C836&ssl=1&resize=350%2C200 1x, https:\/\/i0.wp.com\/wp.schuli.net\/wp-content\/uploads\/2017\/05\/2017-KW18-Sonnentupfer-auf-2362m2_0860.jpg?fit=1200%2C836&ssl=1&resize=525%2C300 1.5x, https:\/\/i0.wp.com\/wp.schuli.net\/wp-content\/uploads\/2017\/05\/2017-KW18-Sonnentupfer-auf-2362m2_0860.jpg?fit=1200%2C836&ssl=1&resize=700%2C400 2x, https:\/\/i0.wp.com\/wp.schuli.net\/wp-content\/uploads\/2017\/05\/2017-KW18-Sonnentupfer-auf-2362m2_0860.jpg?fit=1200%2C836&ssl=1&resize=1050%2C600 3x"},"classes":[]},{"id":2579,"url":"https:\/\/wp.schuli.net\/?p=2579","url_meta":{"origin":3146,"position":5},"title":"2017-02: Mittagssonne in Lappland","author":"Marius Schuler","date":"Sun, 15.01.2017","format":false,"excerpt":"","rel":"","context":"In &quot;2017 - Schulis Weekly Picture Sessions&quot;","block_context":{"text":"2017 - Schulis Weekly Picture Sessions","link":"https:\/\/wp.schuli.net\/?cat=33"},"img":{"alt_text":"","src":"https:\/\/i0.wp.com\/wp.schuli.net\/wp-content\/uploads\/2017\/01\/17-02-Mittagssonne-in-Lappland_8773-847.jpg?fit=1200%2C315&ssl=1&resize=350%2C200","width":350,"height":200,"srcset":"https:\/\/i0.wp.com\/wp.schuli.net\/wp-content\/uploads\/2017\/01\/17-02-Mittagssonne-in-Lappland_8773-847.jpg?fit=1200%2C315&ssl=1&resize=350%2C200 1x, https:\/\/i0.wp.com\/wp.schuli.net\/wp-content\/uploads\/2017\/01\/17-02-Mittagssonne-in-Lappland_8773-847.jpg?fit=1200%2C315&ssl=1&resize=525%2C300 1.5x, https:\/\/i0.wp.com\/wp.schuli.net\/wp-content\/uploads\/2017\/01\/17-02-Mittagssonne-in-Lappland_8773-847.jpg?fit=1200%2C315&ssl=1&resize=700%2C400 2x, https:\/\/i0.wp.com\/wp.schuli.net\/wp-content\/uploads\/2017\/01\/17-02-Mittagssonne-in-Lappland_8773-847.jpg?fit=1200%2C315&ssl=1&resize=1050%2C600 3x"},"classes":[]}],"_links":{"self":[{"href":"https:\/\/wp.schuli.net\/index.php?rest_route=\/wp\/v2\/posts\/3146","targetHints":{"allow":["GET"]}}],"collection":[{"href":"https:\/\/wp.schuli.net\/index.php?rest_route=\/wp\/v2\/posts"}],"about":[{"href":"https:\/\/wp.schuli.net\/index.php?rest_route=\/wp\/v2\/types\/post"}],"author":[{"embeddable":true,"href":"https:\/\/wp.schuli.net\/index.php?rest_route=\/wp\/v2\/users\/1"}],"replies":[{"embeddable":true,"href":"https:\/\/wp.schuli.net\/index.php?rest_route=%2Fwp%2Fv2%2Fcomments&post=3146"}],"version-history":[{"count":3,"href":"https:\/\/wp.schuli.net\/index.php?rest_route=\/wp\/v2\/posts\/3146\/revisions"}],"predecessor-version":[{"id":3150,"href":"https:\/\/wp.schuli.net\/index.php?rest_route=\/wp\/v2\/posts\/3146\/revisions\/3150"}],"wp:featuredmedia":[{"embeddable":true,"href":"https:\/\/wp.schuli.net\/index.php?rest_route=\/wp\/v2\/media\/3148"}],"wp:attachment":[{"href":"https:\/\/wp.schuli.net\/index.php?rest_route=%2Fwp%2Fv2%2Fmedia&parent=3146"}],"wp:term":[{"taxonomy":"category","embeddable":true,"href":"https:\/\/wp.schuli.net\/index.php?rest_route=%2Fwp%2Fv2%2Fcategories&post=3146"},{"taxonomy":"post_tag","embeddable":true,"href":"https:\/\/wp.schuli.net\/index.php?rest_route=%2Fwp%2Fv2%2Ftags&post=3146"}],"curies":[{"name":"wp","href":"https:\/\/api.w.org\/{rel}","templated":true}]}}