{"id":3138,"date":"2017-07-23T00:14:45","date_gmt":"2017-07-22T23:14:45","guid":{"rendered":"http:\/\/wp.schuli.net\/?p=3138"},"modified":"2017-07-23T00:14:45","modified_gmt":"2017-07-22T23:14:45","slug":"2017-29-wasserkuhe","status":"publish","type":"post","link":"https:\/\/wp.schuli.net\/?p=3138","title":{"rendered":"2017-29: Wasserk\u00fche"},"content":{"rendered":"<p>[et_pb_section bb_built=&#8221;1&#8243; admin_label=&#8221;section&#8221;][et_pb_row admin_label=&#8221;row&#8221;][et_pb_column type=&#8221;4_4&#8243;][et_pb_gallery admin_label=&#8221;Gallery&#8221; gallery_ids=&#8221;3137&#8243; fullwidth=&#8221;on&#8221; show_title_and_caption=&#8221;on&#8221; show_pagination=&#8221;on&#8221; background_layout=&#8221;light&#8221; auto=&#8221;on&#8221; hover_overlay_color=&#8221;rgba(255,255,255,0.9)&#8221; use_border_color=&#8221;off&#8221; border_color=&#8221;#ffffff&#8221; border_style=&#8221;solid&#8221; auto_speed=&#8221;4000&#8243; orientation=&#8221;landscape&#8221; \/][et_pb_text admin_label=&#8221;Text&#8221; background_layout=&#8221;light&#8221; text_orientation=&#8221;left&#8221; use_border_color=&#8221;off&#8221; border_color=&#8221;#ffffff&#8221; border_style=&#8221;solid&#8221;]<\/p>\n<p>Unterwegs ans Nordkapp, irgendwo im Norden Schweden. Nach etlichen Rentieren und Elchen, pl\u00f6tzlich ein seltsames Bild: K\u00fche stehen im Wasser unter B\u00e4umen. \u2014 Nein, es ist keine Halluzination im Kilometerrausch, die Tiere stehen wirklich im Wasser und schauen kurios zur\u00fcck, als ob das hier absolut \u00fcblich sei. \ud83d\ude09<\/p>\n<p>[\/et_pb_text][\/et_pb_column][\/et_pb_row][et_pb_row admin_label=&#8221;Row&#8221; make_fullwidth=&#8221;off&#8221; use_custom_width=&#8221;off&#8221; width_unit=&#8221;on&#8221; use_custom_gutter=&#8221;off&#8221; disabled=&#8221;on&#8221; disabled_on=&#8221;on|on|on&#8221; allow_player_pause=&#8221;off&#8221; parallax=&#8221;off&#8221; parallax_method=&#8221;on&#8221; make_equal=&#8221;off&#8221; parallax_1=&#8221;off&#8221; parallax_method_1=&#8221;off&#8221;][et_pb_column type=&#8221;4_4&#8243;][et_pb_toggle admin_label=&#8221;Toggle&#8221; title=&#8221;Hintergrund zum Bild&#8221; open=&#8221;off&#8221; use_border_color=&#8221;off&#8221; border_color=&#8221;#ffffff&#8221; border_style=&#8221;solid&#8221; \/][\/et_pb_column][\/et_pb_row][\/et_pb_section]<\/p>\n","protected":false},"excerpt":{"rendered":"<p>Unterwegs ans Nordkapp, irgendwo im Norden Schweden. Nach etlichen Rentieren und Elchen, pl\u00f6tzlich ein seltsames Bild: K\u00fche stehen im Wasser unter B\u00e4umen. \u2014 Nein, es ist keine Halluzination im Kilometerrausch, die Tiere stehen wirklich im Wasser und schauen kurios zur\u00fcck, als ob das hier absolut \u00fcblich sei. \ud83d\ude09<\/p>\n","protected":false},"author":1,"featured_media":3137,"comment_status":"open","ping_status":"open","sticky":false,"template":"","format":"standard","meta":{"_et_pb_use_builder":"on","_et_pb_old_content":"","_et_gb_content_width":"","jetpack_post_was_ever_published":false,"_jetpack_newsletter_access":"","_jetpack_dont_email_post_to_subs":false,"_jetpack_newsletter_tier_id":0,"_jetpack_memberships_contains_paywalled_content":false,"_jetpack_memberships_contains_paid_content":false,"footnotes":"","jetpack_publicize_message":"","jetpack_publicize_feature_enabled":true,"jetpack_social_post_already_shared":true,"jetpack_social_options":{"image_generator_settings":{"template":"highway","default_image_id":0,"font":"","enabled":false},"version":2}},"categories":[33,9,16,4,12,3,26],"tags":[],"class_list":["post-3138","post","type-post","status-publish","format-standard","has-post-thumbnail","hentry","category-2017-schulis-weekly-picture-sessions","category-bw","category-blog","category-landscape","category-nature","category-photo-portfolio","category-projects","et-has-post-format-content","et_post_format-et-post-format-standard"],"jetpack_publicize_connections":[],"jetpack_featured_media_url":"https:\/\/i0.wp.com\/wp.schuli.net\/wp-content\/uploads\/2017\/07\/IMG_1722.jpg?fit=1400%2C794&ssl=1","jetpack_sharing_enabled":true,"jetpack_shortlink":"https:\/\/wp.me\/p23jlp-OC","jetpack-related-posts":[{"id":3191,"url":"https:\/\/wp.schuli.net\/?p=3191","url_meta":{"origin":3138,"position":0},"title":"2017-34: Mitternacht am Nordkapp","author":"Marius Schuler","date":"Sun, 27.08.2017","format":false,"excerpt":"","rel":"","context":"In &quot;2017 - Schulis Weekly Picture Sessions&quot;","block_context":{"text":"2017 - Schulis Weekly Picture Sessions","link":"https:\/\/wp.schuli.net\/?cat=33"},"img":{"alt_text":"","src":"https:\/\/i0.wp.com\/wp.schuli.net\/wp-content\/uploads\/2017\/08\/17-34-Mitternach-am-Nordkapp3_0582.jpg?fit=1200%2C843&ssl=1&resize=350%2C200","width":350,"height":200,"srcset":"https:\/\/i0.wp.com\/wp.schuli.net\/wp-content\/uploads\/2017\/08\/17-34-Mitternach-am-Nordkapp3_0582.jpg?fit=1200%2C843&ssl=1&resize=350%2C200 1x, https:\/\/i0.wp.com\/wp.schuli.net\/wp-content\/uploads\/2017\/08\/17-34-Mitternach-am-Nordkapp3_0582.jpg?fit=1200%2C843&ssl=1&resize=525%2C300 1.5x, https:\/\/i0.wp.com\/wp.schuli.net\/wp-content\/uploads\/2017\/08\/17-34-Mitternach-am-Nordkapp3_0582.jpg?fit=1200%2C843&ssl=1&resize=700%2C400 2x, https:\/\/i0.wp.com\/wp.schuli.net\/wp-content\/uploads\/2017\/08\/17-34-Mitternach-am-Nordkapp3_0582.jpg?fit=1200%2C843&ssl=1&resize=1050%2C600 3x"},"classes":[]},{"id":2609,"url":"https:\/\/wp.schuli.net\/?p=2609","url_meta":{"origin":3138,"position":1},"title":"2017-03: Blockh\u00fctten und Polarlicht","author":"Marius Schuler","date":"Sun, 22.01.2017","format":false,"excerpt":"","rel":"","context":"In &quot;2017 - Schulis Weekly Picture Sessions&quot;","block_context":{"text":"2017 - Schulis Weekly Picture Sessions","link":"https:\/\/wp.schuli.net\/?cat=33"},"img":{"alt_text":"","src":"https:\/\/i0.wp.com\/wp.schuli.net\/wp-content\/uploads\/2017\/01\/17-03-Blockhuetten-und-Polarlicht1_8226-56-pano.jpg?fit=1200%2C466&ssl=1&resize=350%2C200","width":350,"height":200,"srcset":"https:\/\/i0.wp.com\/wp.schuli.net\/wp-content\/uploads\/2017\/01\/17-03-Blockhuetten-und-Polarlicht1_8226-56-pano.jpg?fit=1200%2C466&ssl=1&resize=350%2C200 1x, https:\/\/i0.wp.com\/wp.schuli.net\/wp-content\/uploads\/2017\/01\/17-03-Blockhuetten-und-Polarlicht1_8226-56-pano.jpg?fit=1200%2C466&ssl=1&resize=525%2C300 1.5x, https:\/\/i0.wp.com\/wp.schuli.net\/wp-content\/uploads\/2017\/01\/17-03-Blockhuetten-und-Polarlicht1_8226-56-pano.jpg?fit=1200%2C466&ssl=1&resize=700%2C400 2x, https:\/\/i0.wp.com\/wp.schuli.net\/wp-content\/uploads\/2017\/01\/17-03-Blockhuetten-und-Polarlicht1_8226-56-pano.jpg?fit=1200%2C466&ssl=1&resize=1050%2C600 3x"},"classes":[]},{"id":2804,"url":"https:\/\/wp.schuli.net\/?p=2804","url_meta":{"origin":3138,"position":2},"title":"2017-10: Zer-Matterhorn bi St\u00e4rne-, Mond- u Sunneschin","author":"Marius Schuler","date":"Sun, 12.03.2017","format":false,"excerpt":"","rel":"","context":"In &quot;2017 - Schulis Weekly Picture Sessions&quot;","block_context":{"text":"2017 - Schulis Weekly Picture Sessions","link":"https:\/\/wp.schuli.net\/?cat=33"},"img":{"alt_text":"","src":"https:\/\/i0.wp.com\/wp.schuli.net\/wp-content\/uploads\/2017\/03\/17-10-Zer-Matterhorn3_0139.jpg?fit=1200%2C836&ssl=1&resize=350%2C200","width":350,"height":200,"srcset":"https:\/\/i0.wp.com\/wp.schuli.net\/wp-content\/uploads\/2017\/03\/17-10-Zer-Matterhorn3_0139.jpg?fit=1200%2C836&ssl=1&resize=350%2C200 1x, https:\/\/i0.wp.com\/wp.schuli.net\/wp-content\/uploads\/2017\/03\/17-10-Zer-Matterhorn3_0139.jpg?fit=1200%2C836&ssl=1&resize=525%2C300 1.5x, https:\/\/i0.wp.com\/wp.schuli.net\/wp-content\/uploads\/2017\/03\/17-10-Zer-Matterhorn3_0139.jpg?fit=1200%2C836&ssl=1&resize=700%2C400 2x, https:\/\/i0.wp.com\/wp.schuli.net\/wp-content\/uploads\/2017\/03\/17-10-Zer-Matterhorn3_0139.jpg?fit=1200%2C836&ssl=1&resize=1050%2C600 3x"},"classes":[]},{"id":3146,"url":"https:\/\/wp.schuli.net\/?p=3146","url_meta":{"origin":3138,"position":3},"title":"2017-30: Kukkolaforsen","author":"Marius Schuler","date":"Sun, 30.07.2017","format":false,"excerpt":"","rel":"","context":"In &quot;2017 - Schulis Weekly Picture Sessions&quot;","block_context":{"text":"2017 - Schulis Weekly Picture Sessions","link":"https:\/\/wp.schuli.net\/?cat=33"},"img":{"alt_text":"","src":"https:\/\/i0.wp.com\/wp.schuli.net\/wp-content\/uploads\/2017\/07\/IMG_2031.jpg?fit=1200%2C255&ssl=1&resize=350%2C200","width":350,"height":200,"srcset":"https:\/\/i0.wp.com\/wp.schuli.net\/wp-content\/uploads\/2017\/07\/IMG_2031.jpg?fit=1200%2C255&ssl=1&resize=350%2C200 1x, https:\/\/i0.wp.com\/wp.schuli.net\/wp-content\/uploads\/2017\/07\/IMG_2031.jpg?fit=1200%2C255&ssl=1&resize=525%2C300 1.5x, https:\/\/i0.wp.com\/wp.schuli.net\/wp-content\/uploads\/2017\/07\/IMG_2031.jpg?fit=1200%2C255&ssl=1&resize=700%2C400 2x, https:\/\/i0.wp.com\/wp.schuli.net\/wp-content\/uploads\/2017\/07\/IMG_2031.jpg?fit=1200%2C255&ssl=1&resize=1050%2C600 3x"},"classes":[]},{"id":3012,"url":"https:\/\/wp.schuli.net\/?p=3012","url_meta":{"origin":3138,"position":4},"title":"2017-18: Sonnentupfer auf 2&#8217;362m \u00fc.M.","author":"Marius Schuler","date":"Sun, 07.05.2017","format":false,"excerpt":"","rel":"","context":"In &quot;2017 - Schulis Weekly Picture Sessions&quot;","block_context":{"text":"2017 - Schulis Weekly Picture Sessions","link":"https:\/\/wp.schuli.net\/?cat=33"},"img":{"alt_text":"","src":"https:\/\/i0.wp.com\/wp.schuli.net\/wp-content\/uploads\/2017\/05\/2017-KW18-Sonnentupfer-auf-2362m2_0860.jpg?fit=1200%2C836&ssl=1&resize=350%2C200","width":350,"height":200,"srcset":"https:\/\/i0.wp.com\/wp.schuli.net\/wp-content\/uploads\/2017\/05\/2017-KW18-Sonnentupfer-auf-2362m2_0860.jpg?fit=1200%2C836&ssl=1&resize=350%2C200 1x, https:\/\/i0.wp.com\/wp.schuli.net\/wp-content\/uploads\/2017\/05\/2017-KW18-Sonnentupfer-auf-2362m2_0860.jpg?fit=1200%2C836&ssl=1&resize=525%2C300 1.5x, https:\/\/i0.wp.com\/wp.schuli.net\/wp-content\/uploads\/2017\/05\/2017-KW18-Sonnentupfer-auf-2362m2_0860.jpg?fit=1200%2C836&ssl=1&resize=700%2C400 2x, https:\/\/i0.wp.com\/wp.schuli.net\/wp-content\/uploads\/2017\/05\/2017-KW18-Sonnentupfer-auf-2362m2_0860.jpg?fit=1200%2C836&ssl=1&resize=1050%2C600 3x"},"classes":[]},{"id":2579,"url":"https:\/\/wp.schuli.net\/?p=2579","url_meta":{"origin":3138,"position":5},"title":"2017-02: Mittagssonne in Lappland","author":"Marius Schuler","date":"Sun, 15.01.2017","format":false,"excerpt":"","rel":"","context":"In &quot;2017 - Schulis Weekly Picture Sessions&quot;","block_context":{"text":"2017 - Schulis Weekly Picture Sessions","link":"https:\/\/wp.schuli.net\/?cat=33"},"img":{"alt_text":"","src":"https:\/\/i0.wp.com\/wp.schuli.net\/wp-content\/uploads\/2017\/01\/17-02-Mittagssonne-in-Lappland_8773-847.jpg?fit=1200%2C315&ssl=1&resize=350%2C200","width":350,"height":200,"srcset":"https:\/\/i0.wp.com\/wp.schuli.net\/wp-content\/uploads\/2017\/01\/17-02-Mittagssonne-in-Lappland_8773-847.jpg?fit=1200%2C315&ssl=1&resize=350%2C200 1x, https:\/\/i0.wp.com\/wp.schuli.net\/wp-content\/uploads\/2017\/01\/17-02-Mittagssonne-in-Lappland_8773-847.jpg?fit=1200%2C315&ssl=1&resize=525%2C300 1.5x, https:\/\/i0.wp.com\/wp.schuli.net\/wp-content\/uploads\/2017\/01\/17-02-Mittagssonne-in-Lappland_8773-847.jpg?fit=1200%2C315&ssl=1&resize=700%2C400 2x, https:\/\/i0.wp.com\/wp.schuli.net\/wp-content\/uploads\/2017\/01\/17-02-Mittagssonne-in-Lappland_8773-847.jpg?fit=1200%2C315&ssl=1&resize=1050%2C600 3x"},"classes":[]}],"_links":{"self":[{"href":"https:\/\/wp.schuli.net\/index.php?rest_route=\/wp\/v2\/posts\/3138","targetHints":{"allow":["GET"]}}],"collection":[{"href":"https:\/\/wp.schuli.net\/index.php?rest_route=\/wp\/v2\/posts"}],"about":[{"href":"https:\/\/wp.schuli.net\/index.php?rest_route=\/wp\/v2\/types\/post"}],"author":[{"embeddable":true,"href":"https:\/\/wp.schuli.net\/index.php?rest_route=\/wp\/v2\/users\/1"}],"replies":[{"embeddable":true,"href":"https:\/\/wp.schuli.net\/index.php?rest_route=%2Fwp%2Fv2%2Fcomments&post=3138"}],"version-history":[{"count":6,"href":"https:\/\/wp.schuli.net\/index.php?rest_route=\/wp\/v2\/posts\/3138\/revisions"}],"predecessor-version":[{"id":3144,"href":"https:\/\/wp.schuli.net\/index.php?rest_route=\/wp\/v2\/posts\/3138\/revisions\/3144"}],"wp:featuredmedia":[{"embeddable":true,"href":"https:\/\/wp.schuli.net\/index.php?rest_route=\/wp\/v2\/media\/3137"}],"wp:attachment":[{"href":"https:\/\/wp.schuli.net\/index.php?rest_route=%2Fwp%2Fv2%2Fmedia&parent=3138"}],"wp:term":[{"taxonomy":"category","embeddable":true,"href":"https:\/\/wp.schuli.net\/index.php?rest_route=%2Fwp%2Fv2%2Fcategories&post=3138"},{"taxonomy":"post_tag","embeddable":true,"href":"https:\/\/wp.schuli.net\/index.php?rest_route=%2Fwp%2Fv2%2Ftags&post=3138"}],"curies":[{"name":"wp","href":"https:\/\/api.w.org\/{rel}","templated":true}]}}