{"id":3056,"date":"2017-06-04T17:41:29","date_gmt":"2017-06-04T16:41:29","guid":{"rendered":"http:\/\/wp.schuli.net\/?p=3056"},"modified":"2017-06-04T19:00:58","modified_gmt":"2017-06-04T18:00:58","slug":"2017-22-enjoying-the-sunset","status":"publish","type":"post","link":"https:\/\/wp.schuli.net\/?p=3056","title":{"rendered":"2017-22: Enjoying the sunset"},"content":{"rendered":"<p>[et_pb_section bb_built=&#8221;1&#8243; admin_label=&#8221;section&#8221;][et_pb_row admin_label=&#8221;row&#8221;][et_pb_column type=&#8221;4_4&#8243;][et_pb_gallery admin_label=&#8221;Gallery&#8221; gallery_ids=&#8221;3054,3055&#8243; fullwidth=&#8221;on&#8221; show_title_and_caption=&#8221;on&#8221; show_pagination=&#8221;on&#8221; background_layout=&#8221;light&#8221; auto=&#8221;on&#8221; hover_overlay_color=&#8221;rgba(255,255,255,0.9)&#8221; use_border_color=&#8221;off&#8221; border_color=&#8221;#ffffff&#8221; border_style=&#8221;solid&#8221; auto_speed=&#8221;4000&#8243; orientation=&#8221;landscape&#8221; \/][et_pb_text admin_label=&#8221;Text&#8221; background_layout=&#8221;light&#8221; text_orientation=&#8221;left&#8221; use_border_color=&#8221;off&#8221; border_color=&#8221;#ffffff&#8221; border_style=&#8221;solid&#8221;] In der n\u00e4he von Trondheim in Norwegen am Strand eines Campingplatzes. Die Menschen geniessen sichtlich die\u00a0Stimmung und Gelassenheit im Licht des Sonnenuntergangs.\u00a0Die Farben scheinen\u00a0unwirklich und sind eben doch Realit\u00e4t. Kein Wunder schweifen die Gedanken in Tr\u00e4ume \u00fcber. [\/et_pb_text][\/et_pb_column][\/et_pb_row][et_pb_row admin_label=&#8221;Row&#8221;][et_pb_column type=&#8221;4_4&#8243;][et_pb_toggle admin_label=&#8221;Toggle&#8221; title=&#8221;Hintergrund zum Bild&#8221; open=&#8221;off&#8221; use_border_color=&#8221;off&#8221; border_color=&#8221;#ffffff&#8221; border_style=&#8221;solid&#8221;]<\/p>\n<p>Ein regnerischer Tag dieser Woche bietet sich an, sich der Verarbeitung von Bildern anzunehmen. \ud83d\ude42<\/p>\n<p>F\u00fcr diese Woche habe ich zwei Bilder aus dem Jahr 2011 ausgew\u00e4hlt, welche damals mit einer Kompaktkamera (Canon G11) aufgenommen wurden. Das Bildmaterial liegt wie \u00fcblich im\u00a0RAW Format\u00a0vor und\u00a0sieht eigentlich auf den ersten Blick schon recht gut ohne viel Verbesserungsbedarf aus.<\/p>\n<p>In diesem Jahr will ich meine Skills im Bereich Bildverarbeitung erh\u00f6hen. Durch intensives auseinandersetzen mit der Materie resultiert \u00fcblicherweise mehr Wissen, Erfahrung und Effizienz bei der Umsetzung von Bildideen. K\u00fcrzlich habe ich mir f\u00fcr meinen digitalen Werkzeugkasten einige weitere Software-Hilfsmittel zugelegt, welche nun auch genutzt werden wollen\u00a0(zumindest bis ich weiss, welche n\u00fctzlich sind und welche nicht). F\u00fcr die heutige Umsetzung habe ich <em>Luminar<\/em> von Macphun verwendet, welches mir je l\u00e4nger je besser zusagt.\u00a0Anhand verschiedener Voreinstellungen (sogenannten Presets) k\u00f6nnen unz\u00e4hlige Bildeffekte begutachtet\u00a0werden. Auch wenn Presets oftmals sehr hilfreich als Startpunkt sind, so haben sich praktisch alle getesteten netagiv auf das Bildergebnis der beiden Bilder dieser Woche ausgewirkt. Deshalb habe ich einige Presets studiert und die relevanten Parameter ermittelt.\u00a0Mir war wichtig, die Details in den Wolken nicht zu verlieren, was bei vielen Filtern, welche auf den ersten Eindruck interessant scheinen, passiert ist. Die Stimmung und Farben wollte ich dem Original entsprechend\u00a0beibehalten.<\/p>\n<p>An\u00a0Luminar sch\u00e4tze ich insbesondere, dass sich diese Bildverarbeitungssoftware\u00a0an das\u00a0Know-how des Anwenders adaptiert. Presets k\u00f6nnen am Anfang wie gesagt hilfreich sein, wenn das Know-how dann vorhanden ist, dann lassen sich die n\u00f6tigen Einstellungen &#8220;Lego-bausteinartig&#8221; ausw\u00e4hlen und nur die relevanten Einstellungen einblenden.\u00a0So waren im vorliegenden Fall f\u00fcr mich letztendlich nur Glanzlichter, Schatten, Klarheit, erweiterter Kontrast und Verbesserungen im Bereich Bildrauschen (da mit einer \u00e4lteren Kamera aufgenommen) relevant.<\/p>\n<p>Die beiden nachfolgenden Bildvergleiche zeigen mit zweifacher Vergr\u00f6sserung, welches Ergebnis im Detail erreicht werden konnte.\u00a0Links ist jeweils das Resultat (Ausw\u00e4hlen) und rechts das Original der Kamera (Kandidat)\u00a0zu sehen. Wie ersichtlich ist, konnte die originale Stimmung und Farbgebung beibehalten werden und doch eine wesentliche Verbesserung erzielt werden.<\/p>\n<p><em>Ausschnitt 1 vergr\u00f6ssert auf\u00a0200%<\/em><\/p>\n<p><a href=\"https:\/\/i0.wp.com\/wp.schuli.net\/wp-content\/uploads\/2017\/06\/17-22-3561-crop1.png?ssl=1\"><img data-recalc-dims=\"1\" loading=\"lazy\" decoding=\"async\" data-attachment-id=\"3058\" data-permalink=\"https:\/\/wp.schuli.net\/?attachment_id=3058\" data-orig-file=\"https:\/\/i0.wp.com\/wp.schuli.net\/wp-content\/uploads\/2017\/06\/17-22-3561-crop1.png?fit=1804%2C1162&amp;ssl=1\" data-orig-size=\"1804,1162\" data-comments-opened=\"1\" data-image-meta=\"{&quot;aperture&quot;:&quot;0&quot;,&quot;credit&quot;:&quot;&quot;,&quot;camera&quot;:&quot;&quot;,&quot;caption&quot;:&quot;&quot;,&quot;created_timestamp&quot;:&quot;0&quot;,&quot;copyright&quot;:&quot;&quot;,&quot;focal_length&quot;:&quot;0&quot;,&quot;iso&quot;:&quot;0&quot;,&quot;shutter_speed&quot;:&quot;0&quot;,&quot;title&quot;:&quot;&quot;,&quot;orientation&quot;:&quot;0&quot;}\" data-image-title=\"17-22-3561-crop1\" data-image-description=\"\" data-image-caption=\"\" data-large-file=\"https:\/\/i0.wp.com\/wp.schuli.net\/wp-content\/uploads\/2017\/06\/17-22-3561-crop1.png?fit=1024%2C660&amp;ssl=1\" class=\"alignnone size-full wp-image-3058\" src=\"https:\/\/i0.wp.com\/wp.schuli.net\/wp-content\/uploads\/2017\/06\/17-22-3561-crop1.png?resize=1080%2C696&#038;ssl=1\" alt=\"\" width=\"1080\" height=\"696\" srcset=\"https:\/\/i0.wp.com\/wp.schuli.net\/wp-content\/uploads\/2017\/06\/17-22-3561-crop1.png?w=1804&amp;ssl=1 1804w, https:\/\/i0.wp.com\/wp.schuli.net\/wp-content\/uploads\/2017\/06\/17-22-3561-crop1.png?resize=300%2C193&amp;ssl=1 300w, https:\/\/i0.wp.com\/wp.schuli.net\/wp-content\/uploads\/2017\/06\/17-22-3561-crop1.png?resize=768%2C495&amp;ssl=1 768w, https:\/\/i0.wp.com\/wp.schuli.net\/wp-content\/uploads\/2017\/06\/17-22-3561-crop1.png?resize=1024%2C660&amp;ssl=1 1024w, https:\/\/i0.wp.com\/wp.schuli.net\/wp-content\/uploads\/2017\/06\/17-22-3561-crop1.png?resize=1080%2C696&amp;ssl=1 1080w\" sizes=\"auto, (max-width: 1080px) 100vw, 1080px\" \/><\/a><\/p>\n<p><em>Ausschnitt 2\u00a0vergr\u00f6ssert auf\u00a0200%<\/em><\/p>\n<p><a href=\"https:\/\/i0.wp.com\/wp.schuli.net\/wp-content\/uploads\/2017\/06\/17-22-3561-crop2.png?ssl=1\"><img data-recalc-dims=\"1\" loading=\"lazy\" decoding=\"async\" data-attachment-id=\"3059\" data-permalink=\"https:\/\/wp.schuli.net\/?attachment_id=3059\" data-orig-file=\"https:\/\/i0.wp.com\/wp.schuli.net\/wp-content\/uploads\/2017\/06\/17-22-3561-crop2.png?fit=1804%2C1162&amp;ssl=1\" data-orig-size=\"1804,1162\" data-comments-opened=\"1\" data-image-meta=\"{&quot;aperture&quot;:&quot;0&quot;,&quot;credit&quot;:&quot;&quot;,&quot;camera&quot;:&quot;&quot;,&quot;caption&quot;:&quot;&quot;,&quot;created_timestamp&quot;:&quot;0&quot;,&quot;copyright&quot;:&quot;&quot;,&quot;focal_length&quot;:&quot;0&quot;,&quot;iso&quot;:&quot;0&quot;,&quot;shutter_speed&quot;:&quot;0&quot;,&quot;title&quot;:&quot;&quot;,&quot;orientation&quot;:&quot;0&quot;}\" data-image-title=\"17-22-3561-crop2\" data-image-description=\"\" data-image-caption=\"\" data-large-file=\"https:\/\/i0.wp.com\/wp.schuli.net\/wp-content\/uploads\/2017\/06\/17-22-3561-crop2.png?fit=1024%2C660&amp;ssl=1\" class=\"alignnone size-full wp-image-3059\" src=\"https:\/\/i0.wp.com\/wp.schuli.net\/wp-content\/uploads\/2017\/06\/17-22-3561-crop2.png?resize=1080%2C696&#038;ssl=1\" alt=\"\" width=\"1080\" height=\"696\" srcset=\"https:\/\/i0.wp.com\/wp.schuli.net\/wp-content\/uploads\/2017\/06\/17-22-3561-crop2.png?w=1804&amp;ssl=1 1804w, https:\/\/i0.wp.com\/wp.schuli.net\/wp-content\/uploads\/2017\/06\/17-22-3561-crop2.png?resize=300%2C193&amp;ssl=1 300w, https:\/\/i0.wp.com\/wp.schuli.net\/wp-content\/uploads\/2017\/06\/17-22-3561-crop2.png?resize=768%2C495&amp;ssl=1 768w, https:\/\/i0.wp.com\/wp.schuli.net\/wp-content\/uploads\/2017\/06\/17-22-3561-crop2.png?resize=1024%2C660&amp;ssl=1 1024w, https:\/\/i0.wp.com\/wp.schuli.net\/wp-content\/uploads\/2017\/06\/17-22-3561-crop2.png?resize=1080%2C696&amp;ssl=1 1080w\" sizes=\"auto, (max-width: 1080px) 100vw, 1080px\" \/><\/a><\/p>\n<p>Beste Gr\u00fcsse<br \/>\nSchuli<\/p>\n<p>[\/et_pb_toggle][\/et_pb_column][\/et_pb_row][\/et_pb_section]<\/p>\n","protected":false},"excerpt":{"rendered":"<p>In der n\u00e4he von Trondheim in Norwegen am Strand eines Campingplatzes. Die Menschen geniessen sichtlich die\u00a0Stimmung und Gelassenheit im Licht des Sonnenuntergangs.\u00a0Die Farben scheinen\u00a0unwirklich und sind eben doch Realit\u00e4t. Kein Wunder schweifen die Gedanken in Tr\u00e4ume \u00fcber. Ein regnerischer Tag dieser Woche bietet sich an, sich der Verarbeitung von Bildern anzunehmen. \ud83d\ude42 F\u00fcr diese Woche [&hellip;]<\/p>\n","protected":false},"author":1,"featured_media":3054,"comment_status":"open","ping_status":"open","sticky":false,"template":"","format":"standard","meta":{"_et_pb_use_builder":"on","_et_pb_old_content":"","_et_gb_content_width":"","jetpack_post_was_ever_published":false,"_jetpack_newsletter_access":"","_jetpack_dont_email_post_to_subs":true,"_jetpack_newsletter_tier_id":0,"_jetpack_memberships_contains_paywalled_content":false,"_jetpack_memberships_contains_paid_content":false,"footnotes":"","jetpack_publicize_message":"","jetpack_publicize_feature_enabled":true,"jetpack_social_post_already_shared":true,"jetpack_social_options":{"image_generator_settings":{"template":"highway","default_image_id":0,"font":"","enabled":false},"version":2}},"categories":[33,16,11,4,8,3,26],"tags":[],"class_list":["post-3056","post","type-post","status-publish","format-standard","has-post-thumbnail","hentry","category-2017-schulis-weekly-picture-sessions","category-blog","category-colour","category-landscape","category-people","category-photo-portfolio","category-projects","et-has-post-format-content","et_post_format-et-post-format-standard"],"jetpack_publicize_connections":[],"jetpack_featured_media_url":"https:\/\/i0.wp.com\/wp.schuli.net\/wp-content\/uploads\/2017\/06\/17-22-Enjoying-the-sunset1_3560.jpg?fit=1051%2C1400&ssl=1","jetpack_sharing_enabled":true,"jetpack_shortlink":"https:\/\/wp.me\/p23jlp-Ni","jetpack-related-posts":[{"id":3153,"url":"https:\/\/wp.schuli.net\/?p=3153","url_meta":{"origin":3056,"position":0},"title":"2017-31: Sandstrand","author":"Marius Schuler","date":"Sun, 06.08.2017","format":false,"excerpt":"","rel":"","context":"In &quot;2017 - Schulis Weekly Picture Sessions&quot;","block_context":{"text":"2017 - Schulis Weekly Picture Sessions","link":"https:\/\/wp.schuli.net\/?cat=33"},"img":{"alt_text":"","src":"https:\/\/i0.wp.com\/wp.schuli.net\/wp-content\/uploads\/2017\/08\/IMG_2038.jpg?fit=900%2C1200&ssl=1&resize=350%2C200","width":350,"height":200,"srcset":"https:\/\/i0.wp.com\/wp.schuli.net\/wp-content\/uploads\/2017\/08\/IMG_2038.jpg?fit=900%2C1200&ssl=1&resize=350%2C200 1x, https:\/\/i0.wp.com\/wp.schuli.net\/wp-content\/uploads\/2017\/08\/IMG_2038.jpg?fit=900%2C1200&ssl=1&resize=525%2C300 1.5x, https:\/\/i0.wp.com\/wp.schuli.net\/wp-content\/uploads\/2017\/08\/IMG_2038.jpg?fit=900%2C1200&ssl=1&resize=700%2C400 2x"},"classes":[]},{"id":3191,"url":"https:\/\/wp.schuli.net\/?p=3191","url_meta":{"origin":3056,"position":1},"title":"2017-34: Mitternacht am Nordkapp","author":"Marius Schuler","date":"Sun, 27.08.2017","format":false,"excerpt":"","rel":"","context":"In &quot;2017 - Schulis Weekly Picture Sessions&quot;","block_context":{"text":"2017 - Schulis Weekly Picture Sessions","link":"https:\/\/wp.schuli.net\/?cat=33"},"img":{"alt_text":"","src":"https:\/\/i0.wp.com\/wp.schuli.net\/wp-content\/uploads\/2017\/08\/17-34-Mitternach-am-Nordkapp3_0582.jpg?fit=1200%2C843&ssl=1&resize=350%2C200","width":350,"height":200,"srcset":"https:\/\/i0.wp.com\/wp.schuli.net\/wp-content\/uploads\/2017\/08\/17-34-Mitternach-am-Nordkapp3_0582.jpg?fit=1200%2C843&ssl=1&resize=350%2C200 1x, https:\/\/i0.wp.com\/wp.schuli.net\/wp-content\/uploads\/2017\/08\/17-34-Mitternach-am-Nordkapp3_0582.jpg?fit=1200%2C843&ssl=1&resize=525%2C300 1.5x, https:\/\/i0.wp.com\/wp.schuli.net\/wp-content\/uploads\/2017\/08\/17-34-Mitternach-am-Nordkapp3_0582.jpg?fit=1200%2C843&ssl=1&resize=700%2C400 2x, https:\/\/i0.wp.com\/wp.schuli.net\/wp-content\/uploads\/2017\/08\/17-34-Mitternach-am-Nordkapp3_0582.jpg?fit=1200%2C843&ssl=1&resize=1050%2C600 3x"},"classes":[]},{"id":3012,"url":"https:\/\/wp.schuli.net\/?p=3012","url_meta":{"origin":3056,"position":2},"title":"2017-18: Sonnentupfer auf 2&#8217;362m \u00fc.M.","author":"Marius Schuler","date":"Sun, 07.05.2017","format":false,"excerpt":"","rel":"","context":"In &quot;2017 - Schulis Weekly Picture Sessions&quot;","block_context":{"text":"2017 - Schulis Weekly Picture Sessions","link":"https:\/\/wp.schuli.net\/?cat=33"},"img":{"alt_text":"","src":"https:\/\/i0.wp.com\/wp.schuli.net\/wp-content\/uploads\/2017\/05\/2017-KW18-Sonnentupfer-auf-2362m2_0860.jpg?fit=1200%2C836&ssl=1&resize=350%2C200","width":350,"height":200,"srcset":"https:\/\/i0.wp.com\/wp.schuli.net\/wp-content\/uploads\/2017\/05\/2017-KW18-Sonnentupfer-auf-2362m2_0860.jpg?fit=1200%2C836&ssl=1&resize=350%2C200 1x, https:\/\/i0.wp.com\/wp.schuli.net\/wp-content\/uploads\/2017\/05\/2017-KW18-Sonnentupfer-auf-2362m2_0860.jpg?fit=1200%2C836&ssl=1&resize=525%2C300 1.5x, https:\/\/i0.wp.com\/wp.schuli.net\/wp-content\/uploads\/2017\/05\/2017-KW18-Sonnentupfer-auf-2362m2_0860.jpg?fit=1200%2C836&ssl=1&resize=700%2C400 2x, https:\/\/i0.wp.com\/wp.schuli.net\/wp-content\/uploads\/2017\/05\/2017-KW18-Sonnentupfer-auf-2362m2_0860.jpg?fit=1200%2C836&ssl=1&resize=1050%2C600 3x"},"classes":[]},{"id":3138,"url":"https:\/\/wp.schuli.net\/?p=3138","url_meta":{"origin":3056,"position":3},"title":"2017-29: Wasserk\u00fche","author":"Marius Schuler","date":"Sun, 23.07.2017","format":false,"excerpt":"","rel":"","context":"In &quot;2017 - Schulis Weekly Picture Sessions&quot;","block_context":{"text":"2017 - Schulis Weekly Picture Sessions","link":"https:\/\/wp.schuli.net\/?cat=33"},"img":{"alt_text":"","src":"https:\/\/i0.wp.com\/wp.schuli.net\/wp-content\/uploads\/2017\/07\/IMG_1722.jpg?fit=1200%2C681&ssl=1&resize=350%2C200","width":350,"height":200,"srcset":"https:\/\/i0.wp.com\/wp.schuli.net\/wp-content\/uploads\/2017\/07\/IMG_1722.jpg?fit=1200%2C681&ssl=1&resize=350%2C200 1x, https:\/\/i0.wp.com\/wp.schuli.net\/wp-content\/uploads\/2017\/07\/IMG_1722.jpg?fit=1200%2C681&ssl=1&resize=525%2C300 1.5x, https:\/\/i0.wp.com\/wp.schuli.net\/wp-content\/uploads\/2017\/07\/IMG_1722.jpg?fit=1200%2C681&ssl=1&resize=700%2C400 2x, https:\/\/i0.wp.com\/wp.schuli.net\/wp-content\/uploads\/2017\/07\/IMG_1722.jpg?fit=1200%2C681&ssl=1&resize=1050%2C600 3x"},"classes":[]},{"id":2609,"url":"https:\/\/wp.schuli.net\/?p=2609","url_meta":{"origin":3056,"position":4},"title":"2017-03: Blockh\u00fctten und Polarlicht","author":"Marius Schuler","date":"Sun, 22.01.2017","format":false,"excerpt":"","rel":"","context":"In &quot;2017 - Schulis Weekly Picture Sessions&quot;","block_context":{"text":"2017 - Schulis Weekly Picture Sessions","link":"https:\/\/wp.schuli.net\/?cat=33"},"img":{"alt_text":"","src":"https:\/\/i0.wp.com\/wp.schuli.net\/wp-content\/uploads\/2017\/01\/17-03-Blockhuetten-und-Polarlicht1_8226-56-pano.jpg?fit=1200%2C466&ssl=1&resize=350%2C200","width":350,"height":200,"srcset":"https:\/\/i0.wp.com\/wp.schuli.net\/wp-content\/uploads\/2017\/01\/17-03-Blockhuetten-und-Polarlicht1_8226-56-pano.jpg?fit=1200%2C466&ssl=1&resize=350%2C200 1x, https:\/\/i0.wp.com\/wp.schuli.net\/wp-content\/uploads\/2017\/01\/17-03-Blockhuetten-und-Polarlicht1_8226-56-pano.jpg?fit=1200%2C466&ssl=1&resize=525%2C300 1.5x, https:\/\/i0.wp.com\/wp.schuli.net\/wp-content\/uploads\/2017\/01\/17-03-Blockhuetten-und-Polarlicht1_8226-56-pano.jpg?fit=1200%2C466&ssl=1&resize=700%2C400 2x, https:\/\/i0.wp.com\/wp.schuli.net\/wp-content\/uploads\/2017\/01\/17-03-Blockhuetten-und-Polarlicht1_8226-56-pano.jpg?fit=1200%2C466&ssl=1&resize=1050%2C600 3x"},"classes":[]},{"id":2794,"url":"https:\/\/wp.schuli.net\/?p=2794","url_meta":{"origin":3056,"position":5},"title":"2017-09: Horu","author":"Marius Schuler","date":"Sun, 05.03.2017","format":false,"excerpt":"","rel":"","context":"In &quot;2017 - Schulis Weekly Picture Sessions&quot;","block_context":{"text":"2017 - Schulis Weekly Picture Sessions","link":"https:\/\/wp.schuli.net\/?cat=33"},"img":{"alt_text":"","src":"https:\/\/i0.wp.com\/wp.schuli.net\/wp-content\/uploads\/2017\/03\/IMG_1638.jpg?fit=1200%2C800&ssl=1&resize=350%2C200","width":350,"height":200,"srcset":"https:\/\/i0.wp.com\/wp.schuli.net\/wp-content\/uploads\/2017\/03\/IMG_1638.jpg?fit=1200%2C800&ssl=1&resize=350%2C200 1x, https:\/\/i0.wp.com\/wp.schuli.net\/wp-content\/uploads\/2017\/03\/IMG_1638.jpg?fit=1200%2C800&ssl=1&resize=525%2C300 1.5x, https:\/\/i0.wp.com\/wp.schuli.net\/wp-content\/uploads\/2017\/03\/IMG_1638.jpg?fit=1200%2C800&ssl=1&resize=700%2C400 2x, https:\/\/i0.wp.com\/wp.schuli.net\/wp-content\/uploads\/2017\/03\/IMG_1638.jpg?fit=1200%2C800&ssl=1&resize=1050%2C600 3x"},"classes":[]}],"_links":{"self":[{"href":"https:\/\/wp.schuli.net\/index.php?rest_route=\/wp\/v2\/posts\/3056","targetHints":{"allow":["GET"]}}],"collection":[{"href":"https:\/\/wp.schuli.net\/index.php?rest_route=\/wp\/v2\/posts"}],"about":[{"href":"https:\/\/wp.schuli.net\/index.php?rest_route=\/wp\/v2\/types\/post"}],"author":[{"embeddable":true,"href":"https:\/\/wp.schuli.net\/index.php?rest_route=\/wp\/v2\/users\/1"}],"replies":[{"embeddable":true,"href":"https:\/\/wp.schuli.net\/index.php?rest_route=%2Fwp%2Fv2%2Fcomments&post=3056"}],"version-history":[{"count":15,"href":"https:\/\/wp.schuli.net\/index.php?rest_route=\/wp\/v2\/posts\/3056\/revisions"}],"predecessor-version":[{"id":3073,"href":"https:\/\/wp.schuli.net\/index.php?rest_route=\/wp\/v2\/posts\/3056\/revisions\/3073"}],"wp:featuredmedia":[{"embeddable":true,"href":"https:\/\/wp.schuli.net\/index.php?rest_route=\/wp\/v2\/media\/3054"}],"wp:attachment":[{"href":"https:\/\/wp.schuli.net\/index.php?rest_route=%2Fwp%2Fv2%2Fmedia&parent=3056"}],"wp:term":[{"taxonomy":"category","embeddable":true,"href":"https:\/\/wp.schuli.net\/index.php?rest_route=%2Fwp%2Fv2%2Fcategories&post=3056"},{"taxonomy":"post_tag","embeddable":true,"href":"https:\/\/wp.schuli.net\/index.php?rest_route=%2Fwp%2Fv2%2Ftags&post=3056"}],"curies":[{"name":"wp","href":"https:\/\/api.w.org\/{rel}","templated":true}]}}