{"id":2783,"date":"2017-02-26T22:14:15","date_gmt":"2017-02-26T21:14:15","guid":{"rendered":"http:\/\/wp.schuli.net\/?p=2783"},"modified":"2017-02-26T22:14:15","modified_gmt":"2017-02-26T21:14:15","slug":"2017-08-thun-by-night","status":"publish","type":"post","link":"https:\/\/wp.schuli.net\/?p=2783","title":{"rendered":"2017-08: Thun by night"},"content":{"rendered":"<p>[et_pb_section admin_label=&#8221;section&#8221;][et_pb_row admin_label=&#8221;row&#8221;][et_pb_column type=&#8221;4_4&#8243;][et_pb_gallery admin_label=&#8221;Gallery&#8221; gallery_ids=&#8221;2778,2779,2780,2781,2782&#8243; fullwidth=&#8221;on&#8221; show_title_and_caption=&#8221;on&#8221; show_pagination=&#8221;on&#8221; background_layout=&#8221;light&#8221; auto=&#8221;on&#8221; hover_overlay_color=&#8221;rgba(255,255,255,0.9)&#8221; use_border_color=&#8221;off&#8221; border_color=&#8221;#ffffff&#8221; border_style=&#8221;solid&#8221; auto_speed=&#8221;4000&#8243;] [\/et_pb_gallery][et_pb_text admin_label=&#8221;Text&#8221; background_layout=&#8221;light&#8221; text_orientation=&#8221;left&#8221; use_border_color=&#8221;off&#8221; border_color=&#8221;#ffffff&#8221; border_style=&#8221;solid&#8221;]<\/p>\n<p>Thun bei Nacht. Urspr\u00fcnglich war diese Serie lediglich als Testserie vorgesehen. Dabei ging es mir darum ein Rauschreduktions-Verfahren zu testen und zu pr\u00fcfen, welche\u00a0Qualit\u00e4t bei Nachtaufnahmen von Hand (also ohne Stativ) mit heutiger Technik erzielt werden kann.<\/p>\n<p>&nbsp;<\/p>\n<p>[\/et_pb_text][\/et_pb_column][\/et_pb_row][et_pb_row admin_label=&#8221;Row&#8221;][et_pb_column type=&#8221;4_4&#8243;][et_pb_toggle admin_label=&#8221;Toggle&#8221; title=&#8221;Hintergrund zum Bild&#8221; open=&#8221;off&#8221; use_border_color=&#8221;off&#8221; border_color=&#8221;#ffffff&#8221; border_style=&#8221;solid&#8221;]<\/p>\n<p>Diese Bilder wurden als Testreihe von Hand geschossen. Dabei wurden jeweils 11 Bilder mit ISO 12500 aufgenommen und bei der Nachbearbeitung mit einen Stacking Verfahren zusammengef\u00fchrt. Da das Rauschen auf jedem Bild anders auftritt, kann Rauschen mittels Software erstaunlich gut reduziert\u00a0werden. Mit diesem Verfahren k\u00f6nnen Nachtaufnahmen also in k\u00fcrzester Zeit aufgenommen werden, daf\u00fcr erfordert die Nachbearbeitung mehr Zeit.<\/p>\n<p>Nat\u00fcrlich empfiehlt sich bei Nachtaufnahmen nach wie vor ein Stativ und tiefere ISO Werte zu verwenden. Abh\u00e4ngig vom Effekt, der erzielt werden soll, ist das erl\u00e4uterte Verfahren aber durchaus brauchbar einsetzbar.<\/p>\n<p>[\/et_pb_toggle][\/et_pb_column][\/et_pb_row][\/et_pb_section]<\/p>\n","protected":false},"excerpt":{"rendered":"<p>Thun bei Nacht. Urspr\u00fcnglich war diese Serie lediglich als Testserie vorgesehen. Dabei ging es mir darum ein Rauschreduktions-Verfahren zu testen und zu pr\u00fcfen, welche\u00a0Qualit\u00e4t bei Nachtaufnahmen von Hand (also ohne Stativ) mit heutiger Technik erzielt werden kann. &nbsp; Diese Bilder wurden als Testreihe von Hand geschossen. Dabei wurden jeweils 11 Bilder mit ISO 12500 aufgenommen [&hellip;]<\/p>\n","protected":false},"author":1,"featured_media":2778,"comment_status":"open","ping_status":"open","sticky":false,"template":"","format":"standard","meta":{"_et_pb_use_builder":"on","_et_pb_old_content":"","_et_gb_content_width":"","jetpack_post_was_ever_published":false,"_jetpack_newsletter_access":"","_jetpack_dont_email_post_to_subs":false,"_jetpack_newsletter_tier_id":0,"_jetpack_memberships_contains_paywalled_content":false,"_jetpack_memberships_contains_paid_content":false,"footnotes":"","jetpack_publicize_message":"","jetpack_publicize_feature_enabled":true,"jetpack_social_post_already_shared":true,"jetpack_social_options":{"image_generator_settings":{"template":"highway","default_image_id":0,"font":"","enabled":false},"version":2}},"categories":[33,16,19,11,3,26],"tags":[],"class_list":["post-2783","post","type-post","status-publish","format-standard","has-post-thumbnail","hentry","category-2017-schulis-weekly-picture-sessions","category-blog","category-city-impressions","category-colour","category-photo-portfolio","category-projects","et-has-post-format-content","et_post_format-et-post-format-standard"],"jetpack_publicize_connections":[],"jetpack_featured_media_url":"https:\/\/i0.wp.com\/wp.schuli.net\/wp-content\/uploads\/2017\/02\/17-08-Thun-by-night1_0116-27.jpg?fit=1400%2C977&ssl=1","jetpack_sharing_enabled":true,"jetpack_shortlink":"https:\/\/wp.me\/p23jlp-IT","jetpack-related-posts":[{"id":493,"url":"https:\/\/wp.schuli.net\/?p=493","url_meta":{"origin":2783,"position":0},"title":"Thun ar schoene gruene Aare naa &#8211; Farbzauber an einem Herbsttag","author":"Marius Schuler","date":"Sat, 10.12.2011","format":false,"excerpt":"Samstag, 12. November 2011. - Bei pr\u00e4chtigem Sonnenschein geniessen die Thuner warme Sonnenstrahlen an der knallgr\u00fcnen Aare in ihrer sch\u00f6nen Stadt. Der Winter l\u00e4sst noch auf sich warten und wen wundert's - irgendwie ist's bei diesen kraftvollen Farben allen recht, noch ein paar warme Tage zu geniessen, bevor die Faszination\u2026","rel":"","context":"In &quot;Blog&quot;","block_context":{"text":"Blog","link":"https:\/\/wp.schuli.net\/?cat=16"},"img":{"alt_text":"","src":"https:\/\/i0.wp.com\/wp.schuli.net\/wp-content\/uploads\/2011\/12\/wpid529-111112_sm1D3_0353-424-pano_ef4_lr-p2vr_equi_equi31_0_0.jpg?fit=800%2C373&ssl=1&resize=350%2C200","width":350,"height":200,"srcset":"https:\/\/i0.wp.com\/wp.schuli.net\/wp-content\/uploads\/2011\/12\/wpid529-111112_sm1D3_0353-424-pano_ef4_lr-p2vr_equi_equi31_0_0.jpg?fit=800%2C373&ssl=1&resize=350%2C200 1x, https:\/\/i0.wp.com\/wp.schuli.net\/wp-content\/uploads\/2011\/12\/wpid529-111112_sm1D3_0353-424-pano_ef4_lr-p2vr_equi_equi31_0_0.jpg?fit=800%2C373&ssl=1&resize=525%2C300 1.5x, https:\/\/i0.wp.com\/wp.schuli.net\/wp-content\/uploads\/2011\/12\/wpid529-111112_sm1D3_0353-424-pano_ef4_lr-p2vr_equi_equi31_0_0.jpg?fit=800%2C373&ssl=1&resize=700%2C400 2x"},"classes":[]},{"id":315,"url":"https:\/\/wp.schuli.net\/?p=315","url_meta":{"origin":2783,"position":1},"title":"Golden leaves in Thun &#8211; Rundum Herbstzauber","author":"Marius Schuler","date":"Sat, 19.11.2011","format":false,"excerpt":"Goldene Farben, Licht und Schatten an einem sch\u00f6nen Herbsttag bei ausgelassener Stimmung in Thun. Wer mag, kann unten ins Bild reinblicken und selber die Kontrolle \u00fcber die 360\u00b0 Rundumsicht \u00fcbernehmen.","rel":"","context":"In &quot;Blog&quot;","block_context":{"text":"Blog","link":"https:\/\/wp.schuli.net\/?cat=16"},"img":{"alt_text":"","src":"https:\/\/i0.wp.com\/wp.schuli.net\/wp-content\/uploads\/2011\/11\/wpid389-111112_sm1D3_0433-504-pano_ef.jpg?fit=800%2C295&ssl=1&resize=350%2C200","width":350,"height":200,"srcset":"https:\/\/i0.wp.com\/wp.schuli.net\/wp-content\/uploads\/2011\/11\/wpid389-111112_sm1D3_0433-504-pano_ef.jpg?fit=800%2C295&ssl=1&resize=350%2C200 1x, https:\/\/i0.wp.com\/wp.schuli.net\/wp-content\/uploads\/2011\/11\/wpid389-111112_sm1D3_0433-504-pano_ef.jpg?fit=800%2C295&ssl=1&resize=525%2C300 1.5x, https:\/\/i0.wp.com\/wp.schuli.net\/wp-content\/uploads\/2011\/11\/wpid389-111112_sm1D3_0433-504-pano_ef.jpg?fit=800%2C295&ssl=1&resize=700%2C400 2x"},"classes":[]},{"id":1565,"url":"https:\/\/wp.schuli.net\/?p=1565","url_meta":{"origin":2783,"position":2},"title":"2016-10: Geisterstadt","author":"Marius Schuler","date":"Sun, 13.03.2016","format":false,"excerpt":"","rel":"","context":"In &quot;2016 - Schulis Weekly Picture Series&quot;","block_context":{"text":"2016 - Schulis Weekly Picture Series","link":"https:\/\/wp.schuli.net\/?cat=27"},"img":{"alt_text":"","src":"https:\/\/i0.wp.com\/wp.schuli.net\/wp-content\/uploads\/2016\/03\/160312_smQ116_0904-AEP2-Bewegung9-FeatureBild.jpg?fit=300%2C300&ssl=1&resize=350%2C200","width":350,"height":200},"classes":[]},{"id":2560,"url":"https:\/\/wp.schuli.net\/?p=2560","url_meta":{"origin":2783,"position":3},"title":"2017-01: Cremeschnitte","author":"Marius Schuler","date":"Sun, 08.01.2017","format":false,"excerpt":"","rel":"","context":"In &quot;2017 - Schulis Weekly Picture Sessions&quot;","block_context":{"text":"2017 - Schulis Weekly Picture Sessions","link":"https:\/\/wp.schuli.net\/?cat=33"},"img":{"alt_text":"","src":"https:\/\/i0.wp.com\/wp.schuli.net\/wp-content\/uploads\/2017\/01\/2017-01b-Cremeschnitte_1400x1400.jpg?fit=1200%2C1200&ssl=1&resize=350%2C200","width":350,"height":200,"srcset":"https:\/\/i0.wp.com\/wp.schuli.net\/wp-content\/uploads\/2017\/01\/2017-01b-Cremeschnitte_1400x1400.jpg?fit=1200%2C1200&ssl=1&resize=350%2C200 1x, https:\/\/i0.wp.com\/wp.schuli.net\/wp-content\/uploads\/2017\/01\/2017-01b-Cremeschnitte_1400x1400.jpg?fit=1200%2C1200&ssl=1&resize=525%2C300 1.5x, https:\/\/i0.wp.com\/wp.schuli.net\/wp-content\/uploads\/2017\/01\/2017-01b-Cremeschnitte_1400x1400.jpg?fit=1200%2C1200&ssl=1&resize=700%2C400 2x, https:\/\/i0.wp.com\/wp.schuli.net\/wp-content\/uploads\/2017\/01\/2017-01b-Cremeschnitte_1400x1400.jpg?fit=1200%2C1200&ssl=1&resize=1050%2C600 3x"},"classes":[]},{"id":3258,"url":"https:\/\/wp.schuli.net\/?p=3258","url_meta":{"origin":2783,"position":4},"title":"2017-40: Fulehung","author":"Marius Schuler","date":"Sun, 08.10.2017","format":false,"excerpt":"","rel":"","context":"In &quot;2017 - Schulis Weekly Picture Sessions&quot;","block_context":{"text":"2017 - Schulis Weekly Picture Sessions","link":"https:\/\/wp.schuli.net\/?cat=33"},"img":{"alt_text":"","src":"https:\/\/i0.wp.com\/wp.schuli.net\/wp-content\/uploads\/2017\/09\/17-40-Fulehung6_0327.jpg?fit=1200%2C836&ssl=1&resize=350%2C200","width":350,"height":200,"srcset":"https:\/\/i0.wp.com\/wp.schuli.net\/wp-content\/uploads\/2017\/09\/17-40-Fulehung6_0327.jpg?fit=1200%2C836&ssl=1&resize=350%2C200 1x, https:\/\/i0.wp.com\/wp.schuli.net\/wp-content\/uploads\/2017\/09\/17-40-Fulehung6_0327.jpg?fit=1200%2C836&ssl=1&resize=525%2C300 1.5x, https:\/\/i0.wp.com\/wp.schuli.net\/wp-content\/uploads\/2017\/09\/17-40-Fulehung6_0327.jpg?fit=1200%2C836&ssl=1&resize=700%2C400 2x, https:\/\/i0.wp.com\/wp.schuli.net\/wp-content\/uploads\/2017\/09\/17-40-Fulehung6_0327.jpg?fit=1200%2C836&ssl=1&resize=1050%2C600 3x"},"classes":[]},{"id":2176,"url":"https:\/\/wp.schuli.net\/?p=2176","url_meta":{"origin":2783,"position":5},"title":"2016-51: Lichterleuchten in Thun","author":"Marius Schuler","date":"Sun, 25.12.2016","format":false,"excerpt":"","rel":"","context":"In &quot;2016 - Schulis Weekly Picture Series&quot;","block_context":{"text":"2016 - Schulis Weekly Picture Series","link":"https:\/\/wp.schuli.net\/?cat=27"},"img":{"alt_text":"","src":"https:\/\/i0.wp.com\/wp.schuli.net\/wp-content\/uploads\/2016\/12\/2016-KW51-Lichterleuchten-in-Thun4_0055.jpg?resize=350%2C200&ssl=1","width":350,"height":200,"srcset":"https:\/\/i0.wp.com\/wp.schuli.net\/wp-content\/uploads\/2016\/12\/2016-KW51-Lichterleuchten-in-Thun4_0055.jpg?resize=350%2C200&ssl=1 1x, https:\/\/i0.wp.com\/wp.schuli.net\/wp-content\/uploads\/2016\/12\/2016-KW51-Lichterleuchten-in-Thun4_0055.jpg?resize=525%2C300&ssl=1 1.5x, https:\/\/i0.wp.com\/wp.schuli.net\/wp-content\/uploads\/2016\/12\/2016-KW51-Lichterleuchten-in-Thun4_0055.jpg?resize=700%2C400&ssl=1 2x"},"classes":[]}],"_links":{"self":[{"href":"https:\/\/wp.schuli.net\/index.php?rest_route=\/wp\/v2\/posts\/2783","targetHints":{"allow":["GET"]}}],"collection":[{"href":"https:\/\/wp.schuli.net\/index.php?rest_route=\/wp\/v2\/posts"}],"about":[{"href":"https:\/\/wp.schuli.net\/index.php?rest_route=\/wp\/v2\/types\/post"}],"author":[{"embeddable":true,"href":"https:\/\/wp.schuli.net\/index.php?rest_route=\/wp\/v2\/users\/1"}],"replies":[{"embeddable":true,"href":"https:\/\/wp.schuli.net\/index.php?rest_route=%2Fwp%2Fv2%2Fcomments&post=2783"}],"version-history":[{"count":5,"href":"https:\/\/wp.schuli.net\/index.php?rest_route=\/wp\/v2\/posts\/2783\/revisions"}],"predecessor-version":[{"id":2788,"href":"https:\/\/wp.schuli.net\/index.php?rest_route=\/wp\/v2\/posts\/2783\/revisions\/2788"}],"wp:featuredmedia":[{"embeddable":true,"href":"https:\/\/wp.schuli.net\/index.php?rest_route=\/wp\/v2\/media\/2778"}],"wp:attachment":[{"href":"https:\/\/wp.schuli.net\/index.php?rest_route=%2Fwp%2Fv2%2Fmedia&parent=2783"}],"wp:term":[{"taxonomy":"category","embeddable":true,"href":"https:\/\/wp.schuli.net\/index.php?rest_route=%2Fwp%2Fv2%2Fcategories&post=2783"},{"taxonomy":"post_tag","embeddable":true,"href":"https:\/\/wp.schuli.net\/index.php?rest_route=%2Fwp%2Fv2%2Ftags&post=2783"}],"curies":[{"name":"wp","href":"https:\/\/api.w.org\/{rel}","templated":true}]}}