{"id":2642,"date":"2017-01-28T20:44:09","date_gmt":"2017-01-28T19:44:09","guid":{"rendered":"http:\/\/wp.schuli.net\/?p=2642"},"modified":"2017-01-28T23:32:58","modified_gmt":"2017-01-28T22:32:58","slug":"2017-04-unterwegs-fur-brot","status":"publish","type":"post","link":"https:\/\/wp.schuli.net\/?p=2642","title":{"rendered":"2017-04: Unterwegs f\u00fcr Brot"},"content":{"rendered":"<p>[et_pb_section admin_label=&#8221;section&#8221;][et_pb_row admin_label=&#8221;row&#8221;][et_pb_column type=&#8221;4_4&#8243;][et_pb_text admin_label=&#8221;Text&#8221; background_layout=&#8221;light&#8221; text_orientation=&#8221;left&#8221; use_border_color=&#8221;off&#8221; border_color=&#8221;#ffffff&#8221; border_style=&#8221;solid&#8221;]<\/p>\n<p>Nach den letzten beiden Beitr\u00e4gen ein drittes Mal in Lappland, genauer in \u00c4k\u00e4slompolo. Wir hatten uns damals f\u00fcr eine H\u00fctte fernab vom Zentrum entschieden. Das bedeutete, min. 1\/2 Stunde Fussmarsch bis zum n\u00e4chsten Laden. Ein Brot vom beliebten B\u00e4cker stellte einen Fussweg von\u00a02 x 1.5 Stunden durch wunderbar knirschenden Schnee bei -27\u00b0C dar. Gut eingeh\u00fcllt in warme Kleider, wird Brot holen pl\u00f6tzlich zum Tagesprojekt. Kaum vorstellbar in der heutigen hektischen Zeit. Um so mehr eine wohltuende Erholung, in den Ferien.<\/p>\n<p>Diese Bildserie gibt Einblick ins Tagesvorhaben <em>&#8220;Brot holen&#8221;<\/em>. \ud83d\ude42 \u2013 Ja, gut wenn man vor Ladenschluss dort ist.<\/p>\n<p>[\/et_pb_text][\/et_pb_column][\/et_pb_row][et_pb_row admin_label=&#8221;row&#8221;][et_pb_column type=&#8221;1_2&#8243;][et_pb_gallery admin_label=&#8221;Gallery&#8221; gallery_ids=&#8221;2644&#8243; fullwidth=&#8221;on&#8221; show_title_and_caption=&#8221;on&#8221; show_pagination=&#8221;on&#8221; background_layout=&#8221;light&#8221; auto=&#8221;on&#8221; hover_overlay_color=&#8221;rgba(255,255,255,0.9)&#8221; use_border_color=&#8221;off&#8221; border_color=&#8221;#ffffff&#8221; border_style=&#8221;solid&#8221; auto_speed=&#8221;4000&#8243;]<br \/>\n[\/et_pb_gallery][\/et_pb_column][et_pb_column type=&#8221;1_2&#8243;][et_pb_gallery admin_label=&#8221;Gallery&#8221; gallery_ids=&#8221;2645,2646,2647,2648,2649,2650&#8243; fullwidth=&#8221;on&#8221; show_title_and_caption=&#8221;on&#8221; show_pagination=&#8221;on&#8221; background_layout=&#8221;light&#8221; auto=&#8221;on&#8221; hover_overlay_color=&#8221;rgba(255,255,255,0.9)&#8221; use_border_color=&#8221;off&#8221; border_color=&#8221;#ffffff&#8221; border_style=&#8221;solid&#8221; auto_speed=&#8221;4000&#8243;]<br \/>\n[\/et_pb_gallery][\/et_pb_column][\/et_pb_row][et_pb_row admin_label=&#8221;Row&#8221;][et_pb_column type=&#8221;4_4&#8243;][et_pb_text admin_label=&#8221;Text&#8221; background_layout=&#8221;light&#8221; text_orientation=&#8221;left&#8221; use_border_color=&#8221;off&#8221; border_color=&#8221;#ffffff&#8221; border_style=&#8221;solid&#8221;]<\/p>\n<p>Klicke ins Bild und bewege Dich in der Szene des 360\u00b0 Panoramas als ob Du selber dort w\u00e4rst.\u00a0Mit Doppelklick kannst Du sogar den ganzen Bildschirm nutzen&#8230;<\/p>\n<p><div id='container2657_2642' style='width:850px; height:480px; position: relative;'>This content requires HTML5\/CSS3, WebGL, or Adobe Flash Player Version 9 or higher.<\/div><script type='text\/javascript' src='\/wp-content\/uploads\/2017\/01\/170128a_On_the_way_for_bread\/pano2vr_player.js'><\/script><script type='text\/javascript' src='\/wp-content\/uploads\/2017\/01\/170128a_On_the_way_for_bread\/skin.js'><\/script><script type='text\/javascript' src='\/wp-content\/plugins\/ggpkg-import\/include\/pano2vrgyro.js'><\/script><script type='text\/javascript'>if (ggHasHtml5Css3D() || ggHasWebGL()) {if  (typeof _170128a_On_the_way_for_bread_pano2vrPlayer != 'undefined') pano2657_2642=new _170128a_On_the_way_for_bread_pano2vrPlayer('container2657_2642');else pano2657_2642=new pano2vrPlayer('container2657_2642');if  (typeof _170128a_On_the_way_for_bread_pano2vrSkin != 'undefined') skin2657_2642=new _170128a_On_the_way_for_bread_pano2vrSkin(pano2657_2642, '\/wp-content\/uploads\/2017\/01\/170128a_On_the_way_for_bread\/\/');else skin2657_2642=new pano2vrSkin(pano2657_2642, '\/wp-content\/uploads\/2017\/01\/170128a_On_the_way_for_bread\/\/');window.addEventListener('load', function() {pano2657_2642.readConfigUrlAsync('\/wp-content\/uploads\/2017\/01\/170128a_On_the_way_for_bread\/pano.xml', function() {gyro2657_2642=new pano2vrGyro(pano2657_2642, 'container2657_2642');});});} else if (swfobject.hasFlashPlayerVersion('10.0.0')) {var flashvars = {};var params = {};function ggXmlReady() { initMap2657_2642();  };flashvars.externalinterface='1';params.quality = 'high';params.bgcolor = '#ffffff';params.allowscriptaccess = 'sameDomain';params.allowfullscreen = 'true';var attributes = {};attributes.id = 'pano2657_2642';attributes.name = 'pano2657_2642';attributes.align = 'middle';flashvars.panoxml= '\/wp-content\/uploads\/2017\/01\/170128a_On_the_way_for_bread\/pano.xml';flashvars.skinxml= '\/wp-content\/uploads\/2017\/01\/170128a_On_the_way_for_bread\/skin.xml';params.base='\/wp-content\/uploads\/2017\/01\/170128a_On_the_way_for_bread\/';swfobject.embedSWF('\/wp-content\/uploads\/2017\/01\/170128a_On_the_way_for_bread\/\/pano2vr_player.swf', 'container2657_2642','850px', '480px','10.0.0', '',flashvars, params, attributes);}<\/script><noscript><p><b>Please enable Javascript!<\/b><\/p><\/noscript><br><ul>\r\n<li><b>Title:<\/b> On the way for bread<\/li>\r\n<li><b>Description:<\/b> 2017-04: Unterwegs f\u00fcr Brot<\/li>\r\n<li><b>Author:<\/b> Marius Schuler<\/li>\r\n<li><b>Date\/Time:<\/b> 2011:02:08 13:27:58<\/li>\r\n<\/ul> [\/et_pb_text][\/et_pb_column][\/et_pb_row][\/et_pb_section]<\/p>\n","protected":false},"excerpt":{"rendered":"<p>Nach den letzten beiden Beitr\u00e4gen ein drittes Mal in Lappland, genauer in \u00c4k\u00e4slompolo. Wir hatten uns damals f\u00fcr eine H\u00fctte fernab vom Zentrum entschieden. Das bedeutete, min. 1\/2 Stunde Fussmarsch bis zum n\u00e4chsten Laden. Ein Brot vom beliebten B\u00e4cker stellte einen Fussweg von\u00a02 x 1.5 Stunden durch wunderbar knirschenden Schnee bei -27\u00b0C dar. Gut eingeh\u00fcllt [&hellip;]<\/p>\n","protected":false},"author":1,"featured_media":2644,"comment_status":"open","ping_status":"open","sticky":false,"template":"","format":"standard","meta":{"_et_pb_use_builder":"on","_et_pb_old_content":"","_et_gb_content_width":"","jetpack_post_was_ever_published":false,"_jetpack_newsletter_access":"","_jetpack_dont_email_post_to_subs":true,"_jetpack_newsletter_tier_id":0,"_jetpack_memberships_contains_paywalled_content":false,"_jetpack_memberships_contains_paid_content":false,"footnotes":"","jetpack_publicize_message":"","jetpack_publicize_feature_enabled":true,"jetpack_social_post_already_shared":true,"jetpack_social_options":{"image_generator_settings":{"template":"highway","default_image_id":0,"font":"","enabled":false},"version":2}},"categories":[33,16,11,4,7,3,26],"tags":[],"class_list":["post-2642","post","type-post","status-publish","format-standard","has-post-thumbnail","hentry","category-2017-schulis-weekly-picture-sessions","category-blog","category-colour","category-landscape","category-panorama","category-photo-portfolio","category-projects","et-has-post-format-content","et_post_format-et-post-format-standard"],"jetpack_publicize_connections":[],"jetpack_featured_media_url":"https:\/\/i0.wp.com\/wp.schuli.net\/wp-content\/uploads\/2017\/01\/17-04-Unterwegs-fuer-Brot1_8435-58-pano4.jpg?fit=2198%2C854&ssl=1","jetpack_sharing_enabled":true,"jetpack_shortlink":"https:\/\/wp.me\/p23jlp-GC","jetpack-related-posts":[{"id":3038,"url":"https:\/\/wp.schuli.net\/?p=3038","url_meta":{"origin":2642,"position":0},"title":"2017-21: Flugmanoever","author":"Marius Schuler","date":"Sun, 28.05.2017","format":false,"excerpt":"","rel":"","context":"In &quot;2017 - Schulis Weekly Picture Sessions&quot;","block_context":{"text":"2017 - Schulis Weekly Picture Sessions","link":"https:\/\/wp.schuli.net\/?cat=33"},"img":{"alt_text":"","src":"https:\/\/i0.wp.com\/wp.schuli.net\/wp-content\/uploads\/2017\/05\/17-21-Flugmanoever4_9622.jpg?fit=1200%2C836&ssl=1&resize=350%2C200","width":350,"height":200,"srcset":"https:\/\/i0.wp.com\/wp.schuli.net\/wp-content\/uploads\/2017\/05\/17-21-Flugmanoever4_9622.jpg?fit=1200%2C836&ssl=1&resize=350%2C200 1x, https:\/\/i0.wp.com\/wp.schuli.net\/wp-content\/uploads\/2017\/05\/17-21-Flugmanoever4_9622.jpg?fit=1200%2C836&ssl=1&resize=525%2C300 1.5x, https:\/\/i0.wp.com\/wp.schuli.net\/wp-content\/uploads\/2017\/05\/17-21-Flugmanoever4_9622.jpg?fit=1200%2C836&ssl=1&resize=700%2C400 2x, https:\/\/i0.wp.com\/wp.schuli.net\/wp-content\/uploads\/2017\/05\/17-21-Flugmanoever4_9622.jpg?fit=1200%2C836&ssl=1&resize=1050%2C600 3x"},"classes":[]},{"id":2720,"url":"https:\/\/wp.schuli.net\/?p=2720","url_meta":{"origin":2642,"position":1},"title":"2017-05: Gewitterwolken \u00fcber Vancouver","author":"Marius Schuler","date":"Sun, 05.02.2017","format":false,"excerpt":"","rel":"","context":"In &quot;2017 - Schulis Weekly Picture Sessions&quot;","block_context":{"text":"2017 - Schulis Weekly Picture Sessions","link":"https:\/\/wp.schuli.net\/?cat=33"},"img":{"alt_text":"","src":"https:\/\/i0.wp.com\/wp.schuli.net\/wp-content\/uploads\/2017\/02\/17-05-Thunderclouds-over-Vancouver1b_5239.jpg?fit=1200%2C931&ssl=1&resize=350%2C200","width":350,"height":200,"srcset":"https:\/\/i0.wp.com\/wp.schuli.net\/wp-content\/uploads\/2017\/02\/17-05-Thunderclouds-over-Vancouver1b_5239.jpg?fit=1200%2C931&ssl=1&resize=350%2C200 1x, https:\/\/i0.wp.com\/wp.schuli.net\/wp-content\/uploads\/2017\/02\/17-05-Thunderclouds-over-Vancouver1b_5239.jpg?fit=1200%2C931&ssl=1&resize=525%2C300 1.5x, https:\/\/i0.wp.com\/wp.schuli.net\/wp-content\/uploads\/2017\/02\/17-05-Thunderclouds-over-Vancouver1b_5239.jpg?fit=1200%2C931&ssl=1&resize=700%2C400 2x, https:\/\/i0.wp.com\/wp.schuli.net\/wp-content\/uploads\/2017\/02\/17-05-Thunderclouds-over-Vancouver1b_5239.jpg?fit=1200%2C931&ssl=1&resize=1050%2C600 3x"},"classes":[]},{"id":3358,"url":"https:\/\/wp.schuli.net\/?p=3358","url_meta":{"origin":2642,"position":2},"title":"2017-46:  NYC Rock, Steel and Central Park","author":"Marius Schuler","date":"Sun, 19.11.2017","format":false,"excerpt":"","rel":"","context":"In &quot;2017 - Schulis Weekly Picture Sessions&quot;","block_context":{"text":"2017 - Schulis Weekly Picture Sessions","link":"https:\/\/wp.schuli.net\/?cat=33"},"img":{"alt_text":"","src":"https:\/\/i0.wp.com\/wp.schuli.net\/wp-content\/uploads\/2017\/11\/17-46-NYC-Rock-Steel-and-Central-Park_0492-508.jpg?fit=1200%2C304&ssl=1&resize=350%2C200","width":350,"height":200,"srcset":"https:\/\/i0.wp.com\/wp.schuli.net\/wp-content\/uploads\/2017\/11\/17-46-NYC-Rock-Steel-and-Central-Park_0492-508.jpg?fit=1200%2C304&ssl=1&resize=350%2C200 1x, https:\/\/i0.wp.com\/wp.schuli.net\/wp-content\/uploads\/2017\/11\/17-46-NYC-Rock-Steel-and-Central-Park_0492-508.jpg?fit=1200%2C304&ssl=1&resize=525%2C300 1.5x, https:\/\/i0.wp.com\/wp.schuli.net\/wp-content\/uploads\/2017\/11\/17-46-NYC-Rock-Steel-and-Central-Park_0492-508.jpg?fit=1200%2C304&ssl=1&resize=700%2C400 2x, https:\/\/i0.wp.com\/wp.schuli.net\/wp-content\/uploads\/2017\/11\/17-46-NYC-Rock-Steel-and-Central-Park_0492-508.jpg?fit=1200%2C304&ssl=1&resize=1050%2C600 3x"},"classes":[]},{"id":2794,"url":"https:\/\/wp.schuli.net\/?p=2794","url_meta":{"origin":2642,"position":3},"title":"2017-09: Horu","author":"Marius Schuler","date":"Sun, 05.03.2017","format":false,"excerpt":"","rel":"","context":"In &quot;2017 - Schulis Weekly Picture Sessions&quot;","block_context":{"text":"2017 - Schulis Weekly Picture Sessions","link":"https:\/\/wp.schuli.net\/?cat=33"},"img":{"alt_text":"","src":"https:\/\/i0.wp.com\/wp.schuli.net\/wp-content\/uploads\/2017\/03\/IMG_1638.jpg?fit=1200%2C800&ssl=1&resize=350%2C200","width":350,"height":200,"srcset":"https:\/\/i0.wp.com\/wp.schuli.net\/wp-content\/uploads\/2017\/03\/IMG_1638.jpg?fit=1200%2C800&ssl=1&resize=350%2C200 1x, https:\/\/i0.wp.com\/wp.schuli.net\/wp-content\/uploads\/2017\/03\/IMG_1638.jpg?fit=1200%2C800&ssl=1&resize=525%2C300 1.5x, https:\/\/i0.wp.com\/wp.schuli.net\/wp-content\/uploads\/2017\/03\/IMG_1638.jpg?fit=1200%2C800&ssl=1&resize=700%2C400 2x, https:\/\/i0.wp.com\/wp.schuli.net\/wp-content\/uploads\/2017\/03\/IMG_1638.jpg?fit=1200%2C800&ssl=1&resize=1050%2C600 3x"},"classes":[]},{"id":984,"url":"https:\/\/wp.schuli.net\/?p=984","url_meta":{"origin":2642,"position":4},"title":"Skiing in beautiful Canada","author":"Marius Schuler","date":"Mon, 13.01.2014","format":false,"excerpt":"13.01.2014sm - Warum fliegen Schweizer zum Skifahren nach Kanada? - Diese Frage wurde uns verst\u00e4ndlicherweise auf der Reise immer wieder gestellt. :) Auch wenn einer der Beweggr\u00fcnde war, eine offene Rechnung aus dem 2010 abzuschliessen und auch noch Whistler zu befahren, sind andere Skigebiete oben auf der Liste der Empfehlungen\u2026","rel":"","context":"In &quot;Blog&quot;","block_context":{"text":"Blog","link":"https:\/\/wp.schuli.net\/?cat=16"},"img":{"alt_text":"","src":"https:\/\/i0.wp.com\/wp.schuli.net\/wp-content\/uploads\/2013\/12\/20131226-213742.jpg?fit=300%2C200&ssl=1&resize=350%2C200","width":350,"height":200},"classes":[]},{"id":3191,"url":"https:\/\/wp.schuli.net\/?p=3191","url_meta":{"origin":2642,"position":5},"title":"2017-34: Mitternacht am Nordkapp","author":"Marius Schuler","date":"Sun, 27.08.2017","format":false,"excerpt":"","rel":"","context":"In &quot;2017 - Schulis Weekly Picture Sessions&quot;","block_context":{"text":"2017 - Schulis Weekly Picture Sessions","link":"https:\/\/wp.schuli.net\/?cat=33"},"img":{"alt_text":"","src":"https:\/\/i0.wp.com\/wp.schuli.net\/wp-content\/uploads\/2017\/08\/17-34-Mitternach-am-Nordkapp3_0582.jpg?fit=1200%2C843&ssl=1&resize=350%2C200","width":350,"height":200,"srcset":"https:\/\/i0.wp.com\/wp.schuli.net\/wp-content\/uploads\/2017\/08\/17-34-Mitternach-am-Nordkapp3_0582.jpg?fit=1200%2C843&ssl=1&resize=350%2C200 1x, https:\/\/i0.wp.com\/wp.schuli.net\/wp-content\/uploads\/2017\/08\/17-34-Mitternach-am-Nordkapp3_0582.jpg?fit=1200%2C843&ssl=1&resize=525%2C300 1.5x, https:\/\/i0.wp.com\/wp.schuli.net\/wp-content\/uploads\/2017\/08\/17-34-Mitternach-am-Nordkapp3_0582.jpg?fit=1200%2C843&ssl=1&resize=700%2C400 2x, https:\/\/i0.wp.com\/wp.schuli.net\/wp-content\/uploads\/2017\/08\/17-34-Mitternach-am-Nordkapp3_0582.jpg?fit=1200%2C843&ssl=1&resize=1050%2C600 3x"},"classes":[]}],"_links":{"self":[{"href":"https:\/\/wp.schuli.net\/index.php?rest_route=\/wp\/v2\/posts\/2642","targetHints":{"allow":["GET"]}}],"collection":[{"href":"https:\/\/wp.schuli.net\/index.php?rest_route=\/wp\/v2\/posts"}],"about":[{"href":"https:\/\/wp.schuli.net\/index.php?rest_route=\/wp\/v2\/types\/post"}],"author":[{"embeddable":true,"href":"https:\/\/wp.schuli.net\/index.php?rest_route=\/wp\/v2\/users\/1"}],"replies":[{"embeddable":true,"href":"https:\/\/wp.schuli.net\/index.php?rest_route=%2Fwp%2Fv2%2Fcomments&post=2642"}],"version-history":[{"count":12,"href":"https:\/\/wp.schuli.net\/index.php?rest_route=\/wp\/v2\/posts\/2642\/revisions"}],"predecessor-version":[{"id":2666,"href":"https:\/\/wp.schuli.net\/index.php?rest_route=\/wp\/v2\/posts\/2642\/revisions\/2666"}],"wp:featuredmedia":[{"embeddable":true,"href":"https:\/\/wp.schuli.net\/index.php?rest_route=\/wp\/v2\/media\/2644"}],"wp:attachment":[{"href":"https:\/\/wp.schuli.net\/index.php?rest_route=%2Fwp%2Fv2%2Fmedia&parent=2642"}],"wp:term":[{"taxonomy":"category","embeddable":true,"href":"https:\/\/wp.schuli.net\/index.php?rest_route=%2Fwp%2Fv2%2Fcategories&post=2642"},{"taxonomy":"post_tag","embeddable":true,"href":"https:\/\/wp.schuli.net\/index.php?rest_route=%2Fwp%2Fv2%2Ftags&post=2642"}],"curies":[{"name":"wp","href":"https:\/\/api.w.org\/{rel}","templated":true}]}}