{"id":2579,"date":"2017-01-15T19:00:01","date_gmt":"2017-01-15T18:00:01","guid":{"rendered":"http:\/\/wp.schuli.net\/?p=2579"},"modified":"2017-01-16T07:12:15","modified_gmt":"2017-01-16T06:12:15","slug":"2017-02-mittagssonne-in-lappland","status":"publish","type":"post","link":"https:\/\/wp.schuli.net\/?p=2579","title":{"rendered":"2017-02: Mittagssonne in Lappland"},"content":{"rendered":"<p>[et_pb_section admin_label=&#8221;section&#8221;][et_pb_row admin_label=&#8221;row&#8221;][et_pb_column type=&#8221;4_4&#8243;][et_pb_gallery admin_label=&#8221;Gallery&#8221; gallery_ids=&#8221;2586&#8243; fullwidth=&#8221;on&#8221; show_title_and_caption=&#8221;on&#8221; show_pagination=&#8221;on&#8221; background_layout=&#8221;light&#8221; auto=&#8221;off&#8221; hover_overlay_color=&#8221;rgba(255,255,255,0.9)&#8221; use_border_color=&#8221;off&#8221; border_color=&#8221;#ffffff&#8221; border_style=&#8221;solid&#8221;]<\/p>\n<p>[\/et_pb_gallery][et_pb_text admin_label=&#8221;Text&#8221; background_layout=&#8221;light&#8221; text_orientation=&#8221;left&#8221; use_border_color=&#8221;off&#8221; border_color=&#8221;#ffffff&#8221; border_style=&#8221;solid&#8221;]<\/p>\n<p>Februar im Jahr 2011. Im Nirgendwo des hohen Nordens in Lappland. Sobald die Motoren der Skidoos ausgeschaltet sind, herrscht\u00a0absolute Ruhe.\u00a0Die Sonne steht w\u00e4hrend den paar wenigen Tagesstunden tief und vermag die -25\u00b0C\u00a0nicht wirklich sp\u00fcrbar aufzuw\u00e4rmen. \u2013 Um&#8217;s Herz ist einem bei dieser pr\u00e4chtigen\u00a0Landschaft aber sehr wohl warm.<\/p>\n<p>[\/et_pb_text][\/et_pb_column][\/et_pb_row][et_pb_row admin_label=&#8221;Row&#8221;][et_pb_column type=&#8221;4_4&#8243;][et_pb_text admin_label=&#8221;Text&#8221; background_layout=&#8221;light&#8221; text_orientation=&#8221;left&#8221; use_border_color=&#8221;off&#8221; border_color=&#8221;#ffffff&#8221; border_style=&#8221;solid&#8221;]<\/p>\n<p><em>Klicke ins Bild und bewege Dich in der Szene des 360\u00b0 Panoramas als ob Du selber dort w\u00e4rst.\u00a0Mit Doppelklick kannst Du sogar den ganzen Bildschirm nutzen&#8230;<br \/>\n<\/em><div id='container2582_2579' style='width:850px; height:480px; position: relative;'>This content requires HTML5\/CSS3, WebGL, or Adobe Flash Player Version 9 or higher.<\/div><script type='text\/javascript' src='\/wp-content\/uploads\/2017\/01\/170115a_Noonday_sun_at_Lapland_v4\/pano2vr_player.js'><\/script><script type='text\/javascript' src='\/wp-content\/uploads\/2017\/01\/170115a_Noonday_sun_at_Lapland_v4\/skin.js'><\/script><script type='text\/javascript' src='\/wp-content\/plugins\/ggpkg-import\/include\/pano2vrgyro.js'><\/script><script type='text\/javascript'>if (ggHasHtml5Css3D() || ggHasWebGL()) {if  (typeof _170115a_Noonday_sun_at_Lapland_v4_pano2vrPlayer != 'undefined') pano2582_2579=new _170115a_Noonday_sun_at_Lapland_v4_pano2vrPlayer('container2582_2579');else pano2582_2579=new pano2vrPlayer('container2582_2579');if  (typeof _170115a_Noonday_sun_at_Lapland_v4_pano2vrSkin != 'undefined') skin2582_2579=new _170115a_Noonday_sun_at_Lapland_v4_pano2vrSkin(pano2582_2579, '\/wp-content\/uploads\/2017\/01\/170115a_Noonday_sun_at_Lapland_v4\/\/');else skin2582_2579=new pano2vrSkin(pano2582_2579, '\/wp-content\/uploads\/2017\/01\/170115a_Noonday_sun_at_Lapland_v4\/\/');window.addEventListener('load', function() {pano2582_2579.readConfigUrlAsync('\/wp-content\/uploads\/2017\/01\/170115a_Noonday_sun_at_Lapland_v4\/pano.xml', function() {gyro2582_2579=new pano2vrGyro(pano2582_2579, 'container2582_2579');});});} else if (swfobject.hasFlashPlayerVersion('10.0.0')) {var flashvars = {};var params = {};function ggXmlReady() { initMap2582_2579();  };flashvars.externalinterface='1';params.quality = 'high';params.bgcolor = '#ffffff';params.allowscriptaccess = 'sameDomain';params.allowfullscreen = 'true';var attributes = {};attributes.id = 'pano2582_2579';attributes.name = 'pano2582_2579';attributes.align = 'middle';flashvars.panoxml= '\/wp-content\/uploads\/2017\/01\/170115a_Noonday_sun_at_Lapland_v4\/pano.xml';flashvars.skinxml= '\/wp-content\/uploads\/2017\/01\/170115a_Noonday_sun_at_Lapland_v4\/skin.xml';params.base='\/wp-content\/uploads\/2017\/01\/170115a_Noonday_sun_at_Lapland_v4\/';swfobject.embedSWF('\/wp-content\/uploads\/2017\/01\/170115a_Noonday_sun_at_Lapland_v4\/\/pano2vr_player.swf', 'container2582_2579','850px', '480px','10.0.0', '',flashvars, params, attributes);}<\/script><noscript><p><b>Please enable Javascript!<\/b><\/p><\/noscript><br><ul>\r\n<li><b>Title:<\/b> Noonday sun at Lapland<\/li>\r\n<li><b>Description:<\/b> 2017-02: Mittagssonne in Lappland<\/li>\r\n<li><b>Author:<\/b> Marius Schuler<\/li>\r\n<li><b>Date\/Time:<\/b> 10.02.2011, 12:37<\/li>\r\n<\/ul><\/p>\n<p>[\/et_pb_text][et_pb_toggle admin_label=&#8221;Toggle&#8221; title=&#8221;Hintergrund zum Bild&#8221; open=&#8221;off&#8221; use_border_color=&#8221;off&#8221; border_color=&#8221;#ffffff&#8221; border_style=&#8221;solid&#8221;]<\/p>\n<p>Dieses Bild besteht aus 72 Einzelbildern, wobei das Panorama mit einem Nodalpunktadapter und Stativ in drei Reihen \u00e0 acht Bilder aufgenommen wurde. Da der Blick in die Sonne gegen\u00fcber der sonnenabgewandten Seite zu einem sehr grossen Dynamikumfang f\u00fchrt, war es sinnvoll eine HDR (High Dynamik Range) Aufnahme zu machen. Deshalb liegen die Bilder in drei Varianten vor, einmal im Mittelwert, einmal \u00fcber- und einmal unterbelichtet. Dies f\u00fchrt zu 3 x 24, also 72 Bildern.<br \/>\nBeim Berechnen des Bildes ist mir wichtig, dass das resultierende Bild nicht wie ein k\u00fcnstliches HDR Bild, sondern ausbalanciert und nat\u00fcrlich wirkt.<\/p>\n<p>Das Bildmaterial f\u00fcr dieses Bild ist nun sechs Jahre auf meinem Datenspeicher liegen geblieben, weil es ein paar spezielle Herausforderungen enthalten hat. W\u00e4hrend der Aufnahme (ca. zwei Minuten) hat sich der Sonnenstand bereits so ver\u00e4ndert, dass der tiefe Schattenwurf sich ver\u00e4ndert hat und nicht auf allen Ausgangsbildern gleich liegt. Dies musste mit Nachbearbeitung korrigiert werden, wobei die vergangene Zeit seit 2011 dazu gef\u00fchrt hat, dass ich heute im 2017 ausgekl\u00fcgelte Software verwenden konnte, welche es vor sechs Jahren so noch nicht gab. Mit etwas Know-how, was ich mir eigens dazu angeeignet habe, konnte nun ein passables Resultat erreicht werden.<\/p>\n<p><strong>Resaultat aus technischer Sicht<\/strong><br \/>\nDas finale Bild liegt als hochaufl\u00f6send und grossformatig druckbares Panorama vor, welches eine beachtliche Gr\u00f6sse von 1.2 GB aufweiset.<\/p>\n<p>[\/et_pb_toggle][\/et_pb_column][\/et_pb_row][\/et_pb_section]<\/p>\n","protected":false},"excerpt":{"rendered":"<p>Februar im Jahr 2011. Im Nirgendwo des hohen Nordens in Lappland. Sobald die Motoren der Skidoos ausgeschaltet sind, herrscht\u00a0absolute Ruhe.\u00a0Die Sonne steht w\u00e4hrend den paar wenigen Tagesstunden tief und vermag die -25\u00b0C\u00a0nicht wirklich sp\u00fcrbar aufzuw\u00e4rmen. \u2013 Um&#8217;s Herz ist einem bei dieser pr\u00e4chtigen\u00a0Landschaft aber sehr wohl warm. Klicke ins Bild und bewege Dich in der [&hellip;]<\/p>\n","protected":false},"author":1,"featured_media":2586,"comment_status":"open","ping_status":"open","sticky":false,"template":"","format":"standard","meta":{"_et_pb_use_builder":"on","_et_pb_old_content":"","_et_gb_content_width":"","jetpack_post_was_ever_published":false,"_jetpack_newsletter_access":"","_jetpack_dont_email_post_to_subs":true,"_jetpack_newsletter_tier_id":0,"_jetpack_memberships_contains_paywalled_content":false,"_jetpack_memberships_contains_paid_content":false,"footnotes":"","jetpack_publicize_message":"","jetpack_publicize_feature_enabled":true,"jetpack_social_post_already_shared":true,"jetpack_social_options":{"image_generator_settings":{"template":"highway","default_image_id":0,"font":"","enabled":false},"version":2}},"categories":[33,16,11,4,7,3,26],"tags":[],"class_list":["post-2579","post","type-post","status-publish","format-standard","has-post-thumbnail","hentry","category-2017-schulis-weekly-picture-sessions","category-blog","category-colour","category-landscape","category-panorama","category-photo-portfolio","category-projects","et-has-post-format-content","et_post_format-et-post-format-standard"],"jetpack_publicize_connections":[],"jetpack_featured_media_url":"https:\/\/i0.wp.com\/wp.schuli.net\/wp-content\/uploads\/2017\/01\/17-02-Mittagssonne-in-Lappland_8773-847.jpg?fit=3254%2C854&ssl=1","jetpack_sharing_enabled":true,"jetpack_shortlink":"https:\/\/wp.me\/p23jlp-FB","jetpack-related-posts":[{"id":3165,"url":"https:\/\/wp.schuli.net\/?p=3165","url_meta":{"origin":2579,"position":0},"title":"2017-32: Ankezuepfe","author":"Marius Schuler","date":"Sun, 13.08.2017","format":false,"excerpt":"","rel":"","context":"In &quot;2017 - Schulis Weekly Picture Sessions&quot;","block_context":{"text":"2017 - Schulis Weekly Picture Sessions","link":"https:\/\/wp.schuli.net\/?cat=33"},"img":{"alt_text":"","src":"https:\/\/i0.wp.com\/wp.schuli.net\/wp-content\/uploads\/2017\/08\/img_6349.jpg?fit=1200%2C1200&ssl=1&resize=350%2C200","width":350,"height":200,"srcset":"https:\/\/i0.wp.com\/wp.schuli.net\/wp-content\/uploads\/2017\/08\/img_6349.jpg?fit=1200%2C1200&ssl=1&resize=350%2C200 1x, https:\/\/i0.wp.com\/wp.schuli.net\/wp-content\/uploads\/2017\/08\/img_6349.jpg?fit=1200%2C1200&ssl=1&resize=525%2C300 1.5x, https:\/\/i0.wp.com\/wp.schuli.net\/wp-content\/uploads\/2017\/08\/img_6349.jpg?fit=1200%2C1200&ssl=1&resize=700%2C400 2x, https:\/\/i0.wp.com\/wp.schuli.net\/wp-content\/uploads\/2017\/08\/img_6349.jpg?fit=1200%2C1200&ssl=1&resize=1050%2C600 3x"},"classes":[]},{"id":2642,"url":"https:\/\/wp.schuli.net\/?p=2642","url_meta":{"origin":2579,"position":1},"title":"2017-04: Unterwegs f\u00fcr Brot","author":"Marius Schuler","date":"Sat, 28.01.2017","format":false,"excerpt":"","rel":"","context":"In &quot;2017 - Schulis Weekly Picture Sessions&quot;","block_context":{"text":"2017 - Schulis Weekly Picture Sessions","link":"https:\/\/wp.schuli.net\/?cat=33"},"img":{"alt_text":"","src":"https:\/\/i0.wp.com\/wp.schuli.net\/wp-content\/uploads\/2017\/01\/17-04-Unterwegs-fuer-Brot1_8435-58-pano4.jpg?fit=1200%2C466&ssl=1&resize=350%2C200","width":350,"height":200,"srcset":"https:\/\/i0.wp.com\/wp.schuli.net\/wp-content\/uploads\/2017\/01\/17-04-Unterwegs-fuer-Brot1_8435-58-pano4.jpg?fit=1200%2C466&ssl=1&resize=350%2C200 1x, https:\/\/i0.wp.com\/wp.schuli.net\/wp-content\/uploads\/2017\/01\/17-04-Unterwegs-fuer-Brot1_8435-58-pano4.jpg?fit=1200%2C466&ssl=1&resize=525%2C300 1.5x, https:\/\/i0.wp.com\/wp.schuli.net\/wp-content\/uploads\/2017\/01\/17-04-Unterwegs-fuer-Brot1_8435-58-pano4.jpg?fit=1200%2C466&ssl=1&resize=700%2C400 2x, https:\/\/i0.wp.com\/wp.schuli.net\/wp-content\/uploads\/2017\/01\/17-04-Unterwegs-fuer-Brot1_8435-58-pano4.jpg?fit=1200%2C466&ssl=1&resize=1050%2C600 3x"},"classes":[]},{"id":3224,"url":"https:\/\/wp.schuli.net\/?p=3224","url_meta":{"origin":2579,"position":2},"title":"2017-37: Skulpturen &#8211; Torso","author":"Marius Schuler","date":"Sun, 17.09.2017","format":false,"excerpt":"","rel":"","context":"In &quot;2017 - Schulis Weekly Picture Sessions&quot;","block_context":{"text":"2017 - Schulis Weekly Picture Sessions","link":"https:\/\/wp.schuli.net\/?cat=33"},"img":{"alt_text":"","src":"https:\/\/i0.wp.com\/wp.schuli.net\/wp-content\/uploads\/2017\/09\/17-37-Skulpturen-Torso5_0241.jpg?fit=1200%2C836&ssl=1&resize=350%2C200","width":350,"height":200,"srcset":"https:\/\/i0.wp.com\/wp.schuli.net\/wp-content\/uploads\/2017\/09\/17-37-Skulpturen-Torso5_0241.jpg?fit=1200%2C836&ssl=1&resize=350%2C200 1x, https:\/\/i0.wp.com\/wp.schuli.net\/wp-content\/uploads\/2017\/09\/17-37-Skulpturen-Torso5_0241.jpg?fit=1200%2C836&ssl=1&resize=525%2C300 1.5x, https:\/\/i0.wp.com\/wp.schuli.net\/wp-content\/uploads\/2017\/09\/17-37-Skulpturen-Torso5_0241.jpg?fit=1200%2C836&ssl=1&resize=700%2C400 2x, https:\/\/i0.wp.com\/wp.schuli.net\/wp-content\/uploads\/2017\/09\/17-37-Skulpturen-Torso5_0241.jpg?fit=1200%2C836&ssl=1&resize=1050%2C600 3x"},"classes":[]},{"id":2804,"url":"https:\/\/wp.schuli.net\/?p=2804","url_meta":{"origin":2579,"position":3},"title":"2017-10: Zer-Matterhorn bi St\u00e4rne-, Mond- u Sunneschin","author":"Marius Schuler","date":"Sun, 12.03.2017","format":false,"excerpt":"","rel":"","context":"In &quot;2017 - Schulis Weekly Picture Sessions&quot;","block_context":{"text":"2017 - Schulis Weekly Picture Sessions","link":"https:\/\/wp.schuli.net\/?cat=33"},"img":{"alt_text":"","src":"https:\/\/i0.wp.com\/wp.schuli.net\/wp-content\/uploads\/2017\/03\/17-10-Zer-Matterhorn3_0139.jpg?fit=1200%2C836&ssl=1&resize=350%2C200","width":350,"height":200,"srcset":"https:\/\/i0.wp.com\/wp.schuli.net\/wp-content\/uploads\/2017\/03\/17-10-Zer-Matterhorn3_0139.jpg?fit=1200%2C836&ssl=1&resize=350%2C200 1x, https:\/\/i0.wp.com\/wp.schuli.net\/wp-content\/uploads\/2017\/03\/17-10-Zer-Matterhorn3_0139.jpg?fit=1200%2C836&ssl=1&resize=525%2C300 1.5x, https:\/\/i0.wp.com\/wp.schuli.net\/wp-content\/uploads\/2017\/03\/17-10-Zer-Matterhorn3_0139.jpg?fit=1200%2C836&ssl=1&resize=700%2C400 2x, https:\/\/i0.wp.com\/wp.schuli.net\/wp-content\/uploads\/2017\/03\/17-10-Zer-Matterhorn3_0139.jpg?fit=1200%2C836&ssl=1&resize=1050%2C600 3x"},"classes":[]},{"id":2186,"url":"https:\/\/wp.schuli.net\/?p=2186","url_meta":{"origin":2579,"position":4},"title":"2016-52: Gesundes neues Jahr","author":"Marius Schuler","date":"Sat, 31.12.2016","format":false,"excerpt":"","rel":"","context":"In &quot;2016 - Schulis Weekly Picture Series&quot;","block_context":{"text":"2016 - Schulis Weekly Picture Series","link":"https:\/\/wp.schuli.net\/?cat=27"},"img":{"alt_text":"","src":"https:\/\/i0.wp.com\/wp.schuli.net\/wp-content\/uploads\/2016\/12\/2016-52-Gesundes-neues-Jahr4_0112.jpg?resize=350%2C200&ssl=1","width":350,"height":200,"srcset":"https:\/\/i0.wp.com\/wp.schuli.net\/wp-content\/uploads\/2016\/12\/2016-52-Gesundes-neues-Jahr4_0112.jpg?resize=350%2C200&ssl=1 1x, https:\/\/i0.wp.com\/wp.schuli.net\/wp-content\/uploads\/2016\/12\/2016-52-Gesundes-neues-Jahr4_0112.jpg?resize=525%2C300&ssl=1 1.5x, https:\/\/i0.wp.com\/wp.schuli.net\/wp-content\/uploads\/2016\/12\/2016-52-Gesundes-neues-Jahr4_0112.jpg?resize=700%2C400&ssl=1 2x"},"classes":[]},{"id":3241,"url":"https:\/\/wp.schuli.net\/?p=3241","url_meta":{"origin":2579,"position":5},"title":"2017-39: Skulpturen \u2013 andere Objekte","author":"Marius Schuler","date":"Sun, 01.10.2017","format":false,"excerpt":"","rel":"","context":"In &quot;2017 - Schulis Weekly Picture Sessions&quot;","block_context":{"text":"2017 - Schulis Weekly Picture Sessions","link":"https:\/\/wp.schuli.net\/?cat=33"},"img":{"alt_text":"","src":"https:\/\/i0.wp.com\/wp.schuli.net\/wp-content\/uploads\/2017\/09\/17-39-Skulpturen-andere-Objekte1_0218.jpg?fit=1200%2C836&ssl=1&resize=350%2C200","width":350,"height":200,"srcset":"https:\/\/i0.wp.com\/wp.schuli.net\/wp-content\/uploads\/2017\/09\/17-39-Skulpturen-andere-Objekte1_0218.jpg?fit=1200%2C836&ssl=1&resize=350%2C200 1x, https:\/\/i0.wp.com\/wp.schuli.net\/wp-content\/uploads\/2017\/09\/17-39-Skulpturen-andere-Objekte1_0218.jpg?fit=1200%2C836&ssl=1&resize=525%2C300 1.5x, https:\/\/i0.wp.com\/wp.schuli.net\/wp-content\/uploads\/2017\/09\/17-39-Skulpturen-andere-Objekte1_0218.jpg?fit=1200%2C836&ssl=1&resize=700%2C400 2x, https:\/\/i0.wp.com\/wp.schuli.net\/wp-content\/uploads\/2017\/09\/17-39-Skulpturen-andere-Objekte1_0218.jpg?fit=1200%2C836&ssl=1&resize=1050%2C600 3x"},"classes":[]}],"_links":{"self":[{"href":"https:\/\/wp.schuli.net\/index.php?rest_route=\/wp\/v2\/posts\/2579","targetHints":{"allow":["GET"]}}],"collection":[{"href":"https:\/\/wp.schuli.net\/index.php?rest_route=\/wp\/v2\/posts"}],"about":[{"href":"https:\/\/wp.schuli.net\/index.php?rest_route=\/wp\/v2\/types\/post"}],"author":[{"embeddable":true,"href":"https:\/\/wp.schuli.net\/index.php?rest_route=\/wp\/v2\/users\/1"}],"replies":[{"embeddable":true,"href":"https:\/\/wp.schuli.net\/index.php?rest_route=%2Fwp%2Fv2%2Fcomments&post=2579"}],"version-history":[{"count":16,"href":"https:\/\/wp.schuli.net\/index.php?rest_route=\/wp\/v2\/posts\/2579\/revisions"}],"predecessor-version":[{"id":2607,"href":"https:\/\/wp.schuli.net\/index.php?rest_route=\/wp\/v2\/posts\/2579\/revisions\/2607"}],"wp:featuredmedia":[{"embeddable":true,"href":"https:\/\/wp.schuli.net\/index.php?rest_route=\/wp\/v2\/media\/2586"}],"wp:attachment":[{"href":"https:\/\/wp.schuli.net\/index.php?rest_route=%2Fwp%2Fv2%2Fmedia&parent=2579"}],"wp:term":[{"taxonomy":"category","embeddable":true,"href":"https:\/\/wp.schuli.net\/index.php?rest_route=%2Fwp%2Fv2%2Fcategories&post=2579"},{"taxonomy":"post_tag","embeddable":true,"href":"https:\/\/wp.schuli.net\/index.php?rest_route=%2Fwp%2Fv2%2Ftags&post=2579"}],"curies":[{"name":"wp","href":"https:\/\/api.w.org\/{rel}","templated":true}]}}