{"id":2176,"date":"2016-12-25T23:20:14","date_gmt":"2016-12-25T22:20:14","guid":{"rendered":"http:\/\/wp.schuli.net\/?p=2176"},"modified":"2017-01-08T08:36:35","modified_gmt":"2017-01-08T07:36:35","slug":"2016-kw51-lichterleuchten-in-thun","status":"publish","type":"post","link":"https:\/\/wp.schuli.net\/?p=2176","title":{"rendered":"2016-51: Lichterleuchten in Thun"},"content":{"rendered":"<p>[et_pb_section admin_label=&#8221;section&#8221;][et_pb_row admin_label=&#8221;Row&#8221;][et_pb_column type=&#8221;4_4&#8243;][et_pb_text admin_label=&#8221;Text&#8221; background_layout=&#8221;light&#8221; text_orientation=&#8221;left&#8221; use_border_color=&#8221;off&#8221; border_color=&#8221;#ffffff&#8221; border_style=&#8221;solid&#8221;]<\/p>\n<p>Weihnachtsmorgen, die Stadt schl\u00e4ft noch. Tausende\u00a0Lichter leuchten und laden zum Spaziergang ein. Nach und nach erhellt sich der Himmel und erste Zeichen von Bewegung brechen die eingefrorene Ruhe des anbrechenden Festtages.<\/p>\n<p>[\/et_pb_text][\/et_pb_column][\/et_pb_row][et_pb_row admin_label=&#8221;Row&#8221; make_fullwidth=&#8221;off&#8221; use_custom_width=&#8221;on&#8221; width_unit=&#8221;on&#8221; custom_width_px=&#8221;1046px&#8221; use_custom_gutter=&#8221;off&#8221; allow_player_pause=&#8221;off&#8221; parallax=&#8221;off&#8221; parallax_method=&#8221;off&#8221; make_equal=&#8221;off&#8221; parallax_1=&#8221;off&#8221; parallax_method_1=&#8221;off&#8221;][et_pb_column type=&#8221;4_4&#8243;][et_pb_gallery admin_label=&#8221;Gallery&#8221; gallery_ids=&#8221;2171,2173,2174,2175&#8243; fullwidth=&#8221;on&#8221; show_title_and_caption=&#8221;on&#8221; show_pagination=&#8221;on&#8221; background_layout=&#8221;light&#8221; auto=&#8221;on&#8221; auto_speed=&#8221;4000&#8243; use_border_color=&#8221;off&#8221; border_color=&#8221;#ffffff&#8221; border_style=&#8221;solid&#8221; hover_icon=&#8221;%%40%%&#8221; hover_overlay_color=&#8221;rgba(255,255,255,0.9)&#8221;] [\/et_pb_gallery][\/et_pb_column][\/et_pb_row][et_pb_row admin_label=&#8221;row&#8221; make_fullwidth=&#8221;off&#8221; use_custom_width=&#8221;off&#8221; width_unit=&#8221;on&#8221; use_custom_gutter=&#8221;off&#8221; allow_player_pause=&#8221;off&#8221; parallax=&#8221;off&#8221; parallax_method=&#8221;off&#8221; make_equal=&#8221;off&#8221; parallax_1=&#8221;off&#8221; parallax_method_1=&#8221;off&#8221; background_color_1=&#8221;#e02b20&#8243; disabled_on=&#8221;on|on|on&#8221; disabled=&#8221;on&#8221;][et_pb_column type=&#8221;4_4&#8243;][et_pb_text admin_label=&#8221;Text&#8221; background_layout=&#8221;light&#8221; text_orientation=&#8221;left&#8221; use_border_color=&#8221;off&#8221; border_color=&#8221;#ffffff&#8221; border_style=&#8221;solid&#8221;]<\/p>\n<p><a href=\"https:\/\/i0.wp.com\/wp.schuli.net\/wp-content\/uploads\/2016\/12\/2016-KW51-Lichterleuchten-in-Thun1_0040.jpg?ssl=1\"><img data-recalc-dims=\"1\" loading=\"lazy\" decoding=\"async\" data-attachment-id=\"2171\" data-permalink=\"https:\/\/wp.schuli.net\/?attachment_id=2171\" data-orig-file=\"https:\/\/i0.wp.com\/wp.schuli.net\/wp-content\/uploads\/2016\/12\/2016-KW51-Lichterleuchten-in-Thun1_0040.jpg?fit=1046%2C713&amp;ssl=1\" data-orig-size=\"1046,713\" data-comments-opened=\"1\" data-image-meta=\"{&quot;aperture&quot;:&quot;0&quot;,&quot;credit&quot;:&quot;&quot;,&quot;camera&quot;:&quot;&quot;,&quot;caption&quot;:&quot;&quot;,&quot;created_timestamp&quot;:&quot;0&quot;,&quot;copyright&quot;:&quot;\\u00a9 2016 Marius Schuler&quot;,&quot;focal_length&quot;:&quot;0&quot;,&quot;iso&quot;:&quot;0&quot;,&quot;shutter_speed&quot;:&quot;0&quot;,&quot;title&quot;:&quot;&quot;,&quot;orientation&quot;:&quot;0&quot;}\" data-image-title=\"2016-KW51-Lichterleuchten-in-Thun1_0040\" data-image-description=\"\" data-image-caption=\"\" data-large-file=\"https:\/\/i0.wp.com\/wp.schuli.net\/wp-content\/uploads\/2016\/12\/2016-KW51-Lichterleuchten-in-Thun1_0040.jpg?fit=1024%2C698&amp;ssl=1\" class=\"alignnone wp-image-2171\" src=\"https:\/\/i0.wp.com\/wp.schuli.net\/wp-content\/uploads\/2016\/12\/2016-KW51-Lichterleuchten-in-Thun1_0040.jpg?resize=100%2C68&#038;ssl=1\" width=\"100\" height=\"68\" srcset=\"https:\/\/i0.wp.com\/wp.schuli.net\/wp-content\/uploads\/2016\/12\/2016-KW51-Lichterleuchten-in-Thun1_0040.jpg?w=1046&amp;ssl=1 1046w, https:\/\/i0.wp.com\/wp.schuli.net\/wp-content\/uploads\/2016\/12\/2016-KW51-Lichterleuchten-in-Thun1_0040.jpg?resize=300%2C204&amp;ssl=1 300w, https:\/\/i0.wp.com\/wp.schuli.net\/wp-content\/uploads\/2016\/12\/2016-KW51-Lichterleuchten-in-Thun1_0040.jpg?resize=768%2C524&amp;ssl=1 768w, https:\/\/i0.wp.com\/wp.schuli.net\/wp-content\/uploads\/2016\/12\/2016-KW51-Lichterleuchten-in-Thun1_0040.jpg?resize=1024%2C698&amp;ssl=1 1024w, https:\/\/i0.wp.com\/wp.schuli.net\/wp-content\/uploads\/2016\/12\/2016-KW51-Lichterleuchten-in-Thun1_0040.jpg?resize=140%2C94&amp;ssl=1 140w\" sizes=\"auto, (max-width: 100px) 100vw, 100px\" \/><\/a><a href=\"https:\/\/i0.wp.com\/wp.schuli.net\/wp-content\/uploads\/2016\/12\/2016-KW51-Lichterleuchten-in-Thun2_0045.jpg?ssl=1\"><img data-recalc-dims=\"1\" loading=\"lazy\" decoding=\"async\" data-attachment-id=\"2173\" data-permalink=\"https:\/\/wp.schuli.net\/?attachment_id=2173\" data-orig-file=\"https:\/\/i0.wp.com\/wp.schuli.net\/wp-content\/uploads\/2016\/12\/2016-KW51-Lichterleuchten-in-Thun2_0045.jpg?fit=1046%2C713&amp;ssl=1\" data-orig-size=\"1046,713\" data-comments-opened=\"1\" data-image-meta=\"{&quot;aperture&quot;:&quot;0&quot;,&quot;credit&quot;:&quot;&quot;,&quot;camera&quot;:&quot;&quot;,&quot;caption&quot;:&quot;&quot;,&quot;created_timestamp&quot;:&quot;0&quot;,&quot;copyright&quot;:&quot;\\u00a9 2016 Marius Schuler&quot;,&quot;focal_length&quot;:&quot;0&quot;,&quot;iso&quot;:&quot;0&quot;,&quot;shutter_speed&quot;:&quot;0&quot;,&quot;title&quot;:&quot;&quot;,&quot;orientation&quot;:&quot;0&quot;}\" data-image-title=\"2016-KW51-Lichterleuchten-in-Thun2_0045\" data-image-description=\"\" data-image-caption=\"\" data-large-file=\"https:\/\/i0.wp.com\/wp.schuli.net\/wp-content\/uploads\/2016\/12\/2016-KW51-Lichterleuchten-in-Thun2_0045.jpg?fit=1024%2C698&amp;ssl=1\" class=\"alignnone wp-image-2173\" src=\"https:\/\/i0.wp.com\/wp.schuli.net\/wp-content\/uploads\/2016\/12\/2016-KW51-Lichterleuchten-in-Thun2_0045.jpg?resize=100%2C68&#038;ssl=1\" width=\"100\" height=\"68\" srcset=\"https:\/\/i0.wp.com\/wp.schuli.net\/wp-content\/uploads\/2016\/12\/2016-KW51-Lichterleuchten-in-Thun2_0045.jpg?w=1046&amp;ssl=1 1046w, https:\/\/i0.wp.com\/wp.schuli.net\/wp-content\/uploads\/2016\/12\/2016-KW51-Lichterleuchten-in-Thun2_0045.jpg?resize=300%2C204&amp;ssl=1 300w, https:\/\/i0.wp.com\/wp.schuli.net\/wp-content\/uploads\/2016\/12\/2016-KW51-Lichterleuchten-in-Thun2_0045.jpg?resize=768%2C524&amp;ssl=1 768w, https:\/\/i0.wp.com\/wp.schuli.net\/wp-content\/uploads\/2016\/12\/2016-KW51-Lichterleuchten-in-Thun2_0045.jpg?resize=1024%2C698&amp;ssl=1 1024w, https:\/\/i0.wp.com\/wp.schuli.net\/wp-content\/uploads\/2016\/12\/2016-KW51-Lichterleuchten-in-Thun2_0045.jpg?resize=140%2C94&amp;ssl=1 140w\" sizes=\"auto, (max-width: 100px) 100vw, 100px\" \/><\/a><a href=\"https:\/\/i0.wp.com\/wp.schuli.net\/wp-content\/uploads\/2016\/12\/2016-KW51-Lichterleuchten-in-Thun3_0052.jpg?ssl=1\"><img data-recalc-dims=\"1\" loading=\"lazy\" decoding=\"async\" data-attachment-id=\"2174\" data-permalink=\"https:\/\/wp.schuli.net\/?attachment_id=2174\" data-orig-file=\"https:\/\/i0.wp.com\/wp.schuli.net\/wp-content\/uploads\/2016\/12\/2016-KW51-Lichterleuchten-in-Thun3_0052.jpg?fit=1046%2C713&amp;ssl=1\" data-orig-size=\"1046,713\" data-comments-opened=\"1\" data-image-meta=\"{&quot;aperture&quot;:&quot;0&quot;,&quot;credit&quot;:&quot;&quot;,&quot;camera&quot;:&quot;&quot;,&quot;caption&quot;:&quot;&quot;,&quot;created_timestamp&quot;:&quot;0&quot;,&quot;copyright&quot;:&quot;\\u00a9 2016 Marius Schuler&quot;,&quot;focal_length&quot;:&quot;0&quot;,&quot;iso&quot;:&quot;0&quot;,&quot;shutter_speed&quot;:&quot;0&quot;,&quot;title&quot;:&quot;&quot;,&quot;orientation&quot;:&quot;0&quot;}\" data-image-title=\"2016-KW51-Lichterleuchten-in-Thun3_0052\" data-image-description=\"\" data-image-caption=\"\" data-large-file=\"https:\/\/i0.wp.com\/wp.schuli.net\/wp-content\/uploads\/2016\/12\/2016-KW51-Lichterleuchten-in-Thun3_0052.jpg?fit=1024%2C698&amp;ssl=1\" class=\"alignnone wp-image-2174\" src=\"https:\/\/i0.wp.com\/wp.schuli.net\/wp-content\/uploads\/2016\/12\/2016-KW51-Lichterleuchten-in-Thun3_0052.jpg?resize=100%2C68&#038;ssl=1\" width=\"100\" height=\"68\" srcset=\"https:\/\/i0.wp.com\/wp.schuli.net\/wp-content\/uploads\/2016\/12\/2016-KW51-Lichterleuchten-in-Thun3_0052.jpg?w=1046&amp;ssl=1 1046w, https:\/\/i0.wp.com\/wp.schuli.net\/wp-content\/uploads\/2016\/12\/2016-KW51-Lichterleuchten-in-Thun3_0052.jpg?resize=300%2C204&amp;ssl=1 300w, https:\/\/i0.wp.com\/wp.schuli.net\/wp-content\/uploads\/2016\/12\/2016-KW51-Lichterleuchten-in-Thun3_0052.jpg?resize=768%2C524&amp;ssl=1 768w, https:\/\/i0.wp.com\/wp.schuli.net\/wp-content\/uploads\/2016\/12\/2016-KW51-Lichterleuchten-in-Thun3_0052.jpg?resize=1024%2C698&amp;ssl=1 1024w, https:\/\/i0.wp.com\/wp.schuli.net\/wp-content\/uploads\/2016\/12\/2016-KW51-Lichterleuchten-in-Thun3_0052.jpg?resize=140%2C94&amp;ssl=1 140w\" sizes=\"auto, (max-width: 100px) 100vw, 100px\" \/><\/a><a href=\"https:\/\/i0.wp.com\/wp.schuli.net\/wp-content\/uploads\/2016\/12\/2016-KW51-Lichterleuchten-in-Thun4_0055.jpg?ssl=1\"><img data-recalc-dims=\"1\" loading=\"lazy\" decoding=\"async\" data-attachment-id=\"2175\" data-permalink=\"https:\/\/wp.schuli.net\/?attachment_id=2175\" data-orig-file=\"https:\/\/i0.wp.com\/wp.schuli.net\/wp-content\/uploads\/2016\/12\/2016-KW51-Lichterleuchten-in-Thun4_0055.jpg?fit=1046%2C713&amp;ssl=1\" data-orig-size=\"1046,713\" data-comments-opened=\"1\" data-image-meta=\"{&quot;aperture&quot;:&quot;0&quot;,&quot;credit&quot;:&quot;&quot;,&quot;camera&quot;:&quot;&quot;,&quot;caption&quot;:&quot;&quot;,&quot;created_timestamp&quot;:&quot;0&quot;,&quot;copyright&quot;:&quot;\\u00a9 2016 Marius Schuler&quot;,&quot;focal_length&quot;:&quot;0&quot;,&quot;iso&quot;:&quot;0&quot;,&quot;shutter_speed&quot;:&quot;0&quot;,&quot;title&quot;:&quot;&quot;,&quot;orientation&quot;:&quot;0&quot;}\" data-image-title=\"2016-KW51-Lichterleuchten-in-Thun4_0055\" data-image-description=\"\" data-image-caption=\"\" data-large-file=\"https:\/\/i0.wp.com\/wp.schuli.net\/wp-content\/uploads\/2016\/12\/2016-KW51-Lichterleuchten-in-Thun4_0055.jpg?fit=1024%2C698&amp;ssl=1\" class=\"alignnone wp-image-2175\" src=\"https:\/\/i0.wp.com\/wp.schuli.net\/wp-content\/uploads\/2016\/12\/2016-KW51-Lichterleuchten-in-Thun4_0055.jpg?resize=100%2C68&#038;ssl=1\" width=\"100\" height=\"68\" srcset=\"https:\/\/i0.wp.com\/wp.schuli.net\/wp-content\/uploads\/2016\/12\/2016-KW51-Lichterleuchten-in-Thun4_0055.jpg?w=1046&amp;ssl=1 1046w, https:\/\/i0.wp.com\/wp.schuli.net\/wp-content\/uploads\/2016\/12\/2016-KW51-Lichterleuchten-in-Thun4_0055.jpg?resize=300%2C204&amp;ssl=1 300w, https:\/\/i0.wp.com\/wp.schuli.net\/wp-content\/uploads\/2016\/12\/2016-KW51-Lichterleuchten-in-Thun4_0055.jpg?resize=768%2C524&amp;ssl=1 768w, https:\/\/i0.wp.com\/wp.schuli.net\/wp-content\/uploads\/2016\/12\/2016-KW51-Lichterleuchten-in-Thun4_0055.jpg?resize=1024%2C698&amp;ssl=1 1024w, https:\/\/i0.wp.com\/wp.schuli.net\/wp-content\/uploads\/2016\/12\/2016-KW51-Lichterleuchten-in-Thun4_0055.jpg?resize=140%2C94&amp;ssl=1 140w\" sizes=\"auto, (max-width: 100px) 100vw, 100px\" \/><\/a><\/p>\n<p>Weihnachtsmorgen, die Stadt schl\u00e4ft noch. Tausende\u00a0Lichter leuchten und laden zum Spaziergang ein. Nach und nach erhellt sich der Himmel und erste Zeichen von Bewegung brechen die eingefrorene Ruhe des anbrechenden Festtages.<\/p>\n<p>\n\t\t<div class='et-image-slider et_sliderfx_slide et_sliderauto_true et_sliderauto_speed_4000 et_slidertype_images'>\n\t\t\t<div class='et-image-slides'>\n\t\t\t\t<div class='et-tabs-content-wrapper'>\n\t\t\t\t\t<div class='et_slidecontent et-image-slide'><img decoding=\"async\" src=\"\/wp-content\/uploads\/2016\/12\/2016-KW51-Lichterleuchten-in-Thun1_0040.jpg\" alt=\"\" width=\"650\" height=\"\" srcset=\"https:\/\/i0.wp.com\/wp.schuli.net\/wp-content\/uploads\/2016\/12\/2016-KW51-Lichterleuchten-in-Thun1_0040.jpg?w=1046&amp;ssl=1 1046w, https:\/\/i0.wp.com\/wp.schuli.net\/wp-content\/uploads\/2016\/12\/2016-KW51-Lichterleuchten-in-Thun1_0040.jpg?resize=300%2C204&amp;ssl=1 300w, https:\/\/i0.wp.com\/wp.schuli.net\/wp-content\/uploads\/2016\/12\/2016-KW51-Lichterleuchten-in-Thun1_0040.jpg?resize=768%2C524&amp;ssl=1 768w, https:\/\/i0.wp.com\/wp.schuli.net\/wp-content\/uploads\/2016\/12\/2016-KW51-Lichterleuchten-in-Thun1_0040.jpg?resize=1024%2C698&amp;ssl=1 1024w, https:\/\/i0.wp.com\/wp.schuli.net\/wp-content\/uploads\/2016\/12\/2016-KW51-Lichterleuchten-in-Thun1_0040.jpg?resize=140%2C94&amp;ssl=1 140w\" sizes=\"(max-width: 1046px) 100vw, 1046px\" \/><span class='et-image-overlay'> <\/span><\/div> \n\t\t<div class='et_slidecontent et-image-slide'><img decoding=\"async\" src=\"\/wp-content\/uploads\/2016\/12\/2016-KW51-Lichterleuchten-in-Thun2_0045.jpg\" alt=\"\" width=\"650\" height=\"\" srcset=\"https:\/\/i0.wp.com\/wp.schuli.net\/wp-content\/uploads\/2016\/12\/2016-KW51-Lichterleuchten-in-Thun2_0045.jpg?w=1046&amp;ssl=1 1046w, https:\/\/i0.wp.com\/wp.schuli.net\/wp-content\/uploads\/2016\/12\/2016-KW51-Lichterleuchten-in-Thun2_0045.jpg?resize=300%2C204&amp;ssl=1 300w, https:\/\/i0.wp.com\/wp.schuli.net\/wp-content\/uploads\/2016\/12\/2016-KW51-Lichterleuchten-in-Thun2_0045.jpg?resize=768%2C524&amp;ssl=1 768w, https:\/\/i0.wp.com\/wp.schuli.net\/wp-content\/uploads\/2016\/12\/2016-KW51-Lichterleuchten-in-Thun2_0045.jpg?resize=1024%2C698&amp;ssl=1 1024w, https:\/\/i0.wp.com\/wp.schuli.net\/wp-content\/uploads\/2016\/12\/2016-KW51-Lichterleuchten-in-Thun2_0045.jpg?resize=140%2C94&amp;ssl=1 140w\" sizes=\"(max-width: 1046px) 100vw, 1046px\" \/><span class='et-image-overlay'> <\/span><\/div> \n\t\t<div class='et_slidecontent et-image-slide'><img decoding=\"async\" src=\"\/wp-content\/uploads\/2016\/12\/2016-KW51-Lichterleuchten-in-Thun3_0052.jpg\" alt=\"\" width=\"650\" height=\"\" srcset=\"https:\/\/i0.wp.com\/wp.schuli.net\/wp-content\/uploads\/2016\/12\/2016-KW51-Lichterleuchten-in-Thun3_0052.jpg?w=1046&amp;ssl=1 1046w, https:\/\/i0.wp.com\/wp.schuli.net\/wp-content\/uploads\/2016\/12\/2016-KW51-Lichterleuchten-in-Thun3_0052.jpg?resize=300%2C204&amp;ssl=1 300w, https:\/\/i0.wp.com\/wp.schuli.net\/wp-content\/uploads\/2016\/12\/2016-KW51-Lichterleuchten-in-Thun3_0052.jpg?resize=768%2C524&amp;ssl=1 768w, https:\/\/i0.wp.com\/wp.schuli.net\/wp-content\/uploads\/2016\/12\/2016-KW51-Lichterleuchten-in-Thun3_0052.jpg?resize=1024%2C698&amp;ssl=1 1024w, https:\/\/i0.wp.com\/wp.schuli.net\/wp-content\/uploads\/2016\/12\/2016-KW51-Lichterleuchten-in-Thun3_0052.jpg?resize=140%2C94&amp;ssl=1 140w\" sizes=\"(max-width: 1046px) 100vw, 1046px\" \/><span class='et-image-overlay'> <\/span><\/div> \n\t\t<div class='et_slidecontent et-image-slide'><img decoding=\"async\" src=\"\/wp-content\/uploads\/2016\/12\/2016-KW51-Lichterleuchten-in-Thun4_0055.jpg\" alt=\"\" width=\"650\" height=\"\" srcset=\"https:\/\/i0.wp.com\/wp.schuli.net\/wp-content\/uploads\/2016\/12\/2016-KW51-Lichterleuchten-in-Thun4_0055.jpg?w=1046&amp;ssl=1 1046w, https:\/\/i0.wp.com\/wp.schuli.net\/wp-content\/uploads\/2016\/12\/2016-KW51-Lichterleuchten-in-Thun4_0055.jpg?resize=300%2C204&amp;ssl=1 300w, https:\/\/i0.wp.com\/wp.schuli.net\/wp-content\/uploads\/2016\/12\/2016-KW51-Lichterleuchten-in-Thun4_0055.jpg?resize=768%2C524&amp;ssl=1 768w, https:\/\/i0.wp.com\/wp.schuli.net\/wp-content\/uploads\/2016\/12\/2016-KW51-Lichterleuchten-in-Thun4_0055.jpg?resize=1024%2C698&amp;ssl=1 1024w, https:\/\/i0.wp.com\/wp.schuli.net\/wp-content\/uploads\/2016\/12\/2016-KW51-Lichterleuchten-in-Thun4_0055.jpg?resize=140%2C94&amp;ssl=1 140w\" sizes=\"(max-width: 1046px) 100vw, 1046px\" \/><span class='et-image-overlay'> <\/span><\/div>\n\t\t\t\t<\/div>\n\t\t\t<\/div>\n\t\t<\/div>\n\t\t [\/et_pb_text][\/et_pb_column][\/et_pb_row][\/et_pb_section]<\/p>\n","protected":false},"excerpt":{"rendered":"<p>Weihnachtsmorgen, die Stadt schl\u00e4ft noch. Tausende\u00a0Lichter leuchten und laden zum Spaziergang ein. Nach und nach erhellt sich der Himmel und erste Zeichen von Bewegung brechen die eingefrorene Ruhe des anbrechenden Festtages. Weihnachtsmorgen, die Stadt schl\u00e4ft noch. Tausende\u00a0Lichter leuchten und laden zum Spaziergang ein. Nach und nach erhellt sich der Himmel und erste Zeichen von Bewegung [&hellip;]<\/p>\n","protected":false},"author":1,"featured_media":2172,"comment_status":"open","ping_status":"open","sticky":false,"template":"","format":"standard","meta":{"_et_pb_use_builder":"on","_et_pb_old_content":"<p><a href=\"https:\/\/wp.schuli.net\/wp-content\/uploads\/2016\/12\/2016-KW51-Lichterleuchten-in-Thun1_0040.jpg\"><img class=\"alignnone wp-image-2171\" src=\"https:\/\/wp.schuli.net\/wp-content\/uploads\/2016\/12\/2016-KW51-Lichterleuchten-in-Thun1_0040.jpg\" width=\"100\" height=\"68\" \/><\/a><a href=\"https:\/\/wp.schuli.net\/wp-content\/uploads\/2016\/12\/2016-KW51-Lichterleuchten-in-Thun2_0045.jpg\"><img class=\"alignnone wp-image-2173\" src=\"https:\/\/wp.schuli.net\/wp-content\/uploads\/2016\/12\/2016-KW51-Lichterleuchten-in-Thun2_0045.jpg\" width=\"100\" height=\"68\" \/><\/a><a href=\"https:\/\/wp.schuli.net\/wp-content\/uploads\/2016\/12\/2016-KW51-Lichterleuchten-in-Thun3_0052.jpg\"><img class=\"alignnone wp-image-2174\" src=\"https:\/\/wp.schuli.net\/wp-content\/uploads\/2016\/12\/2016-KW51-Lichterleuchten-in-Thun3_0052.jpg\" width=\"100\" height=\"68\" \/><\/a><a href=\"https:\/\/wp.schuli.net\/wp-content\/uploads\/2016\/12\/2016-KW51-Lichterleuchten-in-Thun4_0055.jpg\"><img class=\"alignnone wp-image-2175\" src=\"https:\/\/wp.schuli.net\/wp-content\/uploads\/2016\/12\/2016-KW51-Lichterleuchten-in-Thun4_0055.jpg\" width=\"100\" height=\"68\" \/><\/a><\/p><p>Weihnachtsmorgen, die Stadt schl\u00e4ft noch. Tausende\u00a0Lichter leuchten und laden zum Spaziergang ein. Nach und nach erhellt sich der Himmel und erste Zeichen von Bewegung brechen die eingefrorene Ruhe des anbrechenden Festtages.<\/p><p>[tabs slidertype=\"images\" fx=\"slide\" auto=\"yes\" autospeed=\"4000\"] [imagetab width=\"650\" height=\"\"]\/wp-content\/uploads\/2016\/12\/2016-KW51-Lichterleuchten-in-Thun1_0040.jpg[\/imagetab] [imagetab width=\"650\" height=\"\"]\/wp-content\/uploads\/2016\/12\/2016-KW51-Lichterleuchten-in-Thun2_0045.jpg[\/imagetab] [imagetab width=\"650\" height=\"\"]\/wp-content\/uploads\/2016\/12\/2016-KW51-Lichterleuchten-in-Thun3_0052.jpg[\/imagetab] [imagetab width=\"650\" height=\"\"]\/wp-content\/uploads\/2016\/12\/2016-KW51-Lichterleuchten-in-Thun4_0055.jpg[\/imagetab] [\/tabs]<\/p>","_et_gb_content_width":"","jetpack_post_was_ever_published":false,"_jetpack_newsletter_access":"","_jetpack_dont_email_post_to_subs":true,"_jetpack_newsletter_tier_id":0,"_jetpack_memberships_contains_paywalled_content":false,"_jetpack_memberships_contains_paid_content":false,"footnotes":"","jetpack_publicize_message":"","jetpack_publicize_feature_enabled":true,"jetpack_social_post_already_shared":true,"jetpack_social_options":{"image_generator_settings":{"template":"highway","default_image_id":0,"font":"","enabled":false},"version":2}},"categories":[27,16,19,11,26],"tags":[],"class_list":["post-2176","post","type-post","status-publish","format-standard","has-post-thumbnail","hentry","category-2016-schulis-weekly-picture-series","category-blog","category-city-impressions","category-colour","category-projects","et-has-post-format-content","et_post_format-et-post-format-standard"],"jetpack_publicize_connections":[],"jetpack_featured_media_url":"https:\/\/i0.wp.com\/wp.schuli.net\/wp-content\/uploads\/2016\/12\/2016-KW51-Lichterleuchten-in-Thun2_0045-Featurebild.jpg?fit=320%2C320&ssl=1","jetpack_sharing_enabled":true,"jetpack_shortlink":"https:\/\/wp.me\/p23jlp-z6","jetpack-related-posts":[{"id":984,"url":"https:\/\/wp.schuli.net\/?p=984","url_meta":{"origin":2176,"position":0},"title":"Skiing in beautiful Canada","author":"Marius Schuler","date":"Mon, 13.01.2014","format":false,"excerpt":"13.01.2014sm - Warum fliegen Schweizer zum Skifahren nach Kanada? - Diese Frage wurde uns verst\u00e4ndlicherweise auf der Reise immer wieder gestellt. :) Auch wenn einer der Beweggr\u00fcnde war, eine offene Rechnung aus dem 2010 abzuschliessen und auch noch Whistler zu befahren, sind andere Skigebiete oben auf der Liste der Empfehlungen\u2026","rel":"","context":"In &quot;Blog&quot;","block_context":{"text":"Blog","link":"https:\/\/wp.schuli.net\/?cat=16"},"img":{"alt_text":"","src":"https:\/\/i0.wp.com\/wp.schuli.net\/wp-content\/uploads\/2013\/12\/20131226-213742.jpg?fit=300%2C200&ssl=1&resize=350%2C200","width":350,"height":200},"classes":[]},{"id":2136,"url":"https:\/\/wp.schuli.net\/?p=2136","url_meta":{"origin":2176,"position":1},"title":"2016-48: Alphorn","author":"Marius Schuler","date":"Sun, 04.12.2016","format":false,"excerpt":"","rel":"","context":"In &quot;2016 - Schulis Weekly Picture Series&quot;","block_context":{"text":"2016 - Schulis Weekly Picture Series","link":"https:\/\/wp.schuli.net\/?cat=27"},"img":{"alt_text":"","src":"https:\/\/i0.wp.com\/wp.schuli.net\/wp-content\/uploads\/2016\/12\/2016-48-Alphorn4_0817.jpg?resize=350%2C200&ssl=1","width":350,"height":200,"srcset":"https:\/\/i0.wp.com\/wp.schuli.net\/wp-content\/uploads\/2016\/12\/2016-48-Alphorn4_0817.jpg?resize=350%2C200&ssl=1 1x, https:\/\/i0.wp.com\/wp.schuli.net\/wp-content\/uploads\/2016\/12\/2016-48-Alphorn4_0817.jpg?resize=525%2C300&ssl=1 1.5x, https:\/\/i0.wp.com\/wp.schuli.net\/wp-content\/uploads\/2016\/12\/2016-48-Alphorn4_0817.jpg?resize=700%2C400&ssl=1 2x"},"classes":[]},{"id":3153,"url":"https:\/\/wp.schuli.net\/?p=3153","url_meta":{"origin":2176,"position":2},"title":"2017-31: Sandstrand","author":"Marius Schuler","date":"Sun, 06.08.2017","format":false,"excerpt":"","rel":"","context":"In &quot;2017 - Schulis Weekly Picture Sessions&quot;","block_context":{"text":"2017 - Schulis Weekly Picture Sessions","link":"https:\/\/wp.schuli.net\/?cat=33"},"img":{"alt_text":"","src":"https:\/\/i0.wp.com\/wp.schuli.net\/wp-content\/uploads\/2017\/08\/IMG_2038.jpg?fit=900%2C1200&ssl=1&resize=350%2C200","width":350,"height":200,"srcset":"https:\/\/i0.wp.com\/wp.schuli.net\/wp-content\/uploads\/2017\/08\/IMG_2038.jpg?fit=900%2C1200&ssl=1&resize=350%2C200 1x, https:\/\/i0.wp.com\/wp.schuli.net\/wp-content\/uploads\/2017\/08\/IMG_2038.jpg?fit=900%2C1200&ssl=1&resize=525%2C300 1.5x, https:\/\/i0.wp.com\/wp.schuli.net\/wp-content\/uploads\/2017\/08\/IMG_2038.jpg?fit=900%2C1200&ssl=1&resize=700%2C400 2x"},"classes":[]},{"id":1507,"url":"https:\/\/wp.schuli.net\/?p=1507","url_meta":{"origin":2176,"position":3},"title":"2016-07: Winterlandschaft","author":"Marius Schuler","date":"Sun, 21.02.2016","format":false,"excerpt":"","rel":"","context":"In &quot;2016 - Schulis Weekly Picture Series&quot;","block_context":{"text":"2016 - Schulis Weekly Picture Series","link":"https:\/\/wp.schuli.net\/?cat=27"},"img":{"alt_text":"","src":"https:\/\/i0.wp.com\/wp.schuli.net\/wp-content\/uploads\/2016\/02\/160221_smQ116_0609-SE2.jpg?resize=350%2C200&ssl=1","width":350,"height":200,"srcset":"https:\/\/i0.wp.com\/wp.schuli.net\/wp-content\/uploads\/2016\/02\/160221_smQ116_0609-SE2.jpg?resize=350%2C200&ssl=1 1x, https:\/\/i0.wp.com\/wp.schuli.net\/wp-content\/uploads\/2016\/02\/160221_smQ116_0609-SE2.jpg?resize=525%2C300&ssl=1 1.5x, https:\/\/i0.wp.com\/wp.schuli.net\/wp-content\/uploads\/2016\/02\/160221_smQ116_0609-SE2.jpg?resize=700%2C400&ssl=1 2x"},"classes":[]},{"id":961,"url":"https:\/\/wp.schuli.net\/?p=961","url_meta":{"origin":2176,"position":4},"title":"Harley Taschenverst\u00e4rkung","author":"Marius Schuler","date":"Fri, 12.07.2013","format":false,"excerpt":"Hallihallo, endlich wieder mal ein Beitrag. :-) Nun, inzwischen haben wir so ein T\u00f6ffli der Marke Harley-Davidson im Einsatz und sehr viel Freude damit. Um ein paar Dinge wie Regenschutz (will ich allerdings gar nicht nutzen) mitf\u00fchren zu k\u00f6nnen, haben wir eine Schwingentasche aus Leder montiert. Wie sich nach einer\u2026","rel":"","context":"In &quot;Blog&quot;","block_context":{"text":"Blog","link":"https:\/\/wp.schuli.net\/?cat=16"},"img":{"alt_text":"","src":"https:\/\/i0.wp.com\/wp.schuli.net\/wp-content\/uploads\/2013\/07\/20130712-064103.jpg?fit=800%2C800&ssl=1&resize=350%2C200","width":350,"height":200,"srcset":"https:\/\/i0.wp.com\/wp.schuli.net\/wp-content\/uploads\/2013\/07\/20130712-064103.jpg?fit=800%2C800&ssl=1&resize=350%2C200 1x, https:\/\/i0.wp.com\/wp.schuli.net\/wp-content\/uploads\/2013\/07\/20130712-064103.jpg?fit=800%2C800&ssl=1&resize=525%2C300 1.5x, https:\/\/i0.wp.com\/wp.schuli.net\/wp-content\/uploads\/2013\/07\/20130712-064103.jpg?fit=800%2C800&ssl=1&resize=700%2C400 2x"},"classes":[]},{"id":405,"url":"https:\/\/wp.schuli.net\/?p=405","url_meta":{"origin":2176,"position":5},"title":"Sunset at 25\u00b0C below zero","author":"Marius Schuler","date":"Sun, 20.11.2011","format":false,"excerpt":"Nach stundenlanger Fahrt mit dem Schneemobil bei Temperaturen bis zu 32\u00b0 Celsius unter Null, gelangten wir im sch\u00f6nen und verschneiten hohen Norden Europas in der N\u00e4he von \u00c4k\u00e4slompolo (Finnland) auf einen H\u00fcgel, von wo wir bei angenehmen -25\u00b0C den Sonnenuntergang geniessen konnten. Wer mag, kann unten ins Bild reinblicken und\u2026","rel":"","context":"In &quot;Blog&quot;","block_context":{"text":"Blog","link":"https:\/\/wp.schuli.net\/?cat=16"},"img":{"alt_text":"","src":"https:\/\/i0.wp.com\/wp.schuli.net\/wp-content\/uploads\/2011\/11\/wpid398-110210_sm1D3_8869-92-pano.jpg?fit=800%2C200&ssl=1&resize=350%2C200","width":350,"height":200,"srcset":"https:\/\/i0.wp.com\/wp.schuli.net\/wp-content\/uploads\/2011\/11\/wpid398-110210_sm1D3_8869-92-pano.jpg?fit=800%2C200&ssl=1&resize=350%2C200 1x, https:\/\/i0.wp.com\/wp.schuli.net\/wp-content\/uploads\/2011\/11\/wpid398-110210_sm1D3_8869-92-pano.jpg?fit=800%2C200&ssl=1&resize=525%2C300 1.5x, https:\/\/i0.wp.com\/wp.schuli.net\/wp-content\/uploads\/2011\/11\/wpid398-110210_sm1D3_8869-92-pano.jpg?fit=800%2C200&ssl=1&resize=700%2C400 2x"},"classes":[]}],"_links":{"self":[{"href":"https:\/\/wp.schuli.net\/index.php?rest_route=\/wp\/v2\/posts\/2176","targetHints":{"allow":["GET"]}}],"collection":[{"href":"https:\/\/wp.schuli.net\/index.php?rest_route=\/wp\/v2\/posts"}],"about":[{"href":"https:\/\/wp.schuli.net\/index.php?rest_route=\/wp\/v2\/types\/post"}],"author":[{"embeddable":true,"href":"https:\/\/wp.schuli.net\/index.php?rest_route=\/wp\/v2\/users\/1"}],"replies":[{"embeddable":true,"href":"https:\/\/wp.schuli.net\/index.php?rest_route=%2Fwp%2Fv2%2Fcomments&post=2176"}],"version-history":[{"count":8,"href":"https:\/\/wp.schuli.net\/index.php?rest_route=\/wp\/v2\/posts\/2176\/revisions"}],"predecessor-version":[{"id":2425,"href":"https:\/\/wp.schuli.net\/index.php?rest_route=\/wp\/v2\/posts\/2176\/revisions\/2425"}],"wp:featuredmedia":[{"embeddable":true,"href":"https:\/\/wp.schuli.net\/index.php?rest_route=\/wp\/v2\/media\/2172"}],"wp:attachment":[{"href":"https:\/\/wp.schuli.net\/index.php?rest_route=%2Fwp%2Fv2%2Fmedia&parent=2176"}],"wp:term":[{"taxonomy":"category","embeddable":true,"href":"https:\/\/wp.schuli.net\/index.php?rest_route=%2Fwp%2Fv2%2Fcategories&post=2176"},{"taxonomy":"post_tag","embeddable":true,"href":"https:\/\/wp.schuli.net\/index.php?rest_route=%2Fwp%2Fv2%2Ftags&post=2176"}],"curies":[{"name":"wp","href":"https:\/\/api.w.org\/{rel}","templated":true}]}}