{"id":1950,"date":"2016-09-12T19:37:08","date_gmt":"2016-09-12T18:37:08","guid":{"rendered":"http:\/\/wp.schuli.net\/?p=1950"},"modified":"2017-01-08T08:49:36","modified_gmt":"2017-01-08T07:49:36","slug":"2016-36-european-bikeweek","status":"publish","type":"post","link":"https:\/\/wp.schuli.net\/?p=1950","title":{"rendered":"2016-36: European Bikeweek"},"content":{"rendered":"<p>[et_pb_section admin_label=&#8221;section&#8221;][et_pb_row admin_label=&#8221;Row&#8221;][et_pb_column type=&#8221;4_4&#8243;][et_pb_text admin_label=&#8221;Text&#8221; background_layout=&#8221;light&#8221; text_orientation=&#8221;left&#8221; use_border_color=&#8221;off&#8221; border_color=&#8221;#ffffff&#8221; border_style=&#8221;solid&#8221;]<\/p>\n<p>Die European Bikeweek am Faaker See im sch\u00f6nen \u00f6sterreichischen K\u00e4rnten ist allj\u00e4hrlich DER\u00a0Motorrad-Event in Europa.\u00a0\u00dcber 70&#8217;000 Maschinen und 100&#8217;000 Menschen treffen sich da um\u00a0ein paar sch\u00f6ne Tage zu verbringen. Bei all den wunder- und sonderbaren Impressionen, ist die Selektion von vier Bildern besonders schwierig. Hier ein paar spezielle Eindr\u00fccke, welche sich aus den Bildern dieser Woche hervor gedr\u00e4ngt haben. Bis auf den Ausschnitt\u00a0des Motorenblocks kommen die Bilder direkt unbearbeitet von der Kamera.<\/p>\n<p>[\/et_pb_text][\/et_pb_column][\/et_pb_row][et_pb_row admin_label=&#8221;Row&#8221; make_fullwidth=&#8221;off&#8221; use_custom_width=&#8221;on&#8221; width_unit=&#8221;on&#8221; custom_width_px=&#8221;1000px&#8221; use_custom_gutter=&#8221;off&#8221; allow_player_pause=&#8221;off&#8221; parallax=&#8221;off&#8221; parallax_method=&#8221;off&#8221; make_equal=&#8221;off&#8221; parallax_1=&#8221;off&#8221; parallax_method_1=&#8221;off&#8221;][et_pb_column type=&#8221;4_4&#8243;][et_pb_gallery admin_label=&#8221;Gallery&#8221; gallery_ids=&#8221;1952,1953,1955,1956&#8243; fullwidth=&#8221;on&#8221; show_title_and_caption=&#8221;on&#8221; show_pagination=&#8221;on&#8221; background_layout=&#8221;light&#8221; auto=&#8221;on&#8221; auto_speed=&#8221;4000&#8243; use_border_color=&#8221;off&#8221; border_color=&#8221;#ffffff&#8221; border_style=&#8221;solid&#8221; hover_icon=&#8221;%%40%%&#8221; hover_overlay_color=&#8221;rgba(255,255,255,0.9)&#8221;] [\/et_pb_gallery][\/et_pb_column][\/et_pb_row][et_pb_row admin_label=&#8221;row&#8221; make_fullwidth=&#8221;off&#8221; use_custom_width=&#8221;off&#8221; width_unit=&#8221;on&#8221; use_custom_gutter=&#8221;off&#8221; allow_player_pause=&#8221;off&#8221; parallax=&#8221;off&#8221; parallax_method=&#8221;off&#8221; make_equal=&#8221;off&#8221; parallax_1=&#8221;off&#8221; parallax_method_1=&#8221;off&#8221; background_color_1=&#8221;#e02b20&#8243; disabled_on=&#8221;on|on|on&#8221; disabled=&#8221;on&#8221;][et_pb_column type=&#8221;4_4&#8243;][et_pb_text admin_label=&#8221;Text&#8221; background_layout=&#8221;light&#8221; text_orientation=&#8221;left&#8221; use_border_color=&#8221;off&#8221; border_color=&#8221;#ffffff&#8221; border_style=&#8221;solid&#8221;]<\/p>\n<p><a href=\"https:\/\/i0.wp.com\/wp.schuli.net\/wp-content\/uploads\/2016\/09\/36-EuropeanBikeweek1_0252.jpg?ssl=1\"><img data-recalc-dims=\"1\" loading=\"lazy\" decoding=\"async\" data-attachment-id=\"1952\" data-permalink=\"https:\/\/wp.schuli.net\/?attachment_id=1952\" data-orig-file=\"https:\/\/i0.wp.com\/wp.schuli.net\/wp-content\/uploads\/2016\/09\/36-EuropeanBikeweek1_0252.jpg?fit=1000%2C667&amp;ssl=1\" data-orig-size=\"1000,667\" data-comments-opened=\"1\" data-image-meta=\"{&quot;aperture&quot;:&quot;0&quot;,&quot;credit&quot;:&quot;&quot;,&quot;camera&quot;:&quot;&quot;,&quot;caption&quot;:&quot;&quot;,&quot;created_timestamp&quot;:&quot;0&quot;,&quot;copyright&quot;:&quot;\\u00a9 2016 Marius Schuler&quot;,&quot;focal_length&quot;:&quot;0&quot;,&quot;iso&quot;:&quot;0&quot;,&quot;shutter_speed&quot;:&quot;0&quot;,&quot;title&quot;:&quot;&quot;,&quot;orientation&quot;:&quot;0&quot;}\" data-image-title=\"36-europeanbikeweek1_0252\" data-image-description=\"\" data-image-caption=\"\" data-large-file=\"https:\/\/i0.wp.com\/wp.schuli.net\/wp-content\/uploads\/2016\/09\/36-EuropeanBikeweek1_0252.jpg?fit=1000%2C667&amp;ssl=1\" class=\"alignnone wp-image-1952\" src=\"https:\/\/i0.wp.com\/wp.schuli.net\/wp-content\/uploads\/2016\/09\/36-EuropeanBikeweek1_0252.jpg?resize=100%2C67&#038;ssl=1\" alt=\"36-europeanbikeweek1_0252\" width=\"100\" height=\"67\" srcset=\"https:\/\/i0.wp.com\/wp.schuli.net\/wp-content\/uploads\/2016\/09\/36-EuropeanBikeweek1_0252.jpg?w=1000&amp;ssl=1 1000w, https:\/\/i0.wp.com\/wp.schuli.net\/wp-content\/uploads\/2016\/09\/36-EuropeanBikeweek1_0252.jpg?resize=300%2C200&amp;ssl=1 300w, https:\/\/i0.wp.com\/wp.schuli.net\/wp-content\/uploads\/2016\/09\/36-EuropeanBikeweek1_0252.jpg?resize=768%2C512&amp;ssl=1 768w, https:\/\/i0.wp.com\/wp.schuli.net\/wp-content\/uploads\/2016\/09\/36-EuropeanBikeweek1_0252.jpg?resize=207%2C136&amp;ssl=1 207w, https:\/\/i0.wp.com\/wp.schuli.net\/wp-content\/uploads\/2016\/09\/36-EuropeanBikeweek1_0252.jpg?resize=140%2C94&amp;ssl=1 140w, https:\/\/i0.wp.com\/wp.schuli.net\/wp-content\/uploads\/2016\/09\/36-EuropeanBikeweek1_0252.jpg?resize=430%2C283&amp;ssl=1 430w\" sizes=\"auto, (max-width: 100px) 100vw, 100px\" \/><\/a><a href=\"https:\/\/i0.wp.com\/wp.schuli.net\/wp-content\/uploads\/2016\/09\/36-EuropeanBikeweek2_0262.jpg?ssl=1\"><img data-recalc-dims=\"1\" loading=\"lazy\" decoding=\"async\" data-attachment-id=\"1953\" data-permalink=\"https:\/\/wp.schuli.net\/?attachment_id=1953\" data-orig-file=\"https:\/\/i0.wp.com\/wp.schuli.net\/wp-content\/uploads\/2016\/09\/36-EuropeanBikeweek2_0262.jpg?fit=1000%2C667&amp;ssl=1\" data-orig-size=\"1000,667\" data-comments-opened=\"1\" data-image-meta=\"{&quot;aperture&quot;:&quot;0&quot;,&quot;credit&quot;:&quot;&quot;,&quot;camera&quot;:&quot;&quot;,&quot;caption&quot;:&quot;&quot;,&quot;created_timestamp&quot;:&quot;0&quot;,&quot;copyright&quot;:&quot;\\u00a9 2016 Marius Schuler&quot;,&quot;focal_length&quot;:&quot;0&quot;,&quot;iso&quot;:&quot;0&quot;,&quot;shutter_speed&quot;:&quot;0&quot;,&quot;title&quot;:&quot;&quot;,&quot;orientation&quot;:&quot;0&quot;}\" data-image-title=\"36-europeanbikeweek2_0262\" data-image-description=\"\" data-image-caption=\"\" data-large-file=\"https:\/\/i0.wp.com\/wp.schuli.net\/wp-content\/uploads\/2016\/09\/36-EuropeanBikeweek2_0262.jpg?fit=1000%2C667&amp;ssl=1\" class=\"alignnone wp-image-1953\" src=\"https:\/\/i0.wp.com\/wp.schuli.net\/wp-content\/uploads\/2016\/09\/36-EuropeanBikeweek2_0262.jpg?resize=100%2C67&#038;ssl=1\" alt=\"36-europeanbikeweek2_0262\" width=\"100\" height=\"67\" srcset=\"https:\/\/i0.wp.com\/wp.schuli.net\/wp-content\/uploads\/2016\/09\/36-EuropeanBikeweek2_0262.jpg?w=1000&amp;ssl=1 1000w, https:\/\/i0.wp.com\/wp.schuli.net\/wp-content\/uploads\/2016\/09\/36-EuropeanBikeweek2_0262.jpg?resize=300%2C200&amp;ssl=1 300w, https:\/\/i0.wp.com\/wp.schuli.net\/wp-content\/uploads\/2016\/09\/36-EuropeanBikeweek2_0262.jpg?resize=768%2C512&amp;ssl=1 768w, https:\/\/i0.wp.com\/wp.schuli.net\/wp-content\/uploads\/2016\/09\/36-EuropeanBikeweek2_0262.jpg?resize=207%2C136&amp;ssl=1 207w, https:\/\/i0.wp.com\/wp.schuli.net\/wp-content\/uploads\/2016\/09\/36-EuropeanBikeweek2_0262.jpg?resize=140%2C94&amp;ssl=1 140w, https:\/\/i0.wp.com\/wp.schuli.net\/wp-content\/uploads\/2016\/09\/36-EuropeanBikeweek2_0262.jpg?resize=430%2C283&amp;ssl=1 430w\" sizes=\"auto, (max-width: 100px) 100vw, 100px\" \/><\/a><a href=\"https:\/\/i0.wp.com\/wp.schuli.net\/wp-content\/uploads\/2016\/09\/36-EuropeanBikeweek3_0407.jpg?ssl=1\"><img data-recalc-dims=\"1\" loading=\"lazy\" decoding=\"async\" data-attachment-id=\"1955\" data-permalink=\"https:\/\/wp.schuli.net\/?attachment_id=1955\" data-orig-file=\"https:\/\/i0.wp.com\/wp.schuli.net\/wp-content\/uploads\/2016\/09\/36-EuropeanBikeweek3_0407.jpg?fit=1000%2C667&amp;ssl=1\" data-orig-size=\"1000,667\" data-comments-opened=\"1\" data-image-meta=\"{&quot;aperture&quot;:&quot;0&quot;,&quot;credit&quot;:&quot;&quot;,&quot;camera&quot;:&quot;&quot;,&quot;caption&quot;:&quot;&quot;,&quot;created_timestamp&quot;:&quot;0&quot;,&quot;copyright&quot;:&quot;\\u00a9 2016 Marius Schuler&quot;,&quot;focal_length&quot;:&quot;0&quot;,&quot;iso&quot;:&quot;0&quot;,&quot;shutter_speed&quot;:&quot;0&quot;,&quot;title&quot;:&quot;&quot;,&quot;orientation&quot;:&quot;0&quot;}\" data-image-title=\"36-europeanbikeweek3_0407\" data-image-description=\"\" data-image-caption=\"\" data-large-file=\"https:\/\/i0.wp.com\/wp.schuli.net\/wp-content\/uploads\/2016\/09\/36-EuropeanBikeweek3_0407.jpg?fit=1000%2C667&amp;ssl=1\" class=\"alignnone wp-image-1955\" src=\"https:\/\/i0.wp.com\/wp.schuli.net\/wp-content\/uploads\/2016\/09\/36-EuropeanBikeweek3_0407.jpg?resize=100%2C67&#038;ssl=1\" alt=\"36-europeanbikeweek3_0407\" width=\"100\" height=\"67\" srcset=\"https:\/\/i0.wp.com\/wp.schuli.net\/wp-content\/uploads\/2016\/09\/36-EuropeanBikeweek3_0407.jpg?w=1000&amp;ssl=1 1000w, https:\/\/i0.wp.com\/wp.schuli.net\/wp-content\/uploads\/2016\/09\/36-EuropeanBikeweek3_0407.jpg?resize=300%2C200&amp;ssl=1 300w, https:\/\/i0.wp.com\/wp.schuli.net\/wp-content\/uploads\/2016\/09\/36-EuropeanBikeweek3_0407.jpg?resize=768%2C512&amp;ssl=1 768w, https:\/\/i0.wp.com\/wp.schuli.net\/wp-content\/uploads\/2016\/09\/36-EuropeanBikeweek3_0407.jpg?resize=207%2C136&amp;ssl=1 207w, https:\/\/i0.wp.com\/wp.schuli.net\/wp-content\/uploads\/2016\/09\/36-EuropeanBikeweek3_0407.jpg?resize=140%2C94&amp;ssl=1 140w, https:\/\/i0.wp.com\/wp.schuli.net\/wp-content\/uploads\/2016\/09\/36-EuropeanBikeweek3_0407.jpg?resize=430%2C283&amp;ssl=1 430w\" sizes=\"auto, (max-width: 100px) 100vw, 100px\" \/><\/a><a href=\"https:\/\/i0.wp.com\/wp.schuli.net\/wp-content\/uploads\/2016\/09\/36-EuropeanBikeweek4_0534.jpg?ssl=1\"><img data-recalc-dims=\"1\" loading=\"lazy\" decoding=\"async\" data-attachment-id=\"1956\" data-permalink=\"https:\/\/wp.schuli.net\/?attachment_id=1956\" data-orig-file=\"https:\/\/i0.wp.com\/wp.schuli.net\/wp-content\/uploads\/2016\/09\/36-EuropeanBikeweek4_0534.jpg?fit=1000%2C667&amp;ssl=1\" data-orig-size=\"1000,667\" data-comments-opened=\"1\" data-image-meta=\"{&quot;aperture&quot;:&quot;0&quot;,&quot;credit&quot;:&quot;&quot;,&quot;camera&quot;:&quot;&quot;,&quot;caption&quot;:&quot;&quot;,&quot;created_timestamp&quot;:&quot;0&quot;,&quot;copyright&quot;:&quot;\\u00a9 2016 Marius Schuler&quot;,&quot;focal_length&quot;:&quot;0&quot;,&quot;iso&quot;:&quot;0&quot;,&quot;shutter_speed&quot;:&quot;0&quot;,&quot;title&quot;:&quot;&quot;,&quot;orientation&quot;:&quot;0&quot;}\" data-image-title=\"36-europeanbikeweek4_0534\" data-image-description=\"\" data-image-caption=\"\" data-large-file=\"https:\/\/i0.wp.com\/wp.schuli.net\/wp-content\/uploads\/2016\/09\/36-EuropeanBikeweek4_0534.jpg?fit=1000%2C667&amp;ssl=1\" class=\"alignnone wp-image-1956\" src=\"https:\/\/i0.wp.com\/wp.schuli.net\/wp-content\/uploads\/2016\/09\/36-EuropeanBikeweek4_0534.jpg?resize=100%2C67&#038;ssl=1\" alt=\"36-europeanbikeweek4_0534\" width=\"100\" height=\"67\" srcset=\"https:\/\/i0.wp.com\/wp.schuli.net\/wp-content\/uploads\/2016\/09\/36-EuropeanBikeweek4_0534.jpg?w=1000&amp;ssl=1 1000w, https:\/\/i0.wp.com\/wp.schuli.net\/wp-content\/uploads\/2016\/09\/36-EuropeanBikeweek4_0534.jpg?resize=300%2C200&amp;ssl=1 300w, https:\/\/i0.wp.com\/wp.schuli.net\/wp-content\/uploads\/2016\/09\/36-EuropeanBikeweek4_0534.jpg?resize=768%2C512&amp;ssl=1 768w, https:\/\/i0.wp.com\/wp.schuli.net\/wp-content\/uploads\/2016\/09\/36-EuropeanBikeweek4_0534.jpg?resize=207%2C136&amp;ssl=1 207w, https:\/\/i0.wp.com\/wp.schuli.net\/wp-content\/uploads\/2016\/09\/36-EuropeanBikeweek4_0534.jpg?resize=140%2C94&amp;ssl=1 140w, https:\/\/i0.wp.com\/wp.schuli.net\/wp-content\/uploads\/2016\/09\/36-EuropeanBikeweek4_0534.jpg?resize=430%2C283&amp;ssl=1 430w\" sizes=\"auto, (max-width: 100px) 100vw, 100px\" \/><\/a><\/p>\n<p>Die European Bikeweek am Faaker See im sch\u00f6nen \u00f6sterreichischen K\u00e4rnten ist allj\u00e4hrlich DER\u00a0Motorrad-Event in Europa.\u00a0\u00dcber 70&#8217;000 Maschinen und 100&#8217;000 Menschen treffen sich da um\u00a0ein paar sch\u00f6ne Tage zu verbringen. Bei all den wunder- und sonderbaren Impressionen, ist die Selektion von vier Bildern besonders schwierig. Hier ein paar spezielle Eindr\u00fccke, welche sich aus den Bildern dieser Woche hervor gedr\u00e4ngt haben. Bis auf den Ausschnitt\u00a0des Motorenblocks kommen die Bilder direkt unbearbeitet von der Kamera.<\/p>\n<p>\n\t\t<div class='et-image-slider et_sliderfx_slide et_sliderauto_true et_sliderauto_speed_4000 et_slidertype_images'>\n\t\t\t<div class='et-image-slides'>\n\t\t\t\t<div class='et-tabs-content-wrapper'>\n\t\t\t\t\t<div class='et_slidecontent et-image-slide'><img decoding=\"async\" src=\"\/wp-content\/uploads\/2016\/09\/36-EuropeanBikeweek1_0252.jpg\" alt=\"\" width=\"650\" height=\"\" srcset=\"https:\/\/i0.wp.com\/wp.schuli.net\/wp-content\/uploads\/2016\/09\/36-EuropeanBikeweek1_0252.jpg?w=1000&amp;ssl=1 1000w, https:\/\/i0.wp.com\/wp.schuli.net\/wp-content\/uploads\/2016\/09\/36-EuropeanBikeweek1_0252.jpg?resize=300%2C200&amp;ssl=1 300w, https:\/\/i0.wp.com\/wp.schuli.net\/wp-content\/uploads\/2016\/09\/36-EuropeanBikeweek1_0252.jpg?resize=768%2C512&amp;ssl=1 768w, https:\/\/i0.wp.com\/wp.schuli.net\/wp-content\/uploads\/2016\/09\/36-EuropeanBikeweek1_0252.jpg?resize=140%2C94&amp;ssl=1 140w\" sizes=\"(max-width: 1000px) 100vw, 1000px\" \/><span class='et-image-overlay'> <\/span><\/div> \n\t\t<div class='et_slidecontent et-image-slide'><img decoding=\"async\" src=\"\/wp-content\/uploads\/2016\/09\/36-EuropeanBikeweek2_0262.jpg\" alt=\"\" width=\"650\" height=\"\" srcset=\"https:\/\/i0.wp.com\/wp.schuli.net\/wp-content\/uploads\/2016\/09\/36-EuropeanBikeweek2_0262.jpg?w=1000&amp;ssl=1 1000w, https:\/\/i0.wp.com\/wp.schuli.net\/wp-content\/uploads\/2016\/09\/36-EuropeanBikeweek2_0262.jpg?resize=300%2C200&amp;ssl=1 300w, https:\/\/i0.wp.com\/wp.schuli.net\/wp-content\/uploads\/2016\/09\/36-EuropeanBikeweek2_0262.jpg?resize=768%2C512&amp;ssl=1 768w, https:\/\/i0.wp.com\/wp.schuli.net\/wp-content\/uploads\/2016\/09\/36-EuropeanBikeweek2_0262.jpg?resize=140%2C94&amp;ssl=1 140w\" sizes=\"(max-width: 1000px) 100vw, 1000px\" \/><span class='et-image-overlay'> <\/span><\/div> \n\t\t<div class='et_slidecontent et-image-slide'><img decoding=\"async\" src=\"\/wp-content\/uploads\/2016\/09\/36-EuropeanBikeweek3_0407.jpg\" alt=\"\" width=\"650\" height=\"\" srcset=\"https:\/\/i0.wp.com\/wp.schuli.net\/wp-content\/uploads\/2016\/09\/36-EuropeanBikeweek3_0407.jpg?w=1000&amp;ssl=1 1000w, https:\/\/i0.wp.com\/wp.schuli.net\/wp-content\/uploads\/2016\/09\/36-EuropeanBikeweek3_0407.jpg?resize=300%2C200&amp;ssl=1 300w, https:\/\/i0.wp.com\/wp.schuli.net\/wp-content\/uploads\/2016\/09\/36-EuropeanBikeweek3_0407.jpg?resize=768%2C512&amp;ssl=1 768w, https:\/\/i0.wp.com\/wp.schuli.net\/wp-content\/uploads\/2016\/09\/36-EuropeanBikeweek3_0407.jpg?resize=140%2C94&amp;ssl=1 140w\" sizes=\"(max-width: 1000px) 100vw, 1000px\" \/><span class='et-image-overlay'> <\/span><\/div> \n\t\t<div class='et_slidecontent et-image-slide'><img decoding=\"async\" src=\"\/wp-content\/uploads\/2016\/09\/36-EuropeanBikeweek4_0534.jpg\" alt=\"\" width=\"650\" height=\"\" srcset=\"https:\/\/i0.wp.com\/wp.schuli.net\/wp-content\/uploads\/2016\/09\/36-EuropeanBikeweek4_0534.jpg?w=1000&amp;ssl=1 1000w, https:\/\/i0.wp.com\/wp.schuli.net\/wp-content\/uploads\/2016\/09\/36-EuropeanBikeweek4_0534.jpg?resize=300%2C200&amp;ssl=1 300w, https:\/\/i0.wp.com\/wp.schuli.net\/wp-content\/uploads\/2016\/09\/36-EuropeanBikeweek4_0534.jpg?resize=768%2C512&amp;ssl=1 768w, https:\/\/i0.wp.com\/wp.schuli.net\/wp-content\/uploads\/2016\/09\/36-EuropeanBikeweek4_0534.jpg?resize=140%2C94&amp;ssl=1 140w\" sizes=\"(max-width: 1000px) 100vw, 1000px\" \/><span class='et-image-overlay'> <\/span><\/div>\n\t\t\t\t<\/div>\n\t\t\t<\/div>\n\t\t<\/div>\n\t\t [\/et_pb_text][\/et_pb_column][\/et_pb_row][\/et_pb_section]<\/p>\n","protected":false},"excerpt":{"rendered":"<p>Die European Bikeweek am Faaker See im sch\u00f6nen \u00f6sterreichischen K\u00e4rnten ist allj\u00e4hrlich DER\u00a0Motorrad-Event in Europa.\u00a0\u00dcber 70&#8217;000 Maschinen und 100&#8217;000 Menschen treffen sich da um\u00a0ein paar sch\u00f6ne Tage zu verbringen. Bei all den wunder- und sonderbaren Impressionen, ist die Selektion von vier Bildern besonders schwierig. Hier ein paar spezielle Eindr\u00fccke, welche sich aus den Bildern dieser [&hellip;]<\/p>\n","protected":false},"author":1,"featured_media":1954,"comment_status":"open","ping_status":"open","sticky":false,"template":"","format":"standard","meta":{"_et_pb_use_builder":"on","_et_pb_old_content":"<p><a href=\"https:\/\/wp.schuli.net\/wp-content\/uploads\/2016\/09\/36-EuropeanBikeweek1_0252.jpg\"><img class=\"alignnone wp-image-1952\" src=\"https:\/\/wp.schuli.net\/wp-content\/uploads\/2016\/09\/36-EuropeanBikeweek1_0252.jpg\" alt=\"36-europeanbikeweek1_0252\" width=\"100\" height=\"67\" \/><\/a><a href=\"https:\/\/wp.schuli.net\/wp-content\/uploads\/2016\/09\/36-EuropeanBikeweek2_0262.jpg\"><img class=\"alignnone wp-image-1953\" src=\"https:\/\/wp.schuli.net\/wp-content\/uploads\/2016\/09\/36-EuropeanBikeweek2_0262.jpg\" alt=\"36-europeanbikeweek2_0262\" width=\"100\" height=\"67\" \/><\/a><a href=\"https:\/\/wp.schuli.net\/wp-content\/uploads\/2016\/09\/36-EuropeanBikeweek3_0407.jpg\"><img class=\"alignnone wp-image-1955\" src=\"https:\/\/wp.schuli.net\/wp-content\/uploads\/2016\/09\/36-EuropeanBikeweek3_0407.jpg\" alt=\"36-europeanbikeweek3_0407\" width=\"100\" height=\"67\" \/><\/a><a href=\"https:\/\/wp.schuli.net\/wp-content\/uploads\/2016\/09\/36-EuropeanBikeweek4_0534.jpg\"><img class=\"alignnone wp-image-1956\" src=\"https:\/\/wp.schuli.net\/wp-content\/uploads\/2016\/09\/36-EuropeanBikeweek4_0534.jpg\" alt=\"36-europeanbikeweek4_0534\" width=\"100\" height=\"67\" \/><\/a><\/p><p>Die European Bikeweek am Faaker See im sch\u00f6nen \u00f6sterreichischen K\u00e4rnten ist allj\u00e4hrlich DER\u00a0Motorrad-Event in Europa.\u00a0\u00dcber 70'000 Maschinen und 100'000 Menschen treffen sich da um\u00a0ein paar sch\u00f6ne Tage zu verbringen. Bei all den wunder- und sonderbaren Impressionen, ist die Selektion von vier Bildern besonders schwierig. Hier ein paar spezielle Eindr\u00fccke, welche sich aus den Bildern dieser Woche hervor gedr\u00e4ngt haben. Bis auf den Ausschnitt\u00a0des Motorenblocks kommen die Bilder direkt unbearbeitet von der Kamera.<\/p><p>[tabs slidertype=\"images\" fx=\"slide\" auto=\"yes\" autospeed=\"4000\"] [imagetab width=\"650\" height=\"\"]\/wp-content\/uploads\/2016\/09\/36-EuropeanBikeweek1_0252.jpg[\/imagetab] [imagetab width=\"650\" height=\"\"]\/wp-content\/uploads\/2016\/09\/36-EuropeanBikeweek2_0262.jpg[\/imagetab] [imagetab width=\"650\" height=\"\"]\/wp-content\/uploads\/2016\/09\/36-EuropeanBikeweek3_0407.jpg[\/imagetab] [imagetab width=\"650\" height=\"\"]\/wp-content\/uploads\/2016\/09\/36-EuropeanBikeweek4_0534.jpg[\/imagetab] [\/tabs]<\/p>","_et_gb_content_width":"","jetpack_post_was_ever_published":false,"_jetpack_newsletter_access":"","_jetpack_dont_email_post_to_subs":true,"_jetpack_newsletter_tier_id":0,"_jetpack_memberships_contains_paywalled_content":false,"_jetpack_memberships_contains_paid_content":false,"footnotes":"","jetpack_publicize_message":"","jetpack_publicize_feature_enabled":true,"jetpack_social_post_already_shared":true,"jetpack_social_options":{"image_generator_settings":{"template":"highway","default_image_id":0,"font":"","enabled":false},"version":2}},"categories":[27,16,11,26],"tags":[],"class_list":["post-1950","post","type-post","status-publish","format-standard","has-post-thumbnail","hentry","category-2016-schulis-weekly-picture-series","category-blog","category-colour","category-projects","et-has-post-format-content","et_post_format-et-post-format-standard"],"jetpack_publicize_connections":[],"jetpack_featured_media_url":"https:\/\/i0.wp.com\/wp.schuli.net\/wp-content\/uploads\/2016\/09\/36-EuropeanBikeweek3_0407-Featurebild.jpg?fit=300%2C300&ssl=1","jetpack_sharing_enabled":true,"jetpack_shortlink":"https:\/\/wp.me\/p23jlp-vs","jetpack-related-posts":[{"id":2579,"url":"https:\/\/wp.schuli.net\/?p=2579","url_meta":{"origin":1950,"position":0},"title":"2017-02: Mittagssonne in Lappland","author":"Marius Schuler","date":"Sun, 15.01.2017","format":false,"excerpt":"","rel":"","context":"In &quot;2017 - Schulis Weekly Picture Sessions&quot;","block_context":{"text":"2017 - Schulis Weekly Picture Sessions","link":"https:\/\/wp.schuli.net\/?cat=33"},"img":{"alt_text":"","src":"https:\/\/i0.wp.com\/wp.schuli.net\/wp-content\/uploads\/2017\/01\/17-02-Mittagssonne-in-Lappland_8773-847.jpg?fit=1200%2C315&ssl=1&resize=350%2C200","width":350,"height":200,"srcset":"https:\/\/i0.wp.com\/wp.schuli.net\/wp-content\/uploads\/2017\/01\/17-02-Mittagssonne-in-Lappland_8773-847.jpg?fit=1200%2C315&ssl=1&resize=350%2C200 1x, https:\/\/i0.wp.com\/wp.schuli.net\/wp-content\/uploads\/2017\/01\/17-02-Mittagssonne-in-Lappland_8773-847.jpg?fit=1200%2C315&ssl=1&resize=525%2C300 1.5x, https:\/\/i0.wp.com\/wp.schuli.net\/wp-content\/uploads\/2017\/01\/17-02-Mittagssonne-in-Lappland_8773-847.jpg?fit=1200%2C315&ssl=1&resize=700%2C400 2x, https:\/\/i0.wp.com\/wp.schuli.net\/wp-content\/uploads\/2017\/01\/17-02-Mittagssonne-in-Lappland_8773-847.jpg?fit=1200%2C315&ssl=1&resize=1050%2C600 3x"},"classes":[]},{"id":3146,"url":"https:\/\/wp.schuli.net\/?p=3146","url_meta":{"origin":1950,"position":1},"title":"2017-30: Kukkolaforsen","author":"Marius Schuler","date":"Sun, 30.07.2017","format":false,"excerpt":"","rel":"","context":"In &quot;2017 - Schulis Weekly Picture Sessions&quot;","block_context":{"text":"2017 - Schulis Weekly Picture Sessions","link":"https:\/\/wp.schuli.net\/?cat=33"},"img":{"alt_text":"","src":"https:\/\/i0.wp.com\/wp.schuli.net\/wp-content\/uploads\/2017\/07\/IMG_2031.jpg?fit=1200%2C255&ssl=1&resize=350%2C200","width":350,"height":200,"srcset":"https:\/\/i0.wp.com\/wp.schuli.net\/wp-content\/uploads\/2017\/07\/IMG_2031.jpg?fit=1200%2C255&ssl=1&resize=350%2C200 1x, https:\/\/i0.wp.com\/wp.schuli.net\/wp-content\/uploads\/2017\/07\/IMG_2031.jpg?fit=1200%2C255&ssl=1&resize=525%2C300 1.5x, https:\/\/i0.wp.com\/wp.schuli.net\/wp-content\/uploads\/2017\/07\/IMG_2031.jpg?fit=1200%2C255&ssl=1&resize=700%2C400 2x, https:\/\/i0.wp.com\/wp.schuli.net\/wp-content\/uploads\/2017\/07\/IMG_2031.jpg?fit=1200%2C255&ssl=1&resize=1050%2C600 3x"},"classes":[]},{"id":3056,"url":"https:\/\/wp.schuli.net\/?p=3056","url_meta":{"origin":1950,"position":2},"title":"2017-22: Enjoying the sunset","author":"Marius Schuler","date":"Sun, 04.06.2017","format":false,"excerpt":"","rel":"","context":"In &quot;2017 - Schulis Weekly Picture Sessions&quot;","block_context":{"text":"2017 - Schulis Weekly Picture Sessions","link":"https:\/\/wp.schuli.net\/?cat=33"},"img":{"alt_text":"","src":"https:\/\/i0.wp.com\/wp.schuli.net\/wp-content\/uploads\/2017\/06\/17-22-Enjoying-the-sunset1_3560.jpg?fit=901%2C1200&ssl=1&resize=350%2C200","width":350,"height":200,"srcset":"https:\/\/i0.wp.com\/wp.schuli.net\/wp-content\/uploads\/2017\/06\/17-22-Enjoying-the-sunset1_3560.jpg?fit=901%2C1200&ssl=1&resize=350%2C200 1x, https:\/\/i0.wp.com\/wp.schuli.net\/wp-content\/uploads\/2017\/06\/17-22-Enjoying-the-sunset1_3560.jpg?fit=901%2C1200&ssl=1&resize=525%2C300 1.5x, https:\/\/i0.wp.com\/wp.schuli.net\/wp-content\/uploads\/2017\/06\/17-22-Enjoying-the-sunset1_3560.jpg?fit=901%2C1200&ssl=1&resize=700%2C400 2x"},"classes":[]},{"id":3420,"url":"https:\/\/wp.schuli.net\/?p=3420","url_meta":{"origin":1950,"position":3},"title":"2017-50: NYC 9\/11 memorial","author":"Marius Schuler","date":"Sun, 17.12.2017","format":false,"excerpt":"","rel":"","context":"In &quot;2017 - Schulis Weekly Picture Sessions&quot;","block_context":{"text":"2017 - Schulis Weekly Picture Sessions","link":"https:\/\/wp.schuli.net\/?cat=33"},"img":{"alt_text":"","src":"https:\/\/i0.wp.com\/wp.schuli.net\/wp-content\/uploads\/2018\/01\/17-50-NYC-911-memorial.jpg?fit=715%2C1200&ssl=1&resize=350%2C200","width":350,"height":200,"srcset":"https:\/\/i0.wp.com\/wp.schuli.net\/wp-content\/uploads\/2018\/01\/17-50-NYC-911-memorial.jpg?fit=715%2C1200&ssl=1&resize=350%2C200 1x, https:\/\/i0.wp.com\/wp.schuli.net\/wp-content\/uploads\/2018\/01\/17-50-NYC-911-memorial.jpg?fit=715%2C1200&ssl=1&resize=525%2C300 1.5x, https:\/\/i0.wp.com\/wp.schuli.net\/wp-content\/uploads\/2018\/01\/17-50-NYC-911-memorial.jpg?fit=715%2C1200&ssl=1&resize=700%2C400 2x"},"classes":[]},{"id":1441,"url":"https:\/\/wp.schuli.net\/?p=1441","url_meta":{"origin":1950,"position":4},"title":"2016-04: Spuren der Geschichte","author":"Marius Schuler","date":"Sun, 31.01.2016","format":false,"excerpt":"","rel":"","context":"In &quot;2016 - Schulis Weekly Picture Series&quot;","block_context":{"text":"2016 - Schulis Weekly Picture Series","link":"https:\/\/wp.schuli.net\/?cat=27"},"img":{"alt_text":"","src":"https:\/\/i0.wp.com\/wp.schuli.net\/wp-content\/uploads\/2016\/01\/image-10.jpeg?resize=350%2C200&ssl=1","width":350,"height":200,"srcset":"https:\/\/i0.wp.com\/wp.schuli.net\/wp-content\/uploads\/2016\/01\/image-10.jpeg?resize=350%2C200&ssl=1 1x, https:\/\/i0.wp.com\/wp.schuli.net\/wp-content\/uploads\/2016\/01\/image-10.jpeg?resize=525%2C300&ssl=1 1.5x, https:\/\/i0.wp.com\/wp.schuli.net\/wp-content\/uploads\/2016\/01\/image-10.jpeg?resize=700%2C400&ssl=1 2x"},"classes":[]},{"id":3258,"url":"https:\/\/wp.schuli.net\/?p=3258","url_meta":{"origin":1950,"position":5},"title":"2017-40: Fulehung","author":"Marius Schuler","date":"Sun, 08.10.2017","format":false,"excerpt":"","rel":"","context":"In &quot;2017 - Schulis Weekly Picture Sessions&quot;","block_context":{"text":"2017 - Schulis Weekly Picture Sessions","link":"https:\/\/wp.schuli.net\/?cat=33"},"img":{"alt_text":"","src":"https:\/\/i0.wp.com\/wp.schuli.net\/wp-content\/uploads\/2017\/09\/17-40-Fulehung6_0327.jpg?fit=1200%2C836&ssl=1&resize=350%2C200","width":350,"height":200,"srcset":"https:\/\/i0.wp.com\/wp.schuli.net\/wp-content\/uploads\/2017\/09\/17-40-Fulehung6_0327.jpg?fit=1200%2C836&ssl=1&resize=350%2C200 1x, https:\/\/i0.wp.com\/wp.schuli.net\/wp-content\/uploads\/2017\/09\/17-40-Fulehung6_0327.jpg?fit=1200%2C836&ssl=1&resize=525%2C300 1.5x, https:\/\/i0.wp.com\/wp.schuli.net\/wp-content\/uploads\/2017\/09\/17-40-Fulehung6_0327.jpg?fit=1200%2C836&ssl=1&resize=700%2C400 2x, https:\/\/i0.wp.com\/wp.schuli.net\/wp-content\/uploads\/2017\/09\/17-40-Fulehung6_0327.jpg?fit=1200%2C836&ssl=1&resize=1050%2C600 3x"},"classes":[]}],"_links":{"self":[{"href":"https:\/\/wp.schuli.net\/index.php?rest_route=\/wp\/v2\/posts\/1950","targetHints":{"allow":["GET"]}}],"collection":[{"href":"https:\/\/wp.schuli.net\/index.php?rest_route=\/wp\/v2\/posts"}],"about":[{"href":"https:\/\/wp.schuli.net\/index.php?rest_route=\/wp\/v2\/types\/post"}],"author":[{"embeddable":true,"href":"https:\/\/wp.schuli.net\/index.php?rest_route=\/wp\/v2\/users\/1"}],"replies":[{"embeddable":true,"href":"https:\/\/wp.schuli.net\/index.php?rest_route=%2Fwp%2Fv2%2Fcomments&post=1950"}],"version-history":[{"count":6,"href":"https:\/\/wp.schuli.net\/index.php?rest_route=\/wp\/v2\/posts\/1950\/revisions"}],"predecessor-version":[{"id":2442,"href":"https:\/\/wp.schuli.net\/index.php?rest_route=\/wp\/v2\/posts\/1950\/revisions\/2442"}],"wp:featuredmedia":[{"embeddable":true,"href":"https:\/\/wp.schuli.net\/index.php?rest_route=\/wp\/v2\/media\/1954"}],"wp:attachment":[{"href":"https:\/\/wp.schuli.net\/index.php?rest_route=%2Fwp%2Fv2%2Fmedia&parent=1950"}],"wp:term":[{"taxonomy":"category","embeddable":true,"href":"https:\/\/wp.schuli.net\/index.php?rest_route=%2Fwp%2Fv2%2Fcategories&post=1950"},{"taxonomy":"post_tag","embeddable":true,"href":"https:\/\/wp.schuli.net\/index.php?rest_route=%2Fwp%2Fv2%2Ftags&post=1950"}],"curies":[{"name":"wp","href":"https:\/\/api.w.org\/{rel}","templated":true}]}}