{"id":1748,"date":"2016-06-05T20:12:54","date_gmt":"2016-06-05T19:12:54","guid":{"rendered":"http:\/\/wp.schuli.net\/?p=1748"},"modified":"2017-01-08T08:56:08","modified_gmt":"2017-01-08T07:56:08","slug":"2016-22-jodlerfest","status":"publish","type":"post","link":"https:\/\/wp.schuli.net\/?p=1748","title":{"rendered":"2016-22: Jodlerfest"},"content":{"rendered":"<p>[et_pb_section admin_label=&#8221;section&#8221;][et_pb_row admin_label=&#8221;Row&#8221;][et_pb_column type=&#8221;4_4&#8243;][et_pb_text admin_label=&#8221;Text&#8221; background_layout=&#8221;light&#8221; text_orientation=&#8221;left&#8221; use_border_color=&#8221;off&#8221; border_color=&#8221;#ffffff&#8221; border_style=&#8221;solid&#8221;]<\/p>\n<p>Das 50. Bernisch-Kantonale Jodlerfest hat stattgefunden. Gute Gelegenheit, im Wechselspiel zwischen Sonne und Regen ein paar Momente festzuhalten und daraus wie \u00fcblich eine vierer Selektion zu treffen.<\/p>\n<p>[\/et_pb_text][\/et_pb_column][\/et_pb_row][et_pb_row admin_label=&#8221;Row&#8221; make_fullwidth=&#8221;off&#8221; use_custom_width=&#8221;on&#8221; width_unit=&#8221;on&#8221; custom_width_px=&#8221;1000px&#8221; use_custom_gutter=&#8221;off&#8221; allow_player_pause=&#8221;off&#8221; parallax=&#8221;off&#8221; parallax_method=&#8221;off&#8221; make_equal=&#8221;off&#8221; parallax_1=&#8221;off&#8221; parallax_method_1=&#8221;off&#8221;][et_pb_column type=&#8221;4_4&#8243;][et_pb_gallery admin_label=&#8221;Gallery&#8221; gallery_ids=&#8221;1743,1744,1745,1747&#8243; fullwidth=&#8221;on&#8221; show_title_and_caption=&#8221;on&#8221; show_pagination=&#8221;on&#8221; background_layout=&#8221;light&#8221; auto=&#8221;on&#8221; auto_speed=&#8221;4000&#8243; use_border_color=&#8221;off&#8221; border_color=&#8221;#ffffff&#8221; border_style=&#8221;solid&#8221; hover_icon=&#8221;%%40%%&#8221; hover_overlay_color=&#8221;rgba(255,255,255,0.9)&#8221;] [\/et_pb_gallery][\/et_pb_column][\/et_pb_row][et_pb_row admin_label=&#8221;row&#8221; make_fullwidth=&#8221;off&#8221; use_custom_width=&#8221;off&#8221; width_unit=&#8221;on&#8221; use_custom_gutter=&#8221;off&#8221; allow_player_pause=&#8221;off&#8221; parallax=&#8221;off&#8221; parallax_method=&#8221;off&#8221; make_equal=&#8221;off&#8221; parallax_1=&#8221;off&#8221; parallax_method_1=&#8221;off&#8221; background_color_1=&#8221;#e02b20&#8243; disabled_on=&#8221;on|on|on&#8221; disabled=&#8221;on&#8221;][et_pb_column type=&#8221;4_4&#8243;][et_pb_text admin_label=&#8221;Text&#8221; background_layout=&#8221;light&#8221; text_orientation=&#8221;left&#8221; use_border_color=&#8221;off&#8221; border_color=&#8221;#ffffff&#8221; border_style=&#8221;solid&#8221;]<\/p>\n<p><a href=\"https:\/\/i0.wp.com\/wp.schuli.net\/wp-content\/uploads\/2016\/06\/2016-22-Jodlerfest1_0620.jpg?ssl=1\"><img data-recalc-dims=\"1\" loading=\"lazy\" decoding=\"async\" data-attachment-id=\"1743\" data-permalink=\"https:\/\/wp.schuli.net\/?attachment_id=1743\" data-orig-file=\"https:\/\/i0.wp.com\/wp.schuli.net\/wp-content\/uploads\/2016\/06\/2016-22-Jodlerfest1_0620.jpg?fit=1000%2C667&amp;ssl=1\" data-orig-size=\"1000,667\" data-comments-opened=\"1\" data-image-meta=\"{&quot;aperture&quot;:&quot;0&quot;,&quot;credit&quot;:&quot;&quot;,&quot;camera&quot;:&quot;&quot;,&quot;caption&quot;:&quot;&quot;,&quot;created_timestamp&quot;:&quot;0&quot;,&quot;copyright&quot;:&quot;\\u00a9 2016 Marius Schuler&quot;,&quot;focal_length&quot;:&quot;0&quot;,&quot;iso&quot;:&quot;0&quot;,&quot;shutter_speed&quot;:&quot;0&quot;,&quot;title&quot;:&quot;&quot;,&quot;orientation&quot;:&quot;0&quot;}\" data-image-title=\"2016-22-Jodlerfest1_0620\" data-image-description=\"\" data-image-caption=\"\" data-large-file=\"https:\/\/i0.wp.com\/wp.schuli.net\/wp-content\/uploads\/2016\/06\/2016-22-Jodlerfest1_0620.jpg?fit=1000%2C667&amp;ssl=1\" class=\"alignnone wp-image-1743\" src=\"https:\/\/i0.wp.com\/wp.schuli.net\/wp-content\/uploads\/2016\/06\/2016-22-Jodlerfest1_0620.jpg?resize=100%2C67&#038;ssl=1\" alt=\"2016-22-Jodlerfest1_0620\" width=\"100\" height=\"67\" srcset=\"https:\/\/i0.wp.com\/wp.schuli.net\/wp-content\/uploads\/2016\/06\/2016-22-Jodlerfest1_0620.jpg?w=1000&amp;ssl=1 1000w, https:\/\/i0.wp.com\/wp.schuli.net\/wp-content\/uploads\/2016\/06\/2016-22-Jodlerfest1_0620.jpg?resize=300%2C200&amp;ssl=1 300w, https:\/\/i0.wp.com\/wp.schuli.net\/wp-content\/uploads\/2016\/06\/2016-22-Jodlerfest1_0620.jpg?resize=768%2C512&amp;ssl=1 768w, https:\/\/i0.wp.com\/wp.schuli.net\/wp-content\/uploads\/2016\/06\/2016-22-Jodlerfest1_0620.jpg?resize=207%2C136&amp;ssl=1 207w, https:\/\/i0.wp.com\/wp.schuli.net\/wp-content\/uploads\/2016\/06\/2016-22-Jodlerfest1_0620.jpg?resize=140%2C94&amp;ssl=1 140w, https:\/\/i0.wp.com\/wp.schuli.net\/wp-content\/uploads\/2016\/06\/2016-22-Jodlerfest1_0620.jpg?resize=430%2C283&amp;ssl=1 430w\" sizes=\"auto, (max-width: 100px) 100vw, 100px\" \/><\/a><a href=\"https:\/\/i0.wp.com\/wp.schuli.net\/wp-content\/uploads\/2016\/06\/2016-22-Jodlerfest2_0662.jpg?ssl=1\"><img data-recalc-dims=\"1\" loading=\"lazy\" decoding=\"async\" data-attachment-id=\"1744\" data-permalink=\"https:\/\/wp.schuli.net\/?attachment_id=1744\" data-orig-file=\"https:\/\/i0.wp.com\/wp.schuli.net\/wp-content\/uploads\/2016\/06\/2016-22-Jodlerfest2_0662.jpg?fit=1000%2C667&amp;ssl=1\" data-orig-size=\"1000,667\" data-comments-opened=\"1\" data-image-meta=\"{&quot;aperture&quot;:&quot;0&quot;,&quot;credit&quot;:&quot;&quot;,&quot;camera&quot;:&quot;&quot;,&quot;caption&quot;:&quot;&quot;,&quot;created_timestamp&quot;:&quot;0&quot;,&quot;copyright&quot;:&quot;\\u00a9 2016 Marius Schuler&quot;,&quot;focal_length&quot;:&quot;0&quot;,&quot;iso&quot;:&quot;0&quot;,&quot;shutter_speed&quot;:&quot;0&quot;,&quot;title&quot;:&quot;&quot;,&quot;orientation&quot;:&quot;0&quot;}\" data-image-title=\"2016-22-Jodlerfest2_0662\" data-image-description=\"\" data-image-caption=\"\" data-large-file=\"https:\/\/i0.wp.com\/wp.schuli.net\/wp-content\/uploads\/2016\/06\/2016-22-Jodlerfest2_0662.jpg?fit=1000%2C667&amp;ssl=1\" class=\"alignnone wp-image-1744\" src=\"https:\/\/i0.wp.com\/wp.schuli.net\/wp-content\/uploads\/2016\/06\/2016-22-Jodlerfest2_0662.jpg?resize=100%2C67&#038;ssl=1\" alt=\"2016-22-Jodlerfest2_0662\" width=\"100\" height=\"67\" srcset=\"https:\/\/i0.wp.com\/wp.schuli.net\/wp-content\/uploads\/2016\/06\/2016-22-Jodlerfest2_0662.jpg?w=1000&amp;ssl=1 1000w, https:\/\/i0.wp.com\/wp.schuli.net\/wp-content\/uploads\/2016\/06\/2016-22-Jodlerfest2_0662.jpg?resize=300%2C200&amp;ssl=1 300w, https:\/\/i0.wp.com\/wp.schuli.net\/wp-content\/uploads\/2016\/06\/2016-22-Jodlerfest2_0662.jpg?resize=768%2C512&amp;ssl=1 768w, https:\/\/i0.wp.com\/wp.schuli.net\/wp-content\/uploads\/2016\/06\/2016-22-Jodlerfest2_0662.jpg?resize=207%2C136&amp;ssl=1 207w, https:\/\/i0.wp.com\/wp.schuli.net\/wp-content\/uploads\/2016\/06\/2016-22-Jodlerfest2_0662.jpg?resize=140%2C94&amp;ssl=1 140w, https:\/\/i0.wp.com\/wp.schuli.net\/wp-content\/uploads\/2016\/06\/2016-22-Jodlerfest2_0662.jpg?resize=430%2C283&amp;ssl=1 430w\" sizes=\"auto, (max-width: 100px) 100vw, 100px\" \/><\/a><a href=\"https:\/\/i0.wp.com\/wp.schuli.net\/wp-content\/uploads\/2016\/06\/2016-22-Jodlerfest3_0667.jpg?ssl=1\"><img data-recalc-dims=\"1\" loading=\"lazy\" decoding=\"async\" data-attachment-id=\"1745\" data-permalink=\"https:\/\/wp.schuli.net\/?attachment_id=1745\" data-orig-file=\"https:\/\/i0.wp.com\/wp.schuli.net\/wp-content\/uploads\/2016\/06\/2016-22-Jodlerfest3_0667.jpg?fit=1000%2C1000&amp;ssl=1\" data-orig-size=\"1000,1000\" data-comments-opened=\"1\" data-image-meta=\"{&quot;aperture&quot;:&quot;0&quot;,&quot;credit&quot;:&quot;&quot;,&quot;camera&quot;:&quot;&quot;,&quot;caption&quot;:&quot;&quot;,&quot;created_timestamp&quot;:&quot;0&quot;,&quot;copyright&quot;:&quot;\\u00a9 2016 Marius Schuler&quot;,&quot;focal_length&quot;:&quot;0&quot;,&quot;iso&quot;:&quot;0&quot;,&quot;shutter_speed&quot;:&quot;0&quot;,&quot;title&quot;:&quot;&quot;,&quot;orientation&quot;:&quot;0&quot;}\" data-image-title=\"2016-22-Jodlerfest3_0667\" data-image-description=\"\" data-image-caption=\"\" data-large-file=\"https:\/\/i0.wp.com\/wp.schuli.net\/wp-content\/uploads\/2016\/06\/2016-22-Jodlerfest3_0667.jpg?fit=1000%2C1000&amp;ssl=1\" class=\"alignnone wp-image-1745\" src=\"https:\/\/i0.wp.com\/wp.schuli.net\/wp-content\/uploads\/2016\/06\/2016-22-Jodlerfest3_0667.jpg?resize=67%2C67&#038;ssl=1\" alt=\"2016-22-Jodlerfest3_0667\" width=\"67\" height=\"67\" srcset=\"https:\/\/i0.wp.com\/wp.schuli.net\/wp-content\/uploads\/2016\/06\/2016-22-Jodlerfest3_0667.jpg?w=1000&amp;ssl=1 1000w, https:\/\/i0.wp.com\/wp.schuli.net\/wp-content\/uploads\/2016\/06\/2016-22-Jodlerfest3_0667.jpg?resize=150%2C150&amp;ssl=1 150w, https:\/\/i0.wp.com\/wp.schuli.net\/wp-content\/uploads\/2016\/06\/2016-22-Jodlerfest3_0667.jpg?resize=300%2C300&amp;ssl=1 300w, https:\/\/i0.wp.com\/wp.schuli.net\/wp-content\/uploads\/2016\/06\/2016-22-Jodlerfest3_0667.jpg?resize=768%2C768&amp;ssl=1 768w, https:\/\/i0.wp.com\/wp.schuli.net\/wp-content\/uploads\/2016\/06\/2016-22-Jodlerfest3_0667.jpg?resize=185%2C185&amp;ssl=1 185w, https:\/\/i0.wp.com\/wp.schuli.net\/wp-content\/uploads\/2016\/06\/2016-22-Jodlerfest3_0667.jpg?resize=184%2C184&amp;ssl=1 184w\" sizes=\"auto, (max-width: 67px) 100vw, 67px\" \/><\/a><a href=\"https:\/\/i0.wp.com\/wp.schuli.net\/wp-content\/uploads\/2016\/06\/2016-22-Jodlerfest4_0704.jpg?ssl=1\"><img data-recalc-dims=\"1\" loading=\"lazy\" decoding=\"async\" data-attachment-id=\"1747\" data-permalink=\"https:\/\/wp.schuli.net\/?attachment_id=1747\" data-orig-file=\"https:\/\/i0.wp.com\/wp.schuli.net\/wp-content\/uploads\/2016\/06\/2016-22-Jodlerfest4_0704.jpg?fit=1000%2C1000&amp;ssl=1\" data-orig-size=\"1000,1000\" data-comments-opened=\"1\" data-image-meta=\"{&quot;aperture&quot;:&quot;0&quot;,&quot;credit&quot;:&quot;&quot;,&quot;camera&quot;:&quot;&quot;,&quot;caption&quot;:&quot;&quot;,&quot;created_timestamp&quot;:&quot;0&quot;,&quot;copyright&quot;:&quot;\\u00a9 2016 Marius Schuler&quot;,&quot;focal_length&quot;:&quot;0&quot;,&quot;iso&quot;:&quot;0&quot;,&quot;shutter_speed&quot;:&quot;0&quot;,&quot;title&quot;:&quot;&quot;,&quot;orientation&quot;:&quot;0&quot;}\" data-image-title=\"2016-22-Jodlerfest4_0704\" data-image-description=\"\" data-image-caption=\"\" data-large-file=\"https:\/\/i0.wp.com\/wp.schuli.net\/wp-content\/uploads\/2016\/06\/2016-22-Jodlerfest4_0704.jpg?fit=1000%2C1000&amp;ssl=1\" class=\"alignnone wp-image-1747\" src=\"https:\/\/i0.wp.com\/wp.schuli.net\/wp-content\/uploads\/2016\/06\/2016-22-Jodlerfest4_0704.jpg?resize=67%2C67&#038;ssl=1\" alt=\"2016-22-Jodlerfest4_0704\" width=\"67\" height=\"67\" srcset=\"https:\/\/i0.wp.com\/wp.schuli.net\/wp-content\/uploads\/2016\/06\/2016-22-Jodlerfest4_0704.jpg?w=1000&amp;ssl=1 1000w, https:\/\/i0.wp.com\/wp.schuli.net\/wp-content\/uploads\/2016\/06\/2016-22-Jodlerfest4_0704.jpg?resize=150%2C150&amp;ssl=1 150w, https:\/\/i0.wp.com\/wp.schuli.net\/wp-content\/uploads\/2016\/06\/2016-22-Jodlerfest4_0704.jpg?resize=300%2C300&amp;ssl=1 300w, https:\/\/i0.wp.com\/wp.schuli.net\/wp-content\/uploads\/2016\/06\/2016-22-Jodlerfest4_0704.jpg?resize=768%2C768&amp;ssl=1 768w, https:\/\/i0.wp.com\/wp.schuli.net\/wp-content\/uploads\/2016\/06\/2016-22-Jodlerfest4_0704.jpg?resize=185%2C185&amp;ssl=1 185w, https:\/\/i0.wp.com\/wp.schuli.net\/wp-content\/uploads\/2016\/06\/2016-22-Jodlerfest4_0704.jpg?resize=184%2C184&amp;ssl=1 184w\" sizes=\"auto, (max-width: 67px) 100vw, 67px\" \/><\/a><\/p>\n<p>Das 50. Bernisch-Kantonale Jodlerfest hat stattgefunden. Gute Gelegenheit, im Wechselspiel zwischen Sonne und Regen ein paar Momente festzuhalten und daraus wie \u00fcblich eine vierer Selektion zu treffen.<\/p>\n<p>\n\t\t<div class='et-image-slider et_sliderfx_slide et_sliderauto_true et_sliderauto_speed_4000 et_slidertype_images'>\n\t\t\t<div class='et-image-slides'>\n\t\t\t\t<div class='et-tabs-content-wrapper'>\n\t\t\t\t\t<div class='et_slidecontent et-image-slide'><img decoding=\"async\" src=\"\/wp-content\/uploads\/2016\/06\/2016-22-Jodlerfest1_0620.jpg\" alt=\"\" width=\"650\" height=\"\" srcset=\"https:\/\/i0.wp.com\/wp.schuli.net\/wp-content\/uploads\/2016\/06\/2016-22-Jodlerfest1_0620.jpg?w=1000&amp;ssl=1 1000w, https:\/\/i0.wp.com\/wp.schuli.net\/wp-content\/uploads\/2016\/06\/2016-22-Jodlerfest1_0620.jpg?resize=300%2C200&amp;ssl=1 300w, https:\/\/i0.wp.com\/wp.schuli.net\/wp-content\/uploads\/2016\/06\/2016-22-Jodlerfest1_0620.jpg?resize=768%2C512&amp;ssl=1 768w, https:\/\/i0.wp.com\/wp.schuli.net\/wp-content\/uploads\/2016\/06\/2016-22-Jodlerfest1_0620.jpg?resize=140%2C94&amp;ssl=1 140w\" sizes=\"(max-width: 1000px) 100vw, 1000px\" \/><span class='et-image-overlay'> <\/span><\/div> \n\t\t<div class='et_slidecontent et-image-slide'><img decoding=\"async\" src=\"\/wp-content\/uploads\/2016\/06\/2016-22-Jodlerfest2_0662.jpg\" alt=\"\" width=\"650\" height=\"\" srcset=\"https:\/\/i0.wp.com\/wp.schuli.net\/wp-content\/uploads\/2016\/06\/2016-22-Jodlerfest2_0662.jpg?w=1000&amp;ssl=1 1000w, https:\/\/i0.wp.com\/wp.schuli.net\/wp-content\/uploads\/2016\/06\/2016-22-Jodlerfest2_0662.jpg?resize=300%2C200&amp;ssl=1 300w, https:\/\/i0.wp.com\/wp.schuli.net\/wp-content\/uploads\/2016\/06\/2016-22-Jodlerfest2_0662.jpg?resize=768%2C512&amp;ssl=1 768w, https:\/\/i0.wp.com\/wp.schuli.net\/wp-content\/uploads\/2016\/06\/2016-22-Jodlerfest2_0662.jpg?resize=140%2C94&amp;ssl=1 140w\" sizes=\"(max-width: 1000px) 100vw, 1000px\" \/><span class='et-image-overlay'> <\/span><\/div> \n\t\t<div class='et_slidecontent et-image-slide'><img decoding=\"async\" src=\"\/wp-content\/uploads\/2016\/06\/2016-22-Jodlerfest3_0667.jpg\" alt=\"\" width=\"650\" height=\"\" srcset=\"https:\/\/i0.wp.com\/wp.schuli.net\/wp-content\/uploads\/2016\/06\/2016-22-Jodlerfest3_0667.jpg?w=1000&amp;ssl=1 1000w, https:\/\/i0.wp.com\/wp.schuli.net\/wp-content\/uploads\/2016\/06\/2016-22-Jodlerfest3_0667.jpg?resize=150%2C150&amp;ssl=1 150w, https:\/\/i0.wp.com\/wp.schuli.net\/wp-content\/uploads\/2016\/06\/2016-22-Jodlerfest3_0667.jpg?resize=300%2C300&amp;ssl=1 300w, https:\/\/i0.wp.com\/wp.schuli.net\/wp-content\/uploads\/2016\/06\/2016-22-Jodlerfest3_0667.jpg?resize=768%2C768&amp;ssl=1 768w, https:\/\/i0.wp.com\/wp.schuli.net\/wp-content\/uploads\/2016\/06\/2016-22-Jodlerfest3_0667.jpg?resize=185%2C185&amp;ssl=1 185w, https:\/\/i0.wp.com\/wp.schuli.net\/wp-content\/uploads\/2016\/06\/2016-22-Jodlerfest3_0667.jpg?resize=184%2C184&amp;ssl=1 184w\" sizes=\"(max-width: 1000px) 100vw, 1000px\" \/><span class='et-image-overlay'> <\/span><\/div> \n\t\t<div class='et_slidecontent et-image-slide'><img decoding=\"async\" src=\"\/wp-content\/uploads\/2016\/06\/2016-22-Jodlerfest4_0704.jpg\" alt=\"\" width=\"650\" height=\"\" srcset=\"https:\/\/i0.wp.com\/wp.schuli.net\/wp-content\/uploads\/2016\/06\/2016-22-Jodlerfest4_0704.jpg?w=1000&amp;ssl=1 1000w, https:\/\/i0.wp.com\/wp.schuli.net\/wp-content\/uploads\/2016\/06\/2016-22-Jodlerfest4_0704.jpg?resize=150%2C150&amp;ssl=1 150w, https:\/\/i0.wp.com\/wp.schuli.net\/wp-content\/uploads\/2016\/06\/2016-22-Jodlerfest4_0704.jpg?resize=300%2C300&amp;ssl=1 300w, https:\/\/i0.wp.com\/wp.schuli.net\/wp-content\/uploads\/2016\/06\/2016-22-Jodlerfest4_0704.jpg?resize=768%2C768&amp;ssl=1 768w, https:\/\/i0.wp.com\/wp.schuli.net\/wp-content\/uploads\/2016\/06\/2016-22-Jodlerfest4_0704.jpg?resize=185%2C185&amp;ssl=1 185w, https:\/\/i0.wp.com\/wp.schuli.net\/wp-content\/uploads\/2016\/06\/2016-22-Jodlerfest4_0704.jpg?resize=184%2C184&amp;ssl=1 184w\" sizes=\"(max-width: 1000px) 100vw, 1000px\" \/><span class='et-image-overlay'> <\/span><\/div>\n\t\t\t\t<\/div>\n\t\t\t<\/div>\n\t\t<\/div>\n\t\t [\/et_pb_text][\/et_pb_column][\/et_pb_row][\/et_pb_section]<\/p>\n","protected":false},"excerpt":{"rendered":"<p>Das 50. Bernisch-Kantonale Jodlerfest hat stattgefunden. Gute Gelegenheit, im Wechselspiel zwischen Sonne und Regen ein paar Momente festzuhalten und daraus wie \u00fcblich eine vierer Selektion zu treffen. Das 50. Bernisch-Kantonale Jodlerfest hat stattgefunden. Gute Gelegenheit, im Wechselspiel zwischen Sonne und Regen ein paar Momente festzuhalten und daraus wie \u00fcblich eine vierer Selektion zu treffen. \n\t\t\t<div class='et-tabs-container et_sliderfx_fade et_sliderauto_false et_sliderauto_speed_5000 et_slidertype_top_tabs'>\n\t\t\t\t\n\t\t\t<\/div><\/p>\n","protected":false},"author":1,"featured_media":1746,"comment_status":"open","ping_status":"open","sticky":false,"template":"","format":"standard","meta":{"_et_pb_use_builder":"on","_et_pb_old_content":"<p><a href=\"https:\/\/wp.schuli.net\/wp-content\/uploads\/2016\/06\/2016-22-Jodlerfest1_0620.jpg\"><img class=\"alignnone wp-image-1743\" src=\"https:\/\/wp.schuli.net\/wp-content\/uploads\/2016\/06\/2016-22-Jodlerfest1_0620.jpg\" alt=\"2016-22-Jodlerfest1_0620\" width=\"100\" height=\"67\" \/><\/a><a href=\"https:\/\/wp.schuli.net\/wp-content\/uploads\/2016\/06\/2016-22-Jodlerfest2_0662.jpg\"><img class=\"alignnone wp-image-1744\" src=\"https:\/\/wp.schuli.net\/wp-content\/uploads\/2016\/06\/2016-22-Jodlerfest2_0662.jpg\" alt=\"2016-22-Jodlerfest2_0662\" width=\"100\" height=\"67\" \/><\/a><a href=\"https:\/\/wp.schuli.net\/wp-content\/uploads\/2016\/06\/2016-22-Jodlerfest3_0667.jpg\"><img class=\"alignnone wp-image-1745\" src=\"https:\/\/wp.schuli.net\/wp-content\/uploads\/2016\/06\/2016-22-Jodlerfest3_0667.jpg\" alt=\"2016-22-Jodlerfest3_0667\" width=\"67\" height=\"67\" \/><\/a><a href=\"https:\/\/wp.schuli.net\/wp-content\/uploads\/2016\/06\/2016-22-Jodlerfest4_0704.jpg\"><img class=\"alignnone wp-image-1747\" src=\"https:\/\/wp.schuli.net\/wp-content\/uploads\/2016\/06\/2016-22-Jodlerfest4_0704.jpg\" alt=\"2016-22-Jodlerfest4_0704\" width=\"67\" height=\"67\" \/><\/a><\/p><p>Das 50. Bernisch-Kantonale Jodlerfest hat stattgefunden. Gute Gelegenheit, im Wechselspiel zwischen Sonne und Regen ein paar Momente festzuhalten und daraus wie \u00fcblich eine vierer Selektion zu treffen.<\/p><p>[tabs slidertype=\"images\" fx=\"slide\" auto=\"yes\" autospeed=\"4000\"] [imagetab width=\"650\" height=\"\"]\/wp-content\/uploads\/2016\/06\/2016-22-Jodlerfest1_0620.jpg[\/imagetab] [imagetab width=\"650\" height=\"\"]\/wp-content\/uploads\/2016\/06\/2016-22-Jodlerfest2_0662.jpg[\/imagetab] [imagetab width=\"650\" height=\"\"]\/wp-content\/uploads\/2016\/06\/2016-22-Jodlerfest3_0667.jpg[\/imagetab] [imagetab width=\"650\" height=\"\"]\/wp-content\/uploads\/2016\/06\/2016-22-Jodlerfest4_0704.jpg[\/imagetab] [\/tabs]<\/p>","_et_gb_content_width":"","jetpack_post_was_ever_published":false,"_jetpack_newsletter_access":"","_jetpack_dont_email_post_to_subs":true,"_jetpack_newsletter_tier_id":0,"_jetpack_memberships_contains_paywalled_content":false,"_jetpack_memberships_contains_paid_content":false,"footnotes":"","jetpack_publicize_message":"","jetpack_publicize_feature_enabled":true,"jetpack_social_post_already_shared":true,"jetpack_social_options":{"image_generator_settings":{"template":"highway","default_image_id":0,"font":"","enabled":false},"version":2}},"categories":[27,9,16,26],"tags":[],"class_list":["post-1748","post","type-post","status-publish","format-standard","has-post-thumbnail","hentry","category-2016-schulis-weekly-picture-series","category-bw","category-blog","category-projects","et-has-post-format-content","et_post_format-et-post-format-standard"],"jetpack_publicize_connections":[],"jetpack_featured_media_url":"https:\/\/i0.wp.com\/wp.schuli.net\/wp-content\/uploads\/2016\/06\/2016-22-Jodlerfest4_0704-Featurebild.jpg?fit=300%2C300&ssl=1","jetpack_sharing_enabled":true,"jetpack_shortlink":"https:\/\/wp.me\/p23jlp-sc","jetpack-related-posts":[{"id":1382,"url":"https:\/\/wp.schuli.net\/?p=1382","url_meta":{"origin":1748,"position":0},"title":"2016-01: Blumenstrauss in vier Bild-Paaren","author":"Marius Schuler","date":"Sun, 10.01.2016","format":false,"excerpt":"","rel":"","context":"In &quot;2016 - Schulis Weekly Picture Series&quot;","block_context":{"text":"2016 - Schulis Weekly Picture Series","link":"https:\/\/wp.schuli.net\/?cat=27"},"img":{"alt_text":"","src":"https:\/\/i0.wp.com\/wp.schuli.net\/wp-content\/uploads\/2016\/01\/img_1136.jpeg?resize=350%2C200&ssl=1","width":350,"height":200,"srcset":"https:\/\/i0.wp.com\/wp.schuli.net\/wp-content\/uploads\/2016\/01\/img_1136.jpeg?resize=350%2C200&ssl=1 1x, https:\/\/i0.wp.com\/wp.schuli.net\/wp-content\/uploads\/2016\/01\/img_1136.jpeg?resize=525%2C300&ssl=1 1.5x, https:\/\/i0.wp.com\/wp.schuli.net\/wp-content\/uploads\/2016\/01\/img_1136.jpeg?resize=700%2C400&ssl=1 2x"},"classes":[]},{"id":2002,"url":"https:\/\/wp.schuli.net\/?p=2002","url_meta":{"origin":1748,"position":1},"title":"2016-40: Zugreise","author":"Marius Schuler","date":"Sun, 09.10.2016","format":false,"excerpt":"","rel":"","context":"In &quot;2016 - Schulis Weekly Picture Series&quot;","block_context":{"text":"2016 - Schulis Weekly Picture Series","link":"https:\/\/wp.schuli.net\/?cat=27"},"img":{"alt_text":"Komfort auf Schienen","src":"https:\/\/i0.wp.com\/wp.schuli.net\/wp-content\/uploads\/2016\/10\/IMG_1492.jpg?resize=350%2C200&ssl=1","width":350,"height":200,"srcset":"https:\/\/i0.wp.com\/wp.schuli.net\/wp-content\/uploads\/2016\/10\/IMG_1492.jpg?resize=350%2C200&ssl=1 1x, https:\/\/i0.wp.com\/wp.schuli.net\/wp-content\/uploads\/2016\/10\/IMG_1492.jpg?resize=525%2C300&ssl=1 1.5x, https:\/\/i0.wp.com\/wp.schuli.net\/wp-content\/uploads\/2016\/10\/IMG_1492.jpg?resize=700%2C400&ssl=1 2x"},"classes":[]},{"id":1861,"url":"https:\/\/wp.schuli.net\/?p=1861","url_meta":{"origin":1748,"position":2},"title":"2016-30: Yellowstone","author":"Marius Schuler","date":"Sun, 31.07.2016","format":false,"excerpt":"","rel":"","context":"In &quot;2016 - Schulis Weekly Picture Series&quot;","block_context":{"text":"2016 - Schulis Weekly Picture Series","link":"https:\/\/wp.schuli.net\/?cat=27"},"img":{"alt_text":"","src":"https:\/\/i0.wp.com\/wp.schuli.net\/wp-content\/uploads\/2016\/07\/image-14.jpeg?resize=350%2C200&ssl=1","width":350,"height":200,"srcset":"https:\/\/i0.wp.com\/wp.schuli.net\/wp-content\/uploads\/2016\/07\/image-14.jpeg?resize=350%2C200&ssl=1 1x, https:\/\/i0.wp.com\/wp.schuli.net\/wp-content\/uploads\/2016\/07\/image-14.jpeg?resize=525%2C300&ssl=1 1.5x, https:\/\/i0.wp.com\/wp.schuli.net\/wp-content\/uploads\/2016\/07\/image-14.jpeg?resize=700%2C400&ssl=1 2x"},"classes":[]},{"id":3175,"url":"https:\/\/wp.schuli.net\/?p=3175","url_meta":{"origin":1748,"position":3},"title":"2017-33: Cremeschnitte v2.0","author":"Marius Schuler","date":"Sat, 19.08.2017","format":false,"excerpt":"","rel":"","context":"In &quot;2017 - Schulis Weekly Picture Sessions&quot;","block_context":{"text":"2017 - Schulis Weekly Picture Sessions","link":"https:\/\/wp.schuli.net\/?cat=33"},"img":{"alt_text":"","src":"https:\/\/i0.wp.com\/wp.schuli.net\/wp-content\/uploads\/2017\/08\/IMG_2043.jpg?fit=1200%2C1200&ssl=1&resize=350%2C200","width":350,"height":200,"srcset":"https:\/\/i0.wp.com\/wp.schuli.net\/wp-content\/uploads\/2017\/08\/IMG_2043.jpg?fit=1200%2C1200&ssl=1&resize=350%2C200 1x, https:\/\/i0.wp.com\/wp.schuli.net\/wp-content\/uploads\/2017\/08\/IMG_2043.jpg?fit=1200%2C1200&ssl=1&resize=525%2C300 1.5x, https:\/\/i0.wp.com\/wp.schuli.net\/wp-content\/uploads\/2017\/08\/IMG_2043.jpg?fit=1200%2C1200&ssl=1&resize=700%2C400 2x, https:\/\/i0.wp.com\/wp.schuli.net\/wp-content\/uploads\/2017\/08\/IMG_2043.jpg?fit=1200%2C1200&ssl=1&resize=1050%2C600 3x"},"classes":[]},{"id":1441,"url":"https:\/\/wp.schuli.net\/?p=1441","url_meta":{"origin":1748,"position":4},"title":"2016-04: Spuren der Geschichte","author":"Marius Schuler","date":"Sun, 31.01.2016","format":false,"excerpt":"","rel":"","context":"In &quot;2016 - Schulis Weekly Picture Series&quot;","block_context":{"text":"2016 - Schulis Weekly Picture Series","link":"https:\/\/wp.schuli.net\/?cat=27"},"img":{"alt_text":"","src":"https:\/\/i0.wp.com\/wp.schuli.net\/wp-content\/uploads\/2016\/01\/image-10.jpeg?resize=350%2C200&ssl=1","width":350,"height":200,"srcset":"https:\/\/i0.wp.com\/wp.schuli.net\/wp-content\/uploads\/2016\/01\/image-10.jpeg?resize=350%2C200&ssl=1 1x, https:\/\/i0.wp.com\/wp.schuli.net\/wp-content\/uploads\/2016\/01\/image-10.jpeg?resize=525%2C300&ssl=1 1.5x, https:\/\/i0.wp.com\/wp.schuli.net\/wp-content\/uploads\/2016\/01\/image-10.jpeg?resize=700%2C400&ssl=1 2x"},"classes":[]},{"id":437,"url":"https:\/\/wp.schuli.net\/?p=437","url_meta":{"origin":1748,"position":5},"title":"Modellheli Anf\u00e4nger","author":"Marius Schuler","date":"Fri, 02.12.2011","format":false,"excerpt":"Schwebende Helikopter stellen f\u00fcr mich eine Faszination dar. Den Helikopter pr\u00e4zise und sicher zu steuern macht schlichtweg Spass und ist eine Herausforderung. Wie so oft, f\u00fchrt lediglich hartn\u00e4ckige Disziplin und \u00dcbung zu Fortschritt und K\u00f6nnen.","rel":"","context":"In &quot;Blog&quot;","block_context":{"text":"Blog","link":"https:\/\/wp.schuli.net\/?cat=16"},"img":{"alt_text":"","src":"","width":0,"height":0},"classes":[]}],"_links":{"self":[{"href":"https:\/\/wp.schuli.net\/index.php?rest_route=\/wp\/v2\/posts\/1748","targetHints":{"allow":["GET"]}}],"collection":[{"href":"https:\/\/wp.schuli.net\/index.php?rest_route=\/wp\/v2\/posts"}],"about":[{"href":"https:\/\/wp.schuli.net\/index.php?rest_route=\/wp\/v2\/types\/post"}],"author":[{"embeddable":true,"href":"https:\/\/wp.schuli.net\/index.php?rest_route=\/wp\/v2\/users\/1"}],"replies":[{"embeddable":true,"href":"https:\/\/wp.schuli.net\/index.php?rest_route=%2Fwp%2Fv2%2Fcomments&post=1748"}],"version-history":[{"count":5,"href":"https:\/\/wp.schuli.net\/index.php?rest_route=\/wp\/v2\/posts\/1748\/revisions"}],"predecessor-version":[{"id":2457,"href":"https:\/\/wp.schuli.net\/index.php?rest_route=\/wp\/v2\/posts\/1748\/revisions\/2457"}],"wp:featuredmedia":[{"embeddable":true,"href":"https:\/\/wp.schuli.net\/index.php?rest_route=\/wp\/v2\/media\/1746"}],"wp:attachment":[{"href":"https:\/\/wp.schuli.net\/index.php?rest_route=%2Fwp%2Fv2%2Fmedia&parent=1748"}],"wp:term":[{"taxonomy":"category","embeddable":true,"href":"https:\/\/wp.schuli.net\/index.php?rest_route=%2Fwp%2Fv2%2Fcategories&post=1748"},{"taxonomy":"post_tag","embeddable":true,"href":"https:\/\/wp.schuli.net\/index.php?rest_route=%2Fwp%2Fv2%2Ftags&post=1748"}],"curies":[{"name":"wp","href":"https:\/\/api.w.org\/{rel}","templated":true}]}}