{"id":1709,"date":"2016-05-15T20:30:23","date_gmt":"2016-05-15T19:30:23","guid":{"rendered":"http:\/\/wp.schuli.net\/?p=1709"},"modified":"2017-01-08T08:57:35","modified_gmt":"2017-01-08T07:57:35","slug":"2016-19-vom-winde-verweht","status":"publish","type":"post","link":"https:\/\/wp.schuli.net\/?p=1709","title":{"rendered":"2016-19: Vom Winde verweht"},"content":{"rendered":"<p>[et_pb_section admin_label=&#8221;section&#8221;][et_pb_row admin_label=&#8221;Row&#8221;][et_pb_column type=&#8221;4_4&#8243;][et_pb_text admin_label=&#8221;Text&#8221; background_layout=&#8221;light&#8221; text_orientation=&#8221;left&#8221; use_border_color=&#8221;off&#8221; border_color=&#8221;#ffffff&#8221; border_style=&#8221;solid&#8221;]<\/p>\n<p>Die Natur bl\u00fcht pr\u00e4chtig und der\u00a0L\u00f6wenzahn verwelkt bereits wieder. Ein Windstoss kommt und sorgt f\u00fcr die n\u00e4chste Generation der gelben\u00a0Bl\u00fcten. \u00dcbrigens, was hat diese Bildserie mit der neuen Schweizer\u00a050-Franken-Note (2016) gemeinsam?<\/p>\n<p>[\/et_pb_text][\/et_pb_column][\/et_pb_row][et_pb_row admin_label=&#8221;Row&#8221; make_fullwidth=&#8221;off&#8221; use_custom_width=&#8221;on&#8221; width_unit=&#8221;on&#8221; custom_width_px=&#8221;1000px&#8221; use_custom_gutter=&#8221;off&#8221; allow_player_pause=&#8221;off&#8221; parallax=&#8221;off&#8221; parallax_method=&#8221;off&#8221; make_equal=&#8221;off&#8221; parallax_1=&#8221;off&#8221; parallax_method_1=&#8221;off&#8221;][et_pb_column type=&#8221;4_4&#8243;][et_pb_gallery admin_label=&#8221;Gallery&#8221; gallery_ids=&#8221;1705,1706,1707,1708&#8243; fullwidth=&#8221;on&#8221; show_title_and_caption=&#8221;on&#8221; show_pagination=&#8221;on&#8221; background_layout=&#8221;light&#8221; auto=&#8221;on&#8221; auto_speed=&#8221;1000&#8243; use_border_color=&#8221;off&#8221; border_color=&#8221;#ffffff&#8221; border_style=&#8221;solid&#8221; hover_icon=&#8221;%%40%%&#8221; hover_overlay_color=&#8221;rgba(255,255,255,0.9)&#8221;] [\/et_pb_gallery][\/et_pb_column][\/et_pb_row][et_pb_row admin_label=&#8221;row&#8221; make_fullwidth=&#8221;off&#8221; use_custom_width=&#8221;off&#8221; width_unit=&#8221;on&#8221; use_custom_gutter=&#8221;off&#8221; allow_player_pause=&#8221;off&#8221; parallax=&#8221;off&#8221; parallax_method=&#8221;off&#8221; make_equal=&#8221;off&#8221; parallax_1=&#8221;off&#8221; parallax_method_1=&#8221;off&#8221; background_color_1=&#8221;#e02b20&#8243; disabled_on=&#8221;on|on|on&#8221; disabled=&#8221;on&#8221;][et_pb_column type=&#8221;4_4&#8243;][et_pb_text admin_label=&#8221;Text&#8221; background_layout=&#8221;light&#8221; text_orientation=&#8221;left&#8221; use_border_color=&#8221;off&#8221; border_color=&#8221;#ffffff&#8221; border_style=&#8221;solid&#8221;]<\/p>\n<p><a href=\"https:\/\/i0.wp.com\/wp.schuli.net\/wp-content\/uploads\/2016\/05\/2016-19-Vom-Winde-verweht1_0314.jpg?ssl=1\" rel=\"attachment wp-att-1705\"><img data-recalc-dims=\"1\" loading=\"lazy\" decoding=\"async\" data-attachment-id=\"1705\" data-permalink=\"https:\/\/wp.schuli.net\/?attachment_id=1705\" data-orig-file=\"https:\/\/i0.wp.com\/wp.schuli.net\/wp-content\/uploads\/2016\/05\/2016-19-Vom-Winde-verweht1_0314.jpg?fit=1000%2C667&amp;ssl=1\" data-orig-size=\"1000,667\" data-comments-opened=\"1\" data-image-meta=\"{&quot;aperture&quot;:&quot;0&quot;,&quot;credit&quot;:&quot;&quot;,&quot;camera&quot;:&quot;&quot;,&quot;caption&quot;:&quot;&quot;,&quot;created_timestamp&quot;:&quot;0&quot;,&quot;copyright&quot;:&quot;\\u00a9 2016 Marius Schuler&quot;,&quot;focal_length&quot;:&quot;0&quot;,&quot;iso&quot;:&quot;0&quot;,&quot;shutter_speed&quot;:&quot;0&quot;,&quot;title&quot;:&quot;&quot;,&quot;orientation&quot;:&quot;0&quot;}\" data-image-title=\"2016-19-Vom-Winde-verweht1_0314\" data-image-description=\"\" data-image-caption=\"\" data-large-file=\"https:\/\/i0.wp.com\/wp.schuli.net\/wp-content\/uploads\/2016\/05\/2016-19-Vom-Winde-verweht1_0314.jpg?fit=1000%2C667&amp;ssl=1\" class=\"alignnone wp-image-1705\" src=\"https:\/\/i0.wp.com\/wp.schuli.net\/wp-content\/uploads\/2016\/05\/2016-19-Vom-Winde-verweht1_0314.jpg?resize=100%2C67&#038;ssl=1\" alt=\"2016-19-Vom-Winde-verweht1_0314\" width=\"100\" height=\"67\" srcset=\"https:\/\/i0.wp.com\/wp.schuli.net\/wp-content\/uploads\/2016\/05\/2016-19-Vom-Winde-verweht1_0314.jpg?w=1000&amp;ssl=1 1000w, https:\/\/i0.wp.com\/wp.schuli.net\/wp-content\/uploads\/2016\/05\/2016-19-Vom-Winde-verweht1_0314.jpg?resize=300%2C200&amp;ssl=1 300w, https:\/\/i0.wp.com\/wp.schuli.net\/wp-content\/uploads\/2016\/05\/2016-19-Vom-Winde-verweht1_0314.jpg?resize=768%2C512&amp;ssl=1 768w, https:\/\/i0.wp.com\/wp.schuli.net\/wp-content\/uploads\/2016\/05\/2016-19-Vom-Winde-verweht1_0314.jpg?resize=207%2C136&amp;ssl=1 207w, https:\/\/i0.wp.com\/wp.schuli.net\/wp-content\/uploads\/2016\/05\/2016-19-Vom-Winde-verweht1_0314.jpg?resize=140%2C94&amp;ssl=1 140w, https:\/\/i0.wp.com\/wp.schuli.net\/wp-content\/uploads\/2016\/05\/2016-19-Vom-Winde-verweht1_0314.jpg?resize=430%2C283&amp;ssl=1 430w\" sizes=\"auto, (max-width: 100px) 100vw, 100px\" \/><\/a><a href=\"https:\/\/i0.wp.com\/wp.schuli.net\/wp-content\/uploads\/2016\/05\/2016-19-Vom-Winde-verweht2_0320.jpg?ssl=1\" rel=\"attachment wp-att-1706\"><img data-recalc-dims=\"1\" loading=\"lazy\" decoding=\"async\" data-attachment-id=\"1706\" data-permalink=\"https:\/\/wp.schuli.net\/?attachment_id=1706\" data-orig-file=\"https:\/\/i0.wp.com\/wp.schuli.net\/wp-content\/uploads\/2016\/05\/2016-19-Vom-Winde-verweht2_0320.jpg?fit=1000%2C667&amp;ssl=1\" data-orig-size=\"1000,667\" data-comments-opened=\"1\" data-image-meta=\"{&quot;aperture&quot;:&quot;0&quot;,&quot;credit&quot;:&quot;&quot;,&quot;camera&quot;:&quot;&quot;,&quot;caption&quot;:&quot;&quot;,&quot;created_timestamp&quot;:&quot;0&quot;,&quot;copyright&quot;:&quot;\\u00a9 2016 Marius Schuler&quot;,&quot;focal_length&quot;:&quot;0&quot;,&quot;iso&quot;:&quot;0&quot;,&quot;shutter_speed&quot;:&quot;0&quot;,&quot;title&quot;:&quot;&quot;,&quot;orientation&quot;:&quot;0&quot;}\" data-image-title=\"2016-19-Vom-Winde-verweht2_0320\" data-image-description=\"\" data-image-caption=\"\" data-large-file=\"https:\/\/i0.wp.com\/wp.schuli.net\/wp-content\/uploads\/2016\/05\/2016-19-Vom-Winde-verweht2_0320.jpg?fit=1000%2C667&amp;ssl=1\" class=\"alignnone wp-image-1706\" src=\"https:\/\/i0.wp.com\/wp.schuli.net\/wp-content\/uploads\/2016\/05\/2016-19-Vom-Winde-verweht2_0320.jpg?resize=100%2C67&#038;ssl=1\" alt=\"2016-19-Vom-Winde-verweht2_0320\" width=\"100\" height=\"67\" srcset=\"https:\/\/i0.wp.com\/wp.schuli.net\/wp-content\/uploads\/2016\/05\/2016-19-Vom-Winde-verweht2_0320.jpg?w=1000&amp;ssl=1 1000w, https:\/\/i0.wp.com\/wp.schuli.net\/wp-content\/uploads\/2016\/05\/2016-19-Vom-Winde-verweht2_0320.jpg?resize=300%2C200&amp;ssl=1 300w, https:\/\/i0.wp.com\/wp.schuli.net\/wp-content\/uploads\/2016\/05\/2016-19-Vom-Winde-verweht2_0320.jpg?resize=768%2C512&amp;ssl=1 768w, https:\/\/i0.wp.com\/wp.schuli.net\/wp-content\/uploads\/2016\/05\/2016-19-Vom-Winde-verweht2_0320.jpg?resize=207%2C136&amp;ssl=1 207w, https:\/\/i0.wp.com\/wp.schuli.net\/wp-content\/uploads\/2016\/05\/2016-19-Vom-Winde-verweht2_0320.jpg?resize=140%2C94&amp;ssl=1 140w, https:\/\/i0.wp.com\/wp.schuli.net\/wp-content\/uploads\/2016\/05\/2016-19-Vom-Winde-verweht2_0320.jpg?resize=430%2C283&amp;ssl=1 430w\" sizes=\"auto, (max-width: 100px) 100vw, 100px\" \/><\/a><a href=\"https:\/\/i0.wp.com\/wp.schuli.net\/wp-content\/uploads\/2016\/05\/2016-19-Vom-Winde-verweht3_0319.jpg?ssl=1\" rel=\"attachment wp-att-1707\"><img data-recalc-dims=\"1\" loading=\"lazy\" decoding=\"async\" data-attachment-id=\"1707\" data-permalink=\"https:\/\/wp.schuli.net\/?attachment_id=1707\" data-orig-file=\"https:\/\/i0.wp.com\/wp.schuli.net\/wp-content\/uploads\/2016\/05\/2016-19-Vom-Winde-verweht3_0319.jpg?fit=1000%2C667&amp;ssl=1\" data-orig-size=\"1000,667\" data-comments-opened=\"1\" data-image-meta=\"{&quot;aperture&quot;:&quot;0&quot;,&quot;credit&quot;:&quot;&quot;,&quot;camera&quot;:&quot;&quot;,&quot;caption&quot;:&quot;&quot;,&quot;created_timestamp&quot;:&quot;0&quot;,&quot;copyright&quot;:&quot;\\u00a9 2016 Marius Schuler&quot;,&quot;focal_length&quot;:&quot;0&quot;,&quot;iso&quot;:&quot;0&quot;,&quot;shutter_speed&quot;:&quot;0&quot;,&quot;title&quot;:&quot;&quot;,&quot;orientation&quot;:&quot;0&quot;}\" data-image-title=\"2016-19-Vom-Winde-verweht3_0319\" data-image-description=\"\" data-image-caption=\"\" data-large-file=\"https:\/\/i0.wp.com\/wp.schuli.net\/wp-content\/uploads\/2016\/05\/2016-19-Vom-Winde-verweht3_0319.jpg?fit=1000%2C667&amp;ssl=1\" class=\"alignnone wp-image-1707\" src=\"https:\/\/i0.wp.com\/wp.schuli.net\/wp-content\/uploads\/2016\/05\/2016-19-Vom-Winde-verweht3_0319.jpg?resize=100%2C67&#038;ssl=1\" alt=\"2016-19-Vom-Winde-verweht3_0319\" width=\"100\" height=\"67\" srcset=\"https:\/\/i0.wp.com\/wp.schuli.net\/wp-content\/uploads\/2016\/05\/2016-19-Vom-Winde-verweht3_0319.jpg?w=1000&amp;ssl=1 1000w, https:\/\/i0.wp.com\/wp.schuli.net\/wp-content\/uploads\/2016\/05\/2016-19-Vom-Winde-verweht3_0319.jpg?resize=300%2C200&amp;ssl=1 300w, https:\/\/i0.wp.com\/wp.schuli.net\/wp-content\/uploads\/2016\/05\/2016-19-Vom-Winde-verweht3_0319.jpg?resize=768%2C512&amp;ssl=1 768w, https:\/\/i0.wp.com\/wp.schuli.net\/wp-content\/uploads\/2016\/05\/2016-19-Vom-Winde-verweht3_0319.jpg?resize=207%2C136&amp;ssl=1 207w, https:\/\/i0.wp.com\/wp.schuli.net\/wp-content\/uploads\/2016\/05\/2016-19-Vom-Winde-verweht3_0319.jpg?resize=140%2C94&amp;ssl=1 140w, https:\/\/i0.wp.com\/wp.schuli.net\/wp-content\/uploads\/2016\/05\/2016-19-Vom-Winde-verweht3_0319.jpg?resize=430%2C283&amp;ssl=1 430w\" sizes=\"auto, (max-width: 100px) 100vw, 100px\" \/><\/a><a href=\"https:\/\/i0.wp.com\/wp.schuli.net\/wp-content\/uploads\/2016\/05\/2016-19-Vom-Winde-verweht4_0328.jpg?ssl=1\" rel=\"attachment wp-att-1708\"><img data-recalc-dims=\"1\" loading=\"lazy\" decoding=\"async\" data-attachment-id=\"1708\" data-permalink=\"https:\/\/wp.schuli.net\/?attachment_id=1708\" data-orig-file=\"https:\/\/i0.wp.com\/wp.schuli.net\/wp-content\/uploads\/2016\/05\/2016-19-Vom-Winde-verweht4_0328.jpg?fit=1000%2C667&amp;ssl=1\" data-orig-size=\"1000,667\" data-comments-opened=\"1\" data-image-meta=\"{&quot;aperture&quot;:&quot;0&quot;,&quot;credit&quot;:&quot;&quot;,&quot;camera&quot;:&quot;&quot;,&quot;caption&quot;:&quot;&quot;,&quot;created_timestamp&quot;:&quot;0&quot;,&quot;copyright&quot;:&quot;\\u00a9 2016 Marius Schuler&quot;,&quot;focal_length&quot;:&quot;0&quot;,&quot;iso&quot;:&quot;0&quot;,&quot;shutter_speed&quot;:&quot;0&quot;,&quot;title&quot;:&quot;&quot;,&quot;orientation&quot;:&quot;0&quot;}\" data-image-title=\"2016-19-Vom-Winde-verweht4_0328\" data-image-description=\"\" data-image-caption=\"\" data-large-file=\"https:\/\/i0.wp.com\/wp.schuli.net\/wp-content\/uploads\/2016\/05\/2016-19-Vom-Winde-verweht4_0328.jpg?fit=1000%2C667&amp;ssl=1\" class=\"alignnone wp-image-1708\" src=\"https:\/\/i0.wp.com\/wp.schuli.net\/wp-content\/uploads\/2016\/05\/2016-19-Vom-Winde-verweht4_0328.jpg?resize=100%2C67&#038;ssl=1\" alt=\"2016-19-Vom-Winde-verweht4_0328\" width=\"100\" height=\"67\" srcset=\"https:\/\/i0.wp.com\/wp.schuli.net\/wp-content\/uploads\/2016\/05\/2016-19-Vom-Winde-verweht4_0328.jpg?w=1000&amp;ssl=1 1000w, https:\/\/i0.wp.com\/wp.schuli.net\/wp-content\/uploads\/2016\/05\/2016-19-Vom-Winde-verweht4_0328.jpg?resize=300%2C200&amp;ssl=1 300w, https:\/\/i0.wp.com\/wp.schuli.net\/wp-content\/uploads\/2016\/05\/2016-19-Vom-Winde-verweht4_0328.jpg?resize=768%2C512&amp;ssl=1 768w, https:\/\/i0.wp.com\/wp.schuli.net\/wp-content\/uploads\/2016\/05\/2016-19-Vom-Winde-verweht4_0328.jpg?resize=207%2C136&amp;ssl=1 207w, https:\/\/i0.wp.com\/wp.schuli.net\/wp-content\/uploads\/2016\/05\/2016-19-Vom-Winde-verweht4_0328.jpg?resize=140%2C94&amp;ssl=1 140w, https:\/\/i0.wp.com\/wp.schuli.net\/wp-content\/uploads\/2016\/05\/2016-19-Vom-Winde-verweht4_0328.jpg?resize=430%2C283&amp;ssl=1 430w\" sizes=\"auto, (max-width: 100px) 100vw, 100px\" \/><\/a><\/p>\n<p>Die Natur bl\u00fcht pr\u00e4chtig und der\u00a0L\u00f6wenzahn verwelkt bereits wieder. Ein Windstoss kommt und sorgt f\u00fcr die n\u00e4chste Generation der gelben\u00a0Bl\u00fcten. \u00dcbrigens, was hat diese Bildserie mit der neuen Schweizer\u00a050-Franken-Note (2016) gemeinsam?<\/p>\n<p>\n\t\t<div class='et-image-slider et_sliderfx_fade et_sliderauto_true et_sliderauto_speed_1000 et_slidertype_images'>\n\t\t\t<div class='et-image-slides'>\n\t\t\t\t<div class='et-tabs-content-wrapper'>\n\t\t\t\t\t<div class='et_slidecontent et-image-slide'><img decoding=\"async\" src=\"\/wp-content\/uploads\/2016\/05\/2016-19-Vom-Winde-verweht1_0314.jpg\" alt=\"\" width=\"650\" height=\"\" srcset=\"https:\/\/i0.wp.com\/wp.schuli.net\/wp-content\/uploads\/2016\/05\/2016-19-Vom-Winde-verweht1_0314.jpg?w=1000&amp;ssl=1 1000w, https:\/\/i0.wp.com\/wp.schuli.net\/wp-content\/uploads\/2016\/05\/2016-19-Vom-Winde-verweht1_0314.jpg?resize=300%2C200&amp;ssl=1 300w, https:\/\/i0.wp.com\/wp.schuli.net\/wp-content\/uploads\/2016\/05\/2016-19-Vom-Winde-verweht1_0314.jpg?resize=768%2C512&amp;ssl=1 768w, https:\/\/i0.wp.com\/wp.schuli.net\/wp-content\/uploads\/2016\/05\/2016-19-Vom-Winde-verweht1_0314.jpg?resize=140%2C94&amp;ssl=1 140w\" sizes=\"(max-width: 1000px) 100vw, 1000px\" \/><span class='et-image-overlay'> <\/span><\/div> \n\t\t<div class='et_slidecontent et-image-slide'><img decoding=\"async\" src=\"\/wp-content\/uploads\/2016\/05\/2016-19-Vom-Winde-verweht2_0320.jpg\" alt=\"\" width=\"650\" height=\"\" srcset=\"https:\/\/i0.wp.com\/wp.schuli.net\/wp-content\/uploads\/2016\/05\/2016-19-Vom-Winde-verweht2_0320.jpg?w=1000&amp;ssl=1 1000w, https:\/\/i0.wp.com\/wp.schuli.net\/wp-content\/uploads\/2016\/05\/2016-19-Vom-Winde-verweht2_0320.jpg?resize=300%2C200&amp;ssl=1 300w, https:\/\/i0.wp.com\/wp.schuli.net\/wp-content\/uploads\/2016\/05\/2016-19-Vom-Winde-verweht2_0320.jpg?resize=768%2C512&amp;ssl=1 768w, https:\/\/i0.wp.com\/wp.schuli.net\/wp-content\/uploads\/2016\/05\/2016-19-Vom-Winde-verweht2_0320.jpg?resize=140%2C94&amp;ssl=1 140w\" sizes=\"(max-width: 1000px) 100vw, 1000px\" \/><span class='et-image-overlay'> <\/span><\/div> \n\t\t<div class='et_slidecontent et-image-slide'><img decoding=\"async\" src=\"\/wp-content\/uploads\/2016\/05\/2016-19-Vom-Winde-verweht3_0319.jpg\" alt=\"\" width=\"650\" height=\"\" srcset=\"https:\/\/i0.wp.com\/wp.schuli.net\/wp-content\/uploads\/2016\/05\/2016-19-Vom-Winde-verweht3_0319.jpg?w=1000&amp;ssl=1 1000w, https:\/\/i0.wp.com\/wp.schuli.net\/wp-content\/uploads\/2016\/05\/2016-19-Vom-Winde-verweht3_0319.jpg?resize=300%2C200&amp;ssl=1 300w, https:\/\/i0.wp.com\/wp.schuli.net\/wp-content\/uploads\/2016\/05\/2016-19-Vom-Winde-verweht3_0319.jpg?resize=768%2C512&amp;ssl=1 768w, https:\/\/i0.wp.com\/wp.schuli.net\/wp-content\/uploads\/2016\/05\/2016-19-Vom-Winde-verweht3_0319.jpg?resize=140%2C94&amp;ssl=1 140w\" sizes=\"(max-width: 1000px) 100vw, 1000px\" \/><span class='et-image-overlay'> <\/span><\/div> \n\t\t<div class='et_slidecontent et-image-slide'><img decoding=\"async\" src=\"\/wp-content\/uploads\/2016\/05\/2016-19-Vom-Winde-verweht4_0328.jpg\" alt=\"\" width=\"650\" height=\"\" srcset=\"https:\/\/i0.wp.com\/wp.schuli.net\/wp-content\/uploads\/2016\/05\/2016-19-Vom-Winde-verweht4_0328.jpg?w=1000&amp;ssl=1 1000w, https:\/\/i0.wp.com\/wp.schuli.net\/wp-content\/uploads\/2016\/05\/2016-19-Vom-Winde-verweht4_0328.jpg?resize=300%2C200&amp;ssl=1 300w, https:\/\/i0.wp.com\/wp.schuli.net\/wp-content\/uploads\/2016\/05\/2016-19-Vom-Winde-verweht4_0328.jpg?resize=768%2C512&amp;ssl=1 768w, https:\/\/i0.wp.com\/wp.schuli.net\/wp-content\/uploads\/2016\/05\/2016-19-Vom-Winde-verweht4_0328.jpg?resize=140%2C94&amp;ssl=1 140w\" sizes=\"(max-width: 1000px) 100vw, 1000px\" \/><span class='et-image-overlay'> <\/span><\/div>\n\t\t\t\t<\/div>\n\t\t\t<\/div>\n\t\t<\/div>\n\t\t [\/et_pb_text][\/et_pb_column][\/et_pb_row][\/et_pb_section]<\/p>\n","protected":false},"excerpt":{"rendered":"<p>Die Natur bl\u00fcht pr\u00e4chtig und der\u00a0L\u00f6wenzahn verwelkt bereits wieder. Ein Windstoss kommt und sorgt f\u00fcr die n\u00e4chste Generation der gelben\u00a0Bl\u00fcten. \u00dcbrigens, was hat diese Bildserie mit der neuen Schweizer\u00a050-Franken-Note (2016) gemeinsam? Die Natur bl\u00fcht pr\u00e4chtig und der\u00a0L\u00f6wenzahn verwelkt bereits wieder. Ein Windstoss kommt und sorgt f\u00fcr die n\u00e4chste Generation der gelben\u00a0Bl\u00fcten. \u00dcbrigens, was hat diese [&hellip;]<\/p>\n","protected":false},"author":1,"featured_media":1704,"comment_status":"open","ping_status":"open","sticky":false,"template":"","format":"standard","meta":{"_et_pb_use_builder":"on","_et_pb_old_content":"<p><a href=\"https:\/\/wp.schuli.net\/wp-content\/uploads\/2016\/05\/2016-19-Vom-Winde-verweht1_0314.jpg\" rel=\"attachment wp-att-1705\"><img class=\"alignnone wp-image-1705\" src=\"https:\/\/wp.schuli.net\/wp-content\/uploads\/2016\/05\/2016-19-Vom-Winde-verweht1_0314.jpg\" alt=\"2016-19-Vom-Winde-verweht1_0314\" width=\"100\" height=\"67\" \/><\/a><a href=\"https:\/\/wp.schuli.net\/wp-content\/uploads\/2016\/05\/2016-19-Vom-Winde-verweht2_0320.jpg\" rel=\"attachment wp-att-1706\"><img class=\"alignnone wp-image-1706\" src=\"https:\/\/wp.schuli.net\/wp-content\/uploads\/2016\/05\/2016-19-Vom-Winde-verweht2_0320.jpg\" alt=\"2016-19-Vom-Winde-verweht2_0320\" width=\"100\" height=\"67\" \/><\/a><a href=\"https:\/\/wp.schuli.net\/wp-content\/uploads\/2016\/05\/2016-19-Vom-Winde-verweht3_0319.jpg\" rel=\"attachment wp-att-1707\"><img class=\"alignnone wp-image-1707\" src=\"https:\/\/wp.schuli.net\/wp-content\/uploads\/2016\/05\/2016-19-Vom-Winde-verweht3_0319.jpg\" alt=\"2016-19-Vom-Winde-verweht3_0319\" width=\"100\" height=\"67\" \/><\/a><a href=\"https:\/\/wp.schuli.net\/wp-content\/uploads\/2016\/05\/2016-19-Vom-Winde-verweht4_0328.jpg\" rel=\"attachment wp-att-1708\"><img class=\"alignnone wp-image-1708\" src=\"https:\/\/wp.schuli.net\/wp-content\/uploads\/2016\/05\/2016-19-Vom-Winde-verweht4_0328.jpg\" alt=\"2016-19-Vom-Winde-verweht4_0328\" width=\"100\" height=\"67\" \/><\/a><\/p><p>Die Natur bl\u00fcht pr\u00e4chtig und der\u00a0L\u00f6wenzahn verwelkt bereits wieder. Ein Windstoss kommt und sorgt f\u00fcr die n\u00e4chste Generation der gelben\u00a0Bl\u00fcten. \u00dcbrigens, was hat diese Bildserie mit der neuen Schweizer\u00a050-Franken-Note (2016) gemeinsam?<\/p><p>\u00a0<\/p><p>[tabs slidertype=\"images\" auto=\"yes\" autospeed=\"1000\"] [imagetab width=\"650\" height=\"\"]\/wp-content\/uploads\/2016\/05\/2016-19-Vom-Winde-verweht1_0314.jpg[\/imagetab] [imagetab width=\"650\" height=\"\"]\/wp-content\/uploads\/2016\/05\/2016-19-Vom-Winde-verweht2_0320.jpg[\/imagetab] [imagetab width=\"650\" height=\"\"]\/wp-content\/uploads\/2016\/05\/2016-19-Vom-Winde-verweht3_0319.jpg[\/imagetab] [imagetab width=\"650\" height=\"\"]\/wp-content\/uploads\/2016\/05\/2016-19-Vom-Winde-verweht4_0328.jpg[\/imagetab] [\/tabs]<\/p>","_et_gb_content_width":"","jetpack_post_was_ever_published":false,"_jetpack_newsletter_access":"","_jetpack_dont_email_post_to_subs":true,"_jetpack_newsletter_tier_id":0,"_jetpack_memberships_contains_paywalled_content":false,"_jetpack_memberships_contains_paid_content":false,"footnotes":"","jetpack_publicize_message":"","jetpack_publicize_feature_enabled":true,"jetpack_social_post_already_shared":true,"jetpack_social_options":{"image_generator_settings":{"template":"highway","default_image_id":0,"font":"","enabled":false},"version":2}},"categories":[27,9,16,10,26],"tags":[],"class_list":["post-1709","post","type-post","status-publish","format-standard","has-post-thumbnail","hentry","category-2016-schulis-weekly-picture-series","category-bw","category-blog","category-macro","category-projects","et-has-post-format-content","et_post_format-et-post-format-standard"],"jetpack_publicize_connections":[],"jetpack_featured_media_url":"https:\/\/i0.wp.com\/wp.schuli.net\/wp-content\/uploads\/2016\/05\/2016-19-Vom-Winde-verweht1_0314-Featurebild.jpg?fit=300%2C300&ssl=1","jetpack_sharing_enabled":true,"jetpack_shortlink":"https:\/\/wp.me\/p23jlp-rz","jetpack-related-posts":[{"id":1441,"url":"https:\/\/wp.schuli.net\/?p=1441","url_meta":{"origin":1709,"position":0},"title":"2016-04: Spuren der Geschichte","author":"Marius Schuler","date":"Sun, 31.01.2016","format":false,"excerpt":"","rel":"","context":"In &quot;2016 - Schulis Weekly Picture Series&quot;","block_context":{"text":"2016 - Schulis Weekly Picture Series","link":"https:\/\/wp.schuli.net\/?cat=27"},"img":{"alt_text":"","src":"https:\/\/i0.wp.com\/wp.schuli.net\/wp-content\/uploads\/2016\/01\/image-10.jpeg?resize=350%2C200&ssl=1","width":350,"height":200,"srcset":"https:\/\/i0.wp.com\/wp.schuli.net\/wp-content\/uploads\/2016\/01\/image-10.jpeg?resize=350%2C200&ssl=1 1x, https:\/\/i0.wp.com\/wp.schuli.net\/wp-content\/uploads\/2016\/01\/image-10.jpeg?resize=525%2C300&ssl=1 1.5x, https:\/\/i0.wp.com\/wp.schuli.net\/wp-content\/uploads\/2016\/01\/image-10.jpeg?resize=700%2C400&ssl=1 2x"},"classes":[]},{"id":984,"url":"https:\/\/wp.schuli.net\/?p=984","url_meta":{"origin":1709,"position":1},"title":"Skiing in beautiful Canada","author":"Marius Schuler","date":"Mon, 13.01.2014","format":false,"excerpt":"13.01.2014sm - Warum fliegen Schweizer zum Skifahren nach Kanada? - Diese Frage wurde uns verst\u00e4ndlicherweise auf der Reise immer wieder gestellt. :) Auch wenn einer der Beweggr\u00fcnde war, eine offene Rechnung aus dem 2010 abzuschliessen und auch noch Whistler zu befahren, sind andere Skigebiete oben auf der Liste der Empfehlungen\u2026","rel":"","context":"In &quot;Blog&quot;","block_context":{"text":"Blog","link":"https:\/\/wp.schuli.net\/?cat=16"},"img":{"alt_text":"","src":"https:\/\/i0.wp.com\/wp.schuli.net\/wp-content\/uploads\/2013\/12\/20131226-213742.jpg?fit=300%2C200&ssl=1&resize=350%2C200","width":350,"height":200},"classes":[]},{"id":3056,"url":"https:\/\/wp.schuli.net\/?p=3056","url_meta":{"origin":1709,"position":2},"title":"2017-22: Enjoying the sunset","author":"Marius Schuler","date":"Sun, 04.06.2017","format":false,"excerpt":"","rel":"","context":"In &quot;2017 - Schulis Weekly Picture Sessions&quot;","block_context":{"text":"2017 - Schulis Weekly Picture Sessions","link":"https:\/\/wp.schuli.net\/?cat=33"},"img":{"alt_text":"","src":"https:\/\/i0.wp.com\/wp.schuli.net\/wp-content\/uploads\/2017\/06\/17-22-Enjoying-the-sunset1_3560.jpg?fit=901%2C1200&ssl=1&resize=350%2C200","width":350,"height":200,"srcset":"https:\/\/i0.wp.com\/wp.schuli.net\/wp-content\/uploads\/2017\/06\/17-22-Enjoying-the-sunset1_3560.jpg?fit=901%2C1200&ssl=1&resize=350%2C200 1x, https:\/\/i0.wp.com\/wp.schuli.net\/wp-content\/uploads\/2017\/06\/17-22-Enjoying-the-sunset1_3560.jpg?fit=901%2C1200&ssl=1&resize=525%2C300 1.5x, https:\/\/i0.wp.com\/wp.schuli.net\/wp-content\/uploads\/2017\/06\/17-22-Enjoying-the-sunset1_3560.jpg?fit=901%2C1200&ssl=1&resize=700%2C400 2x"},"classes":[]},{"id":2136,"url":"https:\/\/wp.schuli.net\/?p=2136","url_meta":{"origin":1709,"position":3},"title":"2016-48: Alphorn","author":"Marius Schuler","date":"Sun, 04.12.2016","format":false,"excerpt":"","rel":"","context":"In &quot;2016 - Schulis Weekly Picture Series&quot;","block_context":{"text":"2016 - Schulis Weekly Picture Series","link":"https:\/\/wp.schuli.net\/?cat=27"},"img":{"alt_text":"","src":"https:\/\/i0.wp.com\/wp.schuli.net\/wp-content\/uploads\/2016\/12\/2016-48-Alphorn4_0817.jpg?resize=350%2C200&ssl=1","width":350,"height":200,"srcset":"https:\/\/i0.wp.com\/wp.schuli.net\/wp-content\/uploads\/2016\/12\/2016-48-Alphorn4_0817.jpg?resize=350%2C200&ssl=1 1x, https:\/\/i0.wp.com\/wp.schuli.net\/wp-content\/uploads\/2016\/12\/2016-48-Alphorn4_0817.jpg?resize=525%2C300&ssl=1 1.5x, https:\/\/i0.wp.com\/wp.schuli.net\/wp-content\/uploads\/2016\/12\/2016-48-Alphorn4_0817.jpg?resize=700%2C400&ssl=1 2x"},"classes":[]},{"id":1871,"url":"https:\/\/wp.schuli.net\/?p=1871","url_meta":{"origin":1709,"position":4},"title":"2016-31: Old Sacramento","author":"Marius Schuler","date":"Sun, 07.08.2016","format":false,"excerpt":"","rel":"","context":"In &quot;2016 - Schulis Weekly Picture Series&quot;","block_context":{"text":"2016 - Schulis Weekly Picture Series","link":"https:\/\/wp.schuli.net\/?cat=27"},"img":{"alt_text":"","src":"https:\/\/i0.wp.com\/wp.schuli.net\/wp-content\/uploads\/2016\/08\/image-4.jpeg?resize=350%2C200&ssl=1","width":350,"height":200,"srcset":"https:\/\/i0.wp.com\/wp.schuli.net\/wp-content\/uploads\/2016\/08\/image-4.jpeg?resize=350%2C200&ssl=1 1x, https:\/\/i0.wp.com\/wp.schuli.net\/wp-content\/uploads\/2016\/08\/image-4.jpeg?resize=525%2C300&ssl=1 1.5x, https:\/\/i0.wp.com\/wp.schuli.net\/wp-content\/uploads\/2016\/08\/image-4.jpeg?resize=700%2C400&ssl=1 2x"},"classes":[]},{"id":1565,"url":"https:\/\/wp.schuli.net\/?p=1565","url_meta":{"origin":1709,"position":5},"title":"2016-10: Geisterstadt","author":"Marius Schuler","date":"Sun, 13.03.2016","format":false,"excerpt":"","rel":"","context":"In &quot;2016 - Schulis Weekly Picture Series&quot;","block_context":{"text":"2016 - Schulis Weekly Picture Series","link":"https:\/\/wp.schuli.net\/?cat=27"},"img":{"alt_text":"","src":"https:\/\/i0.wp.com\/wp.schuli.net\/wp-content\/uploads\/2016\/03\/160312_smQ116_0904-AEP2-Bewegung9-FeatureBild.jpg?fit=300%2C300&ssl=1&resize=350%2C200","width":350,"height":200},"classes":[]}],"_links":{"self":[{"href":"https:\/\/wp.schuli.net\/index.php?rest_route=\/wp\/v2\/posts\/1709","targetHints":{"allow":["GET"]}}],"collection":[{"href":"https:\/\/wp.schuli.net\/index.php?rest_route=\/wp\/v2\/posts"}],"about":[{"href":"https:\/\/wp.schuli.net\/index.php?rest_route=\/wp\/v2\/types\/post"}],"author":[{"embeddable":true,"href":"https:\/\/wp.schuli.net\/index.php?rest_route=\/wp\/v2\/users\/1"}],"replies":[{"embeddable":true,"href":"https:\/\/wp.schuli.net\/index.php?rest_route=%2Fwp%2Fv2%2Fcomments&post=1709"}],"version-history":[{"count":6,"href":"https:\/\/wp.schuli.net\/index.php?rest_route=\/wp\/v2\/posts\/1709\/revisions"}],"predecessor-version":[{"id":2460,"href":"https:\/\/wp.schuli.net\/index.php?rest_route=\/wp\/v2\/posts\/1709\/revisions\/2460"}],"wp:featuredmedia":[{"embeddable":true,"href":"https:\/\/wp.schuli.net\/index.php?rest_route=\/wp\/v2\/media\/1704"}],"wp:attachment":[{"href":"https:\/\/wp.schuli.net\/index.php?rest_route=%2Fwp%2Fv2%2Fmedia&parent=1709"}],"wp:term":[{"taxonomy":"category","embeddable":true,"href":"https:\/\/wp.schuli.net\/index.php?rest_route=%2Fwp%2Fv2%2Fcategories&post=1709"},{"taxonomy":"post_tag","embeddable":true,"href":"https:\/\/wp.schuli.net\/index.php?rest_route=%2Fwp%2Fv2%2Ftags&post=1709"}],"curies":[{"name":"wp","href":"https:\/\/api.w.org\/{rel}","templated":true}]}}