{"id":1673,"date":"2016-04-24T18:09:46","date_gmt":"2016-04-24T17:09:46","guid":{"rendered":"http:\/\/wp.schuli.net\/?p=1673"},"modified":"2017-01-08T08:59:59","modified_gmt":"2017-01-08T07:59:59","slug":"2016-16-der-berg-ruft","status":"publish","type":"post","link":"https:\/\/wp.schuli.net\/?p=1673","title":{"rendered":"2016-16: Der Berg ruft"},"content":{"rendered":"<p>[et_pb_section admin_label=&#8221;section&#8221;][et_pb_row admin_label=&#8221;Row&#8221;][et_pb_column type=&#8221;4_4&#8243;][et_pb_text admin_label=&#8221;Text&#8221; background_layout=&#8221;light&#8221; text_orientation=&#8221;left&#8221; use_border_color=&#8221;off&#8221; border_color=&#8221;#ffffff&#8221; border_style=&#8221;solid&#8221;]<\/p>\n<p>Feiner Duft liegt in der Luft. S\u00e4miger Espresso fliesst in wundersch\u00f6ne Tassen. Das warme Porzellan l\u00e4sst die Finger ein\u00a0Matterhorn, ein Chalet, Steinb\u00f6cke oder\u00a0Murmeli ertasten. Ein fantasievoller Titel wie\u00a0<em>&#8220;Der Berg ruft&#8221;<\/em>\u00a0l\u00e4sst die Gedanken schwelgen. Dies ist Espresso Genuss auf h\u00f6chstem Niveau. \ud83d\ude42<\/p>\n<p>[\/et_pb_text][\/et_pb_column][\/et_pb_row][et_pb_row admin_label=&#8221;Row&#8221; make_fullwidth=&#8221;off&#8221; use_custom_width=&#8221;on&#8221; width_unit=&#8221;on&#8221; custom_width_px=&#8221;1000px&#8221; use_custom_gutter=&#8221;off&#8221; allow_player_pause=&#8221;off&#8221; parallax=&#8221;off&#8221; parallax_method=&#8221;off&#8221; make_equal=&#8221;off&#8221; parallax_1=&#8221;off&#8221; parallax_method_1=&#8221;off&#8221;][et_pb_column type=&#8221;4_4&#8243;][et_pb_gallery admin_label=&#8221;Gallery&#8221; gallery_ids=&#8221;1668,1669,1670,1672&#8243; fullwidth=&#8221;on&#8221; show_title_and_caption=&#8221;on&#8221; show_pagination=&#8221;on&#8221; background_layout=&#8221;light&#8221; auto=&#8221;on&#8221; auto_speed=&#8221;4000&#8243; use_border_color=&#8221;off&#8221; border_color=&#8221;#ffffff&#8221; border_style=&#8221;solid&#8221; hover_icon=&#8221;%%40%%&#8221; hover_overlay_color=&#8221;rgba(255,255,255,0.9)&#8221;] [\/et_pb_gallery][\/et_pb_column][\/et_pb_row][et_pb_row admin_label=&#8221;row&#8221; make_fullwidth=&#8221;off&#8221; use_custom_width=&#8221;off&#8221; width_unit=&#8221;on&#8221; use_custom_gutter=&#8221;off&#8221; allow_player_pause=&#8221;off&#8221; parallax=&#8221;off&#8221; parallax_method=&#8221;off&#8221; make_equal=&#8221;off&#8221; parallax_1=&#8221;off&#8221; parallax_method_1=&#8221;off&#8221; background_color_1=&#8221;#e02b20&#8243; disabled_on=&#8221;on|on|on&#8221; disabled=&#8221;on&#8221;][et_pb_column type=&#8221;4_4&#8243;][et_pb_text admin_label=&#8221;Text&#8221; background_layout=&#8221;light&#8221; text_orientation=&#8221;left&#8221; use_border_color=&#8221;off&#8221; border_color=&#8221;#ffffff&#8221; border_style=&#8221;solid&#8221;]<\/p>\n<p><a href=\"https:\/\/i0.wp.com\/wp.schuli.net\/wp-content\/uploads\/2016\/04\/SMA-2016-KW16-Der-Berg-ruft1_0015.jpg?ssl=1\" rel=\"attachment wp-att-1668\"><img data-recalc-dims=\"1\" loading=\"lazy\" decoding=\"async\" data-attachment-id=\"1668\" data-permalink=\"https:\/\/wp.schuli.net\/?attachment_id=1668\" data-orig-file=\"https:\/\/i0.wp.com\/wp.schuli.net\/wp-content\/uploads\/2016\/04\/SMA-2016-KW16-Der-Berg-ruft1_0015.jpg?fit=1000%2C667&amp;ssl=1\" data-orig-size=\"1000,667\" data-comments-opened=\"1\" data-image-meta=\"{&quot;aperture&quot;:&quot;0&quot;,&quot;credit&quot;:&quot;&quot;,&quot;camera&quot;:&quot;&quot;,&quot;caption&quot;:&quot;&quot;,&quot;created_timestamp&quot;:&quot;0&quot;,&quot;copyright&quot;:&quot;\\u00a9 2016 Marius Schuler&quot;,&quot;focal_length&quot;:&quot;0&quot;,&quot;iso&quot;:&quot;0&quot;,&quot;shutter_speed&quot;:&quot;0&quot;,&quot;title&quot;:&quot;&quot;,&quot;orientation&quot;:&quot;0&quot;}\" data-image-title=\"SMA-2016-KW16-Der-Berg-ruft1_0015\" data-image-description=\"\" data-image-caption=\"\" data-large-file=\"https:\/\/i0.wp.com\/wp.schuli.net\/wp-content\/uploads\/2016\/04\/SMA-2016-KW16-Der-Berg-ruft1_0015.jpg?fit=1000%2C667&amp;ssl=1\" class=\"alignnone wp-image-1668\" src=\"https:\/\/i0.wp.com\/wp.schuli.net\/wp-content\/uploads\/2016\/04\/SMA-2016-KW16-Der-Berg-ruft1_0015.jpg?resize=100%2C67&#038;ssl=1\" alt=\"SMA-2016-KW16-Der-Berg-ruft1_0015\" width=\"100\" height=\"67\" srcset=\"https:\/\/i0.wp.com\/wp.schuli.net\/wp-content\/uploads\/2016\/04\/SMA-2016-KW16-Der-Berg-ruft1_0015.jpg?w=1000&amp;ssl=1 1000w, https:\/\/i0.wp.com\/wp.schuli.net\/wp-content\/uploads\/2016\/04\/SMA-2016-KW16-Der-Berg-ruft1_0015.jpg?resize=300%2C200&amp;ssl=1 300w, https:\/\/i0.wp.com\/wp.schuli.net\/wp-content\/uploads\/2016\/04\/SMA-2016-KW16-Der-Berg-ruft1_0015.jpg?resize=768%2C512&amp;ssl=1 768w, https:\/\/i0.wp.com\/wp.schuli.net\/wp-content\/uploads\/2016\/04\/SMA-2016-KW16-Der-Berg-ruft1_0015.jpg?resize=207%2C136&amp;ssl=1 207w, https:\/\/i0.wp.com\/wp.schuli.net\/wp-content\/uploads\/2016\/04\/SMA-2016-KW16-Der-Berg-ruft1_0015.jpg?resize=140%2C94&amp;ssl=1 140w, https:\/\/i0.wp.com\/wp.schuli.net\/wp-content\/uploads\/2016\/04\/SMA-2016-KW16-Der-Berg-ruft1_0015.jpg?resize=430%2C283&amp;ssl=1 430w\" sizes=\"auto, (max-width: 100px) 100vw, 100px\" \/><\/a><a href=\"https:\/\/i0.wp.com\/wp.schuli.net\/wp-content\/uploads\/2016\/04\/SMA-2016-KW16-Der-Berg-ruft2_0073.jpg?ssl=1\" rel=\"attachment wp-att-1669\"><img data-recalc-dims=\"1\" loading=\"lazy\" decoding=\"async\" data-attachment-id=\"1669\" data-permalink=\"https:\/\/wp.schuli.net\/?attachment_id=1669\" data-orig-file=\"https:\/\/i0.wp.com\/wp.schuli.net\/wp-content\/uploads\/2016\/04\/SMA-2016-KW16-Der-Berg-ruft2_0073.jpg?fit=1000%2C667&amp;ssl=1\" data-orig-size=\"1000,667\" data-comments-opened=\"1\" data-image-meta=\"{&quot;aperture&quot;:&quot;0&quot;,&quot;credit&quot;:&quot;&quot;,&quot;camera&quot;:&quot;&quot;,&quot;caption&quot;:&quot;&quot;,&quot;created_timestamp&quot;:&quot;0&quot;,&quot;copyright&quot;:&quot;\\u00a9 2016 Marius Schuler&quot;,&quot;focal_length&quot;:&quot;0&quot;,&quot;iso&quot;:&quot;0&quot;,&quot;shutter_speed&quot;:&quot;0&quot;,&quot;title&quot;:&quot;&quot;,&quot;orientation&quot;:&quot;0&quot;}\" data-image-title=\"SMA-2016-KW16-Der-Berg-ruft2_0073\" data-image-description=\"\" data-image-caption=\"\" data-large-file=\"https:\/\/i0.wp.com\/wp.schuli.net\/wp-content\/uploads\/2016\/04\/SMA-2016-KW16-Der-Berg-ruft2_0073.jpg?fit=1000%2C667&amp;ssl=1\" class=\"alignnone wp-image-1669\" src=\"https:\/\/i0.wp.com\/wp.schuli.net\/wp-content\/uploads\/2016\/04\/SMA-2016-KW16-Der-Berg-ruft2_0073.jpg?resize=100%2C67&#038;ssl=1\" alt=\"SMA-2016-KW16-Der-Berg-ruft2_0073\" width=\"100\" height=\"67\" srcset=\"https:\/\/i0.wp.com\/wp.schuli.net\/wp-content\/uploads\/2016\/04\/SMA-2016-KW16-Der-Berg-ruft2_0073.jpg?w=1000&amp;ssl=1 1000w, https:\/\/i0.wp.com\/wp.schuli.net\/wp-content\/uploads\/2016\/04\/SMA-2016-KW16-Der-Berg-ruft2_0073.jpg?resize=300%2C200&amp;ssl=1 300w, https:\/\/i0.wp.com\/wp.schuli.net\/wp-content\/uploads\/2016\/04\/SMA-2016-KW16-Der-Berg-ruft2_0073.jpg?resize=768%2C512&amp;ssl=1 768w, https:\/\/i0.wp.com\/wp.schuli.net\/wp-content\/uploads\/2016\/04\/SMA-2016-KW16-Der-Berg-ruft2_0073.jpg?resize=207%2C136&amp;ssl=1 207w, https:\/\/i0.wp.com\/wp.schuli.net\/wp-content\/uploads\/2016\/04\/SMA-2016-KW16-Der-Berg-ruft2_0073.jpg?resize=140%2C94&amp;ssl=1 140w, https:\/\/i0.wp.com\/wp.schuli.net\/wp-content\/uploads\/2016\/04\/SMA-2016-KW16-Der-Berg-ruft2_0073.jpg?resize=430%2C283&amp;ssl=1 430w\" sizes=\"auto, (max-width: 100px) 100vw, 100px\" \/><\/a><a href=\"https:\/\/i0.wp.com\/wp.schuli.net\/wp-content\/uploads\/2016\/04\/SMA-2016-KW16-Der-Berg-ruft3_0046.jpg?ssl=1\" rel=\"attachment wp-att-1670\"><img data-recalc-dims=\"1\" loading=\"lazy\" decoding=\"async\" data-attachment-id=\"1670\" data-permalink=\"https:\/\/wp.schuli.net\/?attachment_id=1670\" data-orig-file=\"https:\/\/i0.wp.com\/wp.schuli.net\/wp-content\/uploads\/2016\/04\/SMA-2016-KW16-Der-Berg-ruft3_0046.jpg?fit=1000%2C667&amp;ssl=1\" data-orig-size=\"1000,667\" data-comments-opened=\"1\" data-image-meta=\"{&quot;aperture&quot;:&quot;0&quot;,&quot;credit&quot;:&quot;&quot;,&quot;camera&quot;:&quot;&quot;,&quot;caption&quot;:&quot;&quot;,&quot;created_timestamp&quot;:&quot;0&quot;,&quot;copyright&quot;:&quot;\\u00a9 2016 Marius Schuler&quot;,&quot;focal_length&quot;:&quot;0&quot;,&quot;iso&quot;:&quot;0&quot;,&quot;shutter_speed&quot;:&quot;0&quot;,&quot;title&quot;:&quot;&quot;,&quot;orientation&quot;:&quot;0&quot;}\" data-image-title=\"SMA-2016-KW16-Der-Berg-ruft3_0046\" data-image-description=\"\" data-image-caption=\"\" data-large-file=\"https:\/\/i0.wp.com\/wp.schuli.net\/wp-content\/uploads\/2016\/04\/SMA-2016-KW16-Der-Berg-ruft3_0046.jpg?fit=1000%2C667&amp;ssl=1\" class=\"alignnone wp-image-1670\" src=\"https:\/\/i0.wp.com\/wp.schuli.net\/wp-content\/uploads\/2016\/04\/SMA-2016-KW16-Der-Berg-ruft3_0046.jpg?resize=100%2C67&#038;ssl=1\" alt=\"SMA-2016-KW16-Der-Berg-ruft3_0046\" width=\"100\" height=\"67\" srcset=\"https:\/\/i0.wp.com\/wp.schuli.net\/wp-content\/uploads\/2016\/04\/SMA-2016-KW16-Der-Berg-ruft3_0046.jpg?w=1000&amp;ssl=1 1000w, https:\/\/i0.wp.com\/wp.schuli.net\/wp-content\/uploads\/2016\/04\/SMA-2016-KW16-Der-Berg-ruft3_0046.jpg?resize=300%2C200&amp;ssl=1 300w, https:\/\/i0.wp.com\/wp.schuli.net\/wp-content\/uploads\/2016\/04\/SMA-2016-KW16-Der-Berg-ruft3_0046.jpg?resize=768%2C512&amp;ssl=1 768w, https:\/\/i0.wp.com\/wp.schuli.net\/wp-content\/uploads\/2016\/04\/SMA-2016-KW16-Der-Berg-ruft3_0046.jpg?resize=207%2C136&amp;ssl=1 207w, https:\/\/i0.wp.com\/wp.schuli.net\/wp-content\/uploads\/2016\/04\/SMA-2016-KW16-Der-Berg-ruft3_0046.jpg?resize=140%2C94&amp;ssl=1 140w, https:\/\/i0.wp.com\/wp.schuli.net\/wp-content\/uploads\/2016\/04\/SMA-2016-KW16-Der-Berg-ruft3_0046.jpg?resize=430%2C283&amp;ssl=1 430w\" sizes=\"auto, (max-width: 100px) 100vw, 100px\" \/><\/a><a href=\"https:\/\/i0.wp.com\/wp.schuli.net\/wp-content\/uploads\/2016\/04\/SMA-2016-KW16-Der-Berg-ruft4_0033.jpg?ssl=1\" rel=\"attachment wp-att-1672\"><img data-recalc-dims=\"1\" loading=\"lazy\" decoding=\"async\" data-attachment-id=\"1672\" data-permalink=\"https:\/\/wp.schuli.net\/?attachment_id=1672\" data-orig-file=\"https:\/\/i0.wp.com\/wp.schuli.net\/wp-content\/uploads\/2016\/04\/SMA-2016-KW16-Der-Berg-ruft4_0033.jpg?fit=1000%2C667&amp;ssl=1\" data-orig-size=\"1000,667\" data-comments-opened=\"1\" data-image-meta=\"{&quot;aperture&quot;:&quot;0&quot;,&quot;credit&quot;:&quot;&quot;,&quot;camera&quot;:&quot;&quot;,&quot;caption&quot;:&quot;&quot;,&quot;created_timestamp&quot;:&quot;0&quot;,&quot;copyright&quot;:&quot;\\u00a9 2016 Marius Schuler&quot;,&quot;focal_length&quot;:&quot;0&quot;,&quot;iso&quot;:&quot;0&quot;,&quot;shutter_speed&quot;:&quot;0&quot;,&quot;title&quot;:&quot;&quot;,&quot;orientation&quot;:&quot;0&quot;}\" data-image-title=\"SMA-2016-KW16-Der-Berg-ruft4_0033\" data-image-description=\"\" data-image-caption=\"\" data-large-file=\"https:\/\/i0.wp.com\/wp.schuli.net\/wp-content\/uploads\/2016\/04\/SMA-2016-KW16-Der-Berg-ruft4_0033.jpg?fit=1000%2C667&amp;ssl=1\" class=\"alignnone wp-image-1672\" src=\"https:\/\/i0.wp.com\/wp.schuli.net\/wp-content\/uploads\/2016\/04\/SMA-2016-KW16-Der-Berg-ruft4_0033.jpg?resize=100%2C67&#038;ssl=1\" alt=\"SMA-2016-KW16-Der-Berg-ruft4_0033\" width=\"100\" height=\"67\" srcset=\"https:\/\/i0.wp.com\/wp.schuli.net\/wp-content\/uploads\/2016\/04\/SMA-2016-KW16-Der-Berg-ruft4_0033.jpg?w=1000&amp;ssl=1 1000w, https:\/\/i0.wp.com\/wp.schuli.net\/wp-content\/uploads\/2016\/04\/SMA-2016-KW16-Der-Berg-ruft4_0033.jpg?resize=300%2C200&amp;ssl=1 300w, https:\/\/i0.wp.com\/wp.schuli.net\/wp-content\/uploads\/2016\/04\/SMA-2016-KW16-Der-Berg-ruft4_0033.jpg?resize=768%2C512&amp;ssl=1 768w, https:\/\/i0.wp.com\/wp.schuli.net\/wp-content\/uploads\/2016\/04\/SMA-2016-KW16-Der-Berg-ruft4_0033.jpg?resize=207%2C136&amp;ssl=1 207w, https:\/\/i0.wp.com\/wp.schuli.net\/wp-content\/uploads\/2016\/04\/SMA-2016-KW16-Der-Berg-ruft4_0033.jpg?resize=140%2C94&amp;ssl=1 140w, https:\/\/i0.wp.com\/wp.schuli.net\/wp-content\/uploads\/2016\/04\/SMA-2016-KW16-Der-Berg-ruft4_0033.jpg?resize=430%2C283&amp;ssl=1 430w\" sizes=\"auto, (max-width: 100px) 100vw, 100px\" \/><\/a><\/p>\n<p>Feiner Duft liegt in der Luft. S\u00e4miger Espresso fliesst in wundersch\u00f6ne Tassen. Das warme Porzellan l\u00e4sst die Finger ein\u00a0Matterhorn, ein Chalet, Steinb\u00f6cke oder\u00a0Murmeli ertasten. Ein fantasievoller Titel wie\u00a0<em>&#8220;Der Berg ruft&#8221;<\/em>\u00a0l\u00e4sst die Gedanken schwelgen. Dies ist Espresso Genuss auf h\u00f6chstem Niveau. \ud83d\ude42<\/p>\n\n\t\t<div class='et-image-slider et_sliderfx_fade et_sliderauto_true et_sliderauto_speed_4000 et_slidertype_images'>\n\t\t\t<div class='et-image-slides'>\n\t\t\t\t<div class='et-tabs-content-wrapper'>\n\t\t\t\t\t<div class='et_slidecontent et-image-slide'><img decoding=\"async\" src=\"\/wp-content\/uploads\/2016\/04\/SMA-2016-KW16-Der-Berg-ruft1_0015.jpg\" alt=\"\" width=\"650\" height=\"\" srcset=\"https:\/\/i0.wp.com\/wp.schuli.net\/wp-content\/uploads\/2016\/04\/SMA-2016-KW16-Der-Berg-ruft1_0015.jpg?w=1000&amp;ssl=1 1000w, https:\/\/i0.wp.com\/wp.schuli.net\/wp-content\/uploads\/2016\/04\/SMA-2016-KW16-Der-Berg-ruft1_0015.jpg?resize=300%2C200&amp;ssl=1 300w, https:\/\/i0.wp.com\/wp.schuli.net\/wp-content\/uploads\/2016\/04\/SMA-2016-KW16-Der-Berg-ruft1_0015.jpg?resize=768%2C512&amp;ssl=1 768w, https:\/\/i0.wp.com\/wp.schuli.net\/wp-content\/uploads\/2016\/04\/SMA-2016-KW16-Der-Berg-ruft1_0015.jpg?resize=140%2C94&amp;ssl=1 140w\" sizes=\"(max-width: 1000px) 100vw, 1000px\" \/><span class='et-image-overlay'> <\/span><\/div> \n\t\t<div class='et_slidecontent et-image-slide'><img decoding=\"async\" src=\"\/wp-content\/uploads\/2016\/04\/SMA-2016-KW16-Der-Berg-ruft2_0073.jpg\" alt=\"\" width=\"650\" height=\"\" srcset=\"https:\/\/i0.wp.com\/wp.schuli.net\/wp-content\/uploads\/2016\/04\/SMA-2016-KW16-Der-Berg-ruft2_0073.jpg?w=1000&amp;ssl=1 1000w, https:\/\/i0.wp.com\/wp.schuli.net\/wp-content\/uploads\/2016\/04\/SMA-2016-KW16-Der-Berg-ruft2_0073.jpg?resize=300%2C200&amp;ssl=1 300w, https:\/\/i0.wp.com\/wp.schuli.net\/wp-content\/uploads\/2016\/04\/SMA-2016-KW16-Der-Berg-ruft2_0073.jpg?resize=768%2C512&amp;ssl=1 768w, https:\/\/i0.wp.com\/wp.schuli.net\/wp-content\/uploads\/2016\/04\/SMA-2016-KW16-Der-Berg-ruft2_0073.jpg?resize=140%2C94&amp;ssl=1 140w\" sizes=\"(max-width: 1000px) 100vw, 1000px\" \/><span class='et-image-overlay'> <\/span><\/div> \n\t\t<div class='et_slidecontent et-image-slide'><img decoding=\"async\" src=\"\/wp-content\/uploads\/2016\/04\/SMA-2016-KW16-Der-Berg-ruft3_0046.jpg\" alt=\"\" width=\"650\" height=\"\" srcset=\"https:\/\/i0.wp.com\/wp.schuli.net\/wp-content\/uploads\/2016\/04\/SMA-2016-KW16-Der-Berg-ruft3_0046.jpg?w=1000&amp;ssl=1 1000w, https:\/\/i0.wp.com\/wp.schuli.net\/wp-content\/uploads\/2016\/04\/SMA-2016-KW16-Der-Berg-ruft3_0046.jpg?resize=300%2C200&amp;ssl=1 300w, https:\/\/i0.wp.com\/wp.schuli.net\/wp-content\/uploads\/2016\/04\/SMA-2016-KW16-Der-Berg-ruft3_0046.jpg?resize=768%2C512&amp;ssl=1 768w, https:\/\/i0.wp.com\/wp.schuli.net\/wp-content\/uploads\/2016\/04\/SMA-2016-KW16-Der-Berg-ruft3_0046.jpg?resize=140%2C94&amp;ssl=1 140w\" sizes=\"(max-width: 1000px) 100vw, 1000px\" \/><span class='et-image-overlay'> <\/span><\/div> \n\t\t<div class='et_slidecontent et-image-slide'><img decoding=\"async\" src=\"\/wp-content\/uploads\/2016\/04\/SMA-2016-KW16-Der-Berg-ruft4_0033.jpg\" alt=\"\" width=\"650\" height=\"\" srcset=\"https:\/\/i0.wp.com\/wp.schuli.net\/wp-content\/uploads\/2016\/04\/SMA-2016-KW16-Der-Berg-ruft4_0033.jpg?w=1000&amp;ssl=1 1000w, https:\/\/i0.wp.com\/wp.schuli.net\/wp-content\/uploads\/2016\/04\/SMA-2016-KW16-Der-Berg-ruft4_0033.jpg?resize=300%2C200&amp;ssl=1 300w, https:\/\/i0.wp.com\/wp.schuli.net\/wp-content\/uploads\/2016\/04\/SMA-2016-KW16-Der-Berg-ruft4_0033.jpg?resize=768%2C512&amp;ssl=1 768w, https:\/\/i0.wp.com\/wp.schuli.net\/wp-content\/uploads\/2016\/04\/SMA-2016-KW16-Der-Berg-ruft4_0033.jpg?resize=140%2C94&amp;ssl=1 140w\" sizes=\"(max-width: 1000px) 100vw, 1000px\" \/><span class='et-image-overlay'> <\/span><\/div>\n\t\t\t\t<\/div>\n\t\t\t<\/div>\n\t\t<\/div>\n\t\t\n<p>[\/et_pb_text][\/et_pb_column][\/et_pb_row][\/et_pb_section]<\/p>\n","protected":false},"excerpt":{"rendered":"<p>Feiner Duft liegt in der Luft. S\u00e4miger Espresso fliesst in wundersch\u00f6ne Tassen. Das warme Porzellan l\u00e4sst die Finger ein\u00a0Matterhorn, ein Chalet, Steinb\u00f6cke oder\u00a0Murmeli ertasten. Ein fantasievoller Titel wie\u00a0&#8220;Der Berg ruft&#8221;\u00a0l\u00e4sst die Gedanken schwelgen. Dies ist Espresso Genuss auf h\u00f6chstem Niveau. \ud83d\ude42 Feiner Duft liegt in der Luft. S\u00e4miger Espresso fliesst in wundersch\u00f6ne Tassen. Das warme [&hellip;]<\/p>\n","protected":false},"author":1,"featured_media":1671,"comment_status":"open","ping_status":"open","sticky":false,"template":"","format":"standard","meta":{"_et_pb_use_builder":"on","_et_pb_old_content":"<p><a href=\"https:\/\/wp.schuli.net\/wp-content\/uploads\/2016\/04\/SMA-2016-KW16-Der-Berg-ruft1_0015.jpg\" rel=\"attachment wp-att-1668\"><img class=\"alignnone wp-image-1668\" src=\"https:\/\/wp.schuli.net\/wp-content\/uploads\/2016\/04\/SMA-2016-KW16-Der-Berg-ruft1_0015.jpg\" alt=\"SMA-2016-KW16-Der-Berg-ruft1_0015\" width=\"100\" height=\"67\" \/><\/a><a href=\"https:\/\/wp.schuli.net\/wp-content\/uploads\/2016\/04\/SMA-2016-KW16-Der-Berg-ruft2_0073.jpg\" rel=\"attachment wp-att-1669\"><img class=\"alignnone wp-image-1669\" src=\"https:\/\/wp.schuli.net\/wp-content\/uploads\/2016\/04\/SMA-2016-KW16-Der-Berg-ruft2_0073.jpg\" alt=\"SMA-2016-KW16-Der-Berg-ruft2_0073\" width=\"100\" height=\"67\" \/><\/a><a href=\"https:\/\/wp.schuli.net\/wp-content\/uploads\/2016\/04\/SMA-2016-KW16-Der-Berg-ruft3_0046.jpg\" rel=\"attachment wp-att-1670\"><img class=\"alignnone wp-image-1670\" src=\"https:\/\/wp.schuli.net\/wp-content\/uploads\/2016\/04\/SMA-2016-KW16-Der-Berg-ruft3_0046.jpg\" alt=\"SMA-2016-KW16-Der-Berg-ruft3_0046\" width=\"100\" height=\"67\" \/><\/a><a href=\"https:\/\/wp.schuli.net\/wp-content\/uploads\/2016\/04\/SMA-2016-KW16-Der-Berg-ruft4_0033.jpg\" rel=\"attachment wp-att-1672\"><img class=\"alignnone wp-image-1672\" src=\"https:\/\/wp.schuli.net\/wp-content\/uploads\/2016\/04\/SMA-2016-KW16-Der-Berg-ruft4_0033.jpg\" alt=\"SMA-2016-KW16-Der-Berg-ruft4_0033\" width=\"100\" height=\"67\" \/><\/a><\/p><p>Feiner Duft liegt in der Luft. S\u00e4miger Espresso fliesst in wundersch\u00f6ne Tassen. Das warme Porzellan l\u00e4sst die Finger ein\u00a0Matterhorn, ein Chalet, Steinb\u00f6cke oder\u00a0Murmeli ertasten. Ein fantasievoller Titel wie\u00a0<em>\"Der Berg ruft\"<\/em> l\u00e4sst die Gedanken schwelgen. Dies ist Espresso Genuss auf h\u00f6chstem Niveau. :-)<\/p><p>\u00a0<\/p><p>[tabs slidertype=\"images\" auto=\"yes\" autospeed=\"4000\"] [imagetab width=\"650\" height=\"\"]\/wp-content\/uploads\/2016\/04\/SMA-2016-KW16-Der-Berg-ruft1_0015.jpg[\/imagetab] [imagetab width=\"650\" height=\"\"]\/wp-content\/uploads\/2016\/04\/SMA-2016-KW16-Der-Berg-ruft2_0073.jpg[\/imagetab] [imagetab width=\"650\" height=\"\"]\/wp-content\/uploads\/2016\/04\/SMA-2016-KW16-Der-Berg-ruft3_0046.jpg[\/imagetab] [imagetab width=\"650\" height=\"\"]\/wp-content\/uploads\/2016\/04\/SMA-2016-KW16-Der-Berg-ruft4_0033.jpg[\/imagetab] [\/tabs]<\/p><p>\u00a0<\/p>","_et_gb_content_width":"","jetpack_post_was_ever_published":false,"_jetpack_newsletter_access":"","_jetpack_dont_email_post_to_subs":true,"_jetpack_newsletter_tier_id":0,"_jetpack_memberships_contains_paywalled_content":false,"_jetpack_memberships_contains_paid_content":false,"footnotes":"","jetpack_publicize_message":"","jetpack_publicize_feature_enabled":true,"jetpack_social_post_already_shared":true,"jetpack_social_options":{"image_generator_settings":{"template":"highway","default_image_id":0,"font":"","enabled":false},"version":2}},"categories":[27,9,16,6,3,26],"tags":[],"class_list":["post-1673","post","type-post","status-publish","format-standard","has-post-thumbnail","hentry","category-2016-schulis-weekly-picture-series","category-bw","category-blog","category-gourmet-corner","category-photo-portfolio","category-projects","et-has-post-format-content","et_post_format-et-post-format-standard"],"jetpack_publicize_connections":[],"jetpack_featured_media_url":"https:\/\/i0.wp.com\/wp.schuli.net\/wp-content\/uploads\/2016\/04\/SMA-2016-KW16-Der-Berg-ruft4_0033-Featurebild.jpg?fit=300%2C300&ssl=1","jetpack_sharing_enabled":true,"jetpack_shortlink":"https:\/\/wp.me\/p23jlp-qZ","jetpack-related-posts":[{"id":493,"url":"https:\/\/wp.schuli.net\/?p=493","url_meta":{"origin":1673,"position":0},"title":"Thun ar schoene gruene Aare naa &#8211; Farbzauber an einem Herbsttag","author":"Marius Schuler","date":"Sat, 10.12.2011","format":false,"excerpt":"Samstag, 12. November 2011. - Bei pr\u00e4chtigem Sonnenschein geniessen die Thuner warme Sonnenstrahlen an der knallgr\u00fcnen Aare in ihrer sch\u00f6nen Stadt. Der Winter l\u00e4sst noch auf sich warten und wen wundert's - irgendwie ist's bei diesen kraftvollen Farben allen recht, noch ein paar warme Tage zu geniessen, bevor die Faszination\u2026","rel":"","context":"In &quot;Blog&quot;","block_context":{"text":"Blog","link":"https:\/\/wp.schuli.net\/?cat=16"},"img":{"alt_text":"","src":"https:\/\/i0.wp.com\/wp.schuli.net\/wp-content\/uploads\/2011\/12\/wpid529-111112_sm1D3_0353-424-pano_ef4_lr-p2vr_equi_equi31_0_0.jpg?fit=800%2C373&ssl=1&resize=350%2C200","width":350,"height":200,"srcset":"https:\/\/i0.wp.com\/wp.schuli.net\/wp-content\/uploads\/2011\/12\/wpid529-111112_sm1D3_0353-424-pano_ef4_lr-p2vr_equi_equi31_0_0.jpg?fit=800%2C373&ssl=1&resize=350%2C200 1x, https:\/\/i0.wp.com\/wp.schuli.net\/wp-content\/uploads\/2011\/12\/wpid529-111112_sm1D3_0353-424-pano_ef4_lr-p2vr_equi_equi31_0_0.jpg?fit=800%2C373&ssl=1&resize=525%2C300 1.5x, https:\/\/i0.wp.com\/wp.schuli.net\/wp-content\/uploads\/2011\/12\/wpid529-111112_sm1D3_0353-424-pano_ef4_lr-p2vr_equi_equi31_0_0.jpg?fit=800%2C373&ssl=1&resize=700%2C400 2x"},"classes":[]},{"id":2720,"url":"https:\/\/wp.schuli.net\/?p=2720","url_meta":{"origin":1673,"position":1},"title":"2017-05: Gewitterwolken \u00fcber Vancouver","author":"Marius Schuler","date":"Sun, 05.02.2017","format":false,"excerpt":"","rel":"","context":"In &quot;2017 - Schulis Weekly Picture Sessions&quot;","block_context":{"text":"2017 - Schulis Weekly Picture Sessions","link":"https:\/\/wp.schuli.net\/?cat=33"},"img":{"alt_text":"","src":"https:\/\/i0.wp.com\/wp.schuli.net\/wp-content\/uploads\/2017\/02\/17-05-Thunderclouds-over-Vancouver1b_5239.jpg?fit=1200%2C931&ssl=1&resize=350%2C200","width":350,"height":200,"srcset":"https:\/\/i0.wp.com\/wp.schuli.net\/wp-content\/uploads\/2017\/02\/17-05-Thunderclouds-over-Vancouver1b_5239.jpg?fit=1200%2C931&ssl=1&resize=350%2C200 1x, https:\/\/i0.wp.com\/wp.schuli.net\/wp-content\/uploads\/2017\/02\/17-05-Thunderclouds-over-Vancouver1b_5239.jpg?fit=1200%2C931&ssl=1&resize=525%2C300 1.5x, https:\/\/i0.wp.com\/wp.schuli.net\/wp-content\/uploads\/2017\/02\/17-05-Thunderclouds-over-Vancouver1b_5239.jpg?fit=1200%2C931&ssl=1&resize=700%2C400 2x, https:\/\/i0.wp.com\/wp.schuli.net\/wp-content\/uploads\/2017\/02\/17-05-Thunderclouds-over-Vancouver1b_5239.jpg?fit=1200%2C931&ssl=1&resize=1050%2C600 3x"},"classes":[]},{"id":1595,"url":"https:\/\/wp.schuli.net\/?p=1595","url_meta":{"origin":1673,"position":2},"title":"2016-12: Farbpixel","author":"Marius Schuler","date":"Sun, 27.03.2016","format":false,"excerpt":"","rel":"","context":"In &quot;2016 - Schulis Weekly Picture Series&quot;","block_context":{"text":"2016 - Schulis Weekly Picture Series","link":"https:\/\/wp.schuli.net\/?cat=27"},"img":{"alt_text":"SMA-2016-KW12-Farbpixel","src":"https:\/\/i0.wp.com\/wp.schuli.net\/wp-content\/uploads\/2016\/03\/image-1-1024x1024.jpeg?resize=350%2C200&ssl=1","width":350,"height":200,"srcset":"https:\/\/i0.wp.com\/wp.schuli.net\/wp-content\/uploads\/2016\/03\/image-1-1024x1024.jpeg?resize=350%2C200&ssl=1 1x, https:\/\/i0.wp.com\/wp.schuli.net\/wp-content\/uploads\/2016\/03\/image-1-1024x1024.jpeg?resize=525%2C300&ssl=1 1.5x"},"classes":[]},{"id":2969,"url":"https:\/\/wp.schuli.net\/?p=2969","url_meta":{"origin":1673,"position":3},"title":"2017-14: Jungfraujoch","author":"Marius Schuler","date":"Sun, 09.04.2017","format":false,"excerpt":"","rel":"","context":"In &quot;2017 - Schulis Weekly Picture Sessions&quot;","block_context":{"text":"2017 - Schulis Weekly Picture Sessions","link":"https:\/\/wp.schuli.net\/?cat=33"},"img":{"alt_text":"","src":"https:\/\/i0.wp.com\/wp.schuli.net\/wp-content\/uploads\/2017\/04\/2017-14-Jungfraujoch1_1693.jpg?fit=1200%2C836&ssl=1&resize=350%2C200","width":350,"height":200,"srcset":"https:\/\/i0.wp.com\/wp.schuli.net\/wp-content\/uploads\/2017\/04\/2017-14-Jungfraujoch1_1693.jpg?fit=1200%2C836&ssl=1&resize=350%2C200 1x, https:\/\/i0.wp.com\/wp.schuli.net\/wp-content\/uploads\/2017\/04\/2017-14-Jungfraujoch1_1693.jpg?fit=1200%2C836&ssl=1&resize=525%2C300 1.5x, https:\/\/i0.wp.com\/wp.schuli.net\/wp-content\/uploads\/2017\/04\/2017-14-Jungfraujoch1_1693.jpg?fit=1200%2C836&ssl=1&resize=700%2C400 2x, https:\/\/i0.wp.com\/wp.schuli.net\/wp-content\/uploads\/2017\/04\/2017-14-Jungfraujoch1_1693.jpg?fit=1200%2C836&ssl=1&resize=1050%2C600 3x"},"classes":[]},{"id":2158,"url":"https:\/\/wp.schuli.net\/?p=2158","url_meta":{"origin":1673,"position":4},"title":"2016-50: Reif","author":"Marius Schuler","date":"Sun, 18.12.2016","format":false,"excerpt":"","rel":"","context":"In &quot;2016 - Schulis Weekly Picture Series&quot;","block_context":{"text":"2016 - Schulis Weekly Picture Series","link":"https:\/\/wp.schuli.net\/?cat=27"},"img":{"alt_text":"","src":"https:\/\/i0.wp.com\/wp.schuli.net\/wp-content\/uploads\/2016\/12\/2016-KW50-Reif4_4572.jpg?resize=350%2C200&ssl=1","width":350,"height":200,"srcset":"https:\/\/i0.wp.com\/wp.schuli.net\/wp-content\/uploads\/2016\/12\/2016-KW50-Reif4_4572.jpg?resize=350%2C200&ssl=1 1x, https:\/\/i0.wp.com\/wp.schuli.net\/wp-content\/uploads\/2016\/12\/2016-KW50-Reif4_4572.jpg?resize=525%2C300&ssl=1 1.5x, https:\/\/i0.wp.com\/wp.schuli.net\/wp-content\/uploads\/2016\/12\/2016-KW50-Reif4_4572.jpg?resize=700%2C400&ssl=1 2x"},"classes":[]},{"id":961,"url":"https:\/\/wp.schuli.net\/?p=961","url_meta":{"origin":1673,"position":5},"title":"Harley Taschenverst\u00e4rkung","author":"Marius Schuler","date":"Fri, 12.07.2013","format":false,"excerpt":"Hallihallo, endlich wieder mal ein Beitrag. :-) Nun, inzwischen haben wir so ein T\u00f6ffli der Marke Harley-Davidson im Einsatz und sehr viel Freude damit. Um ein paar Dinge wie Regenschutz (will ich allerdings gar nicht nutzen) mitf\u00fchren zu k\u00f6nnen, haben wir eine Schwingentasche aus Leder montiert. Wie sich nach einer\u2026","rel":"","context":"In &quot;Blog&quot;","block_context":{"text":"Blog","link":"https:\/\/wp.schuli.net\/?cat=16"},"img":{"alt_text":"","src":"https:\/\/i0.wp.com\/wp.schuli.net\/wp-content\/uploads\/2013\/07\/20130712-064103.jpg?fit=800%2C800&ssl=1&resize=350%2C200","width":350,"height":200,"srcset":"https:\/\/i0.wp.com\/wp.schuli.net\/wp-content\/uploads\/2013\/07\/20130712-064103.jpg?fit=800%2C800&ssl=1&resize=350%2C200 1x, https:\/\/i0.wp.com\/wp.schuli.net\/wp-content\/uploads\/2013\/07\/20130712-064103.jpg?fit=800%2C800&ssl=1&resize=525%2C300 1.5x, https:\/\/i0.wp.com\/wp.schuli.net\/wp-content\/uploads\/2013\/07\/20130712-064103.jpg?fit=800%2C800&ssl=1&resize=700%2C400 2x"},"classes":[]}],"_links":{"self":[{"href":"https:\/\/wp.schuli.net\/index.php?rest_route=\/wp\/v2\/posts\/1673","targetHints":{"allow":["GET"]}}],"collection":[{"href":"https:\/\/wp.schuli.net\/index.php?rest_route=\/wp\/v2\/posts"}],"about":[{"href":"https:\/\/wp.schuli.net\/index.php?rest_route=\/wp\/v2\/types\/post"}],"author":[{"embeddable":true,"href":"https:\/\/wp.schuli.net\/index.php?rest_route=\/wp\/v2\/users\/1"}],"replies":[{"embeddable":true,"href":"https:\/\/wp.schuli.net\/index.php?rest_route=%2Fwp%2Fv2%2Fcomments&post=1673"}],"version-history":[{"count":8,"href":"https:\/\/wp.schuli.net\/index.php?rest_route=\/wp\/v2\/posts\/1673\/revisions"}],"predecessor-version":[{"id":2462,"href":"https:\/\/wp.schuli.net\/index.php?rest_route=\/wp\/v2\/posts\/1673\/revisions\/2462"}],"wp:featuredmedia":[{"embeddable":true,"href":"https:\/\/wp.schuli.net\/index.php?rest_route=\/wp\/v2\/media\/1671"}],"wp:attachment":[{"href":"https:\/\/wp.schuli.net\/index.php?rest_route=%2Fwp%2Fv2%2Fmedia&parent=1673"}],"wp:term":[{"taxonomy":"category","embeddable":true,"href":"https:\/\/wp.schuli.net\/index.php?rest_route=%2Fwp%2Fv2%2Fcategories&post=1673"},{"taxonomy":"post_tag","embeddable":true,"href":"https:\/\/wp.schuli.net\/index.php?rest_route=%2Fwp%2Fv2%2Ftags&post=1673"}],"curies":[{"name":"wp","href":"https:\/\/api.w.org\/{rel}","templated":true}]}}