{"id":1595,"date":"2016-03-27T20:20:17","date_gmt":"2016-03-27T19:20:17","guid":{"rendered":"http:\/\/wp.schuli.net\/?p=1595"},"modified":"2017-01-08T09:08:58","modified_gmt":"2017-01-08T08:08:58","slug":"2016-12-farbpixel","status":"publish","type":"post","link":"https:\/\/wp.schuli.net\/?p=1595","title":{"rendered":"2016-12: Farbpixel"},"content":{"rendered":"<p>[et_pb_section admin_label=&#8221;section&#8221;][et_pb_row admin_label=&#8221;Row&#8221;][et_pb_column type=&#8221;4_4&#8243;][et_pb_text admin_label=&#8221;Text&#8221; background_layout=&#8221;light&#8221; text_orientation=&#8221;left&#8221; use_border_color=&#8221;off&#8221; border_color=&#8221;#ffffff&#8221; border_style=&#8221;solid&#8221;]<\/p>\n<p>Am Morgen fr\u00fch ein Blick durch&#8217;s Fenster und alles ist klar. Bei fr\u00fchlingshaften Temperaturen ein letztes Mal rauf auf den Berg zum Skifahren.<\/p>\n<p>Hier ein paar farbenfrohe Pixel-Impressionen aus dem Schnee. \ud83d\ude42 \u2014 Bis bald wieder, sch\u00f6ner Winter, cu.<\/p>\n<p>[\/et_pb_text][\/et_pb_column][\/et_pb_row][et_pb_row admin_label=&#8221;Row&#8221; make_fullwidth=&#8221;off&#8221; use_custom_width=&#8221;on&#8221; width_unit=&#8221;on&#8221; custom_width_px=&#8221;2500px&#8221; use_custom_gutter=&#8221;off&#8221; allow_player_pause=&#8221;off&#8221; parallax=&#8221;off&#8221; parallax_method=&#8221;off&#8221; make_equal=&#8221;off&#8221; parallax_1=&#8221;off&#8221; parallax_method_1=&#8221;off&#8221;][et_pb_column type=&#8221;4_4&#8243;][et_pb_gallery admin_label=&#8221;Gallery&#8221; gallery_ids=&#8221;1594&#8243; fullwidth=&#8221;on&#8221; show_title_and_caption=&#8221;on&#8221; show_pagination=&#8221;on&#8221; background_layout=&#8221;light&#8221; auto=&#8221;on&#8221; auto_speed=&#8221;4000&#8243; use_border_color=&#8221;off&#8221; border_color=&#8221;#ffffff&#8221; border_style=&#8221;solid&#8221; hover_icon=&#8221;%%40%%&#8221; hover_overlay_color=&#8221;rgba(255,255,255,0.9)&#8221;] [\/et_pb_gallery][\/et_pb_column][\/et_pb_row][et_pb_row admin_label=&#8221;row&#8221; make_fullwidth=&#8221;off&#8221; use_custom_width=&#8221;off&#8221; width_unit=&#8221;on&#8221; use_custom_gutter=&#8221;off&#8221; allow_player_pause=&#8221;off&#8221; parallax=&#8221;off&#8221; parallax_method=&#8221;off&#8221; make_equal=&#8221;off&#8221; parallax_1=&#8221;off&#8221; parallax_method_1=&#8221;off&#8221; background_color_1=&#8221;#e02b20&#8243; disabled_on=&#8221;on|on|on&#8221; disabled=&#8221;on&#8221;][et_pb_column type=&#8221;4_4&#8243;][et_pb_text admin_label=&#8221;Text&#8221; background_layout=&#8221;light&#8221; text_orientation=&#8221;left&#8221; use_border_color=&#8221;off&#8221; border_color=&#8221;#ffffff&#8221; border_style=&#8221;solid&#8221;]<\/p>\n<p>Am Morgen fr\u00fch ein Blick durch&#8217;s Fenster und alles ist klar. Bei fr\u00fchlingshaften Temperaturen ein letztes Mal rauf auf den Berg zum Skifahren.<\/p>\n<p>Hier ein paar farbenfrohe Pixel-Impressionen aus dem Schnee. \ud83d\ude42 \u2014 Bis bald wieder, sch\u00f6ner Winter, cu.<\/p>\n<p><a href=\"https:\/\/i0.wp.com\/wp.schuli.net\/wp-content\/uploads\/2016\/03\/image-1.jpeg?ssl=1\" rel=\"attachment wp-att-1594\"><img data-recalc-dims=\"1\" loading=\"lazy\" decoding=\"async\" data-attachment-id=\"1594\" data-permalink=\"https:\/\/wp.schuli.net\/?attachment_id=1594\" data-orig-file=\"https:\/\/i0.wp.com\/wp.schuli.net\/wp-content\/uploads\/2016\/03\/image-1.jpeg?fit=2500%2C2500&amp;ssl=1\" data-orig-size=\"2500,2500\" data-comments-opened=\"1\" data-image-meta=\"{&quot;aperture&quot;:&quot;0&quot;,&quot;credit&quot;:&quot;&quot;,&quot;camera&quot;:&quot;&quot;,&quot;caption&quot;:&quot;&quot;,&quot;created_timestamp&quot;:&quot;0&quot;,&quot;copyright&quot;:&quot;&quot;,&quot;focal_length&quot;:&quot;0&quot;,&quot;iso&quot;:&quot;0&quot;,&quot;shutter_speed&quot;:&quot;0&quot;,&quot;title&quot;:&quot;&quot;,&quot;orientation&quot;:&quot;1&quot;}\" data-image-title=\"SMA-2016-KW12-Farbpixel\" data-image-description=\"\" data-image-caption=\"\" data-large-file=\"https:\/\/i0.wp.com\/wp.schuli.net\/wp-content\/uploads\/2016\/03\/image-1.jpeg?fit=1024%2C1024&amp;ssl=1\" class=\"alignnone wp-image-1594\" src=\"https:\/\/i0.wp.com\/wp.schuli.net\/wp-content\/uploads\/2016\/03\/image-1.jpeg?resize=680%2C680&#038;ssl=1\" alt=\"SMA-2016-KW12-Farbpixel\" width=\"680\" height=\"680\" srcset=\"https:\/\/i0.wp.com\/wp.schuli.net\/wp-content\/uploads\/2016\/03\/image-1.jpeg?resize=1024%2C1024&amp;ssl=1 1024w, https:\/\/i0.wp.com\/wp.schuli.net\/wp-content\/uploads\/2016\/03\/image-1.jpeg?resize=150%2C150&amp;ssl=1 150w, https:\/\/i0.wp.com\/wp.schuli.net\/wp-content\/uploads\/2016\/03\/image-1.jpeg?resize=300%2C300&amp;ssl=1 300w, https:\/\/i0.wp.com\/wp.schuli.net\/wp-content\/uploads\/2016\/03\/image-1.jpeg?resize=768%2C768&amp;ssl=1 768w, https:\/\/i0.wp.com\/wp.schuli.net\/wp-content\/uploads\/2016\/03\/image-1.jpeg?resize=185%2C185&amp;ssl=1 185w, https:\/\/i0.wp.com\/wp.schuli.net\/wp-content\/uploads\/2016\/03\/image-1.jpeg?resize=184%2C184&amp;ssl=1 184w, https:\/\/i0.wp.com\/wp.schuli.net\/wp-content\/uploads\/2016\/03\/image-1.jpeg?w=2160&amp;ssl=1 2160w\" sizes=\"auto, (max-width: 680px) 100vw, 680px\" \/><\/a><\/p>\n<p>[\/et_pb_text][\/et_pb_column][\/et_pb_row][\/et_pb_section]<\/p>\n","protected":false},"excerpt":{"rendered":"<p>Am Morgen fr\u00fch ein Blick durch&#8217;s Fenster und alles ist klar. Bei fr\u00fchlingshaften Temperaturen ein letztes Mal rauf auf den Berg zum Skifahren. Hier ein paar farbenfrohe Pixel-Impressionen aus dem Schnee. \ud83d\ude42 \u2014 Bis bald wieder, sch\u00f6ner Winter, cu. Am Morgen fr\u00fch ein Blick durch&#8217;s Fenster und alles ist klar. Bei fr\u00fchlingshaften Temperaturen ein letztes [&hellip;]<\/p>\n","protected":false},"author":1,"featured_media":1592,"comment_status":"open","ping_status":"open","sticky":false,"template":"","format":"standard","meta":{"_et_pb_use_builder":"on","_et_pb_old_content":"<p>Am Morgen fr\u00fch ein Blick durch's Fenster und alles ist klar. Bei fr\u00fchlingshaften Temperaturen ein letztes Mal rauf auf den Berg zum Skifahren.<\/p><p>Hier ein paar farbenfrohe Pixel-Impressionen aus dem Schnee. :-) \u2014 Bis bald wieder, sch\u00f6ner Winter, cu.<\/p><p>\u00a0<\/p><p><a href=\"https:\/\/wp.schuli.net\/wp-content\/uploads\/2016\/03\/image-1.jpeg\" rel=\"attachment wp-att-1594\"><img class=\"alignnone wp-image-1594\" src=\"https:\/\/wp.schuli.net\/wp-content\/uploads\/2016\/03\/image-1-1024x1024.jpeg\" alt=\"SMA-2016-KW12-Farbpixel\" width=\"680\" height=\"680\" \/><\/a><\/p>","_et_gb_content_width":"","jetpack_post_was_ever_published":false,"_jetpack_newsletter_access":"","_jetpack_dont_email_post_to_subs":true,"_jetpack_newsletter_tier_id":0,"_jetpack_memberships_contains_paywalled_content":false,"_jetpack_memberships_contains_paid_content":false,"footnotes":"","jetpack_publicize_message":"","jetpack_publicize_feature_enabled":true,"jetpack_social_post_already_shared":true,"jetpack_social_options":{"image_generator_settings":{"template":"highway","default_image_id":0,"font":"","enabled":false},"version":2}},"categories":[27,16,11,13,3,26],"tags":[],"class_list":["post-1595","post","type-post","status-publish","format-standard","has-post-thumbnail","hentry","category-2016-schulis-weekly-picture-series","category-blog","category-colour","category-experimental","category-photo-portfolio","category-projects","et-has-post-format-content","et_post_format-et-post-format-standard"],"jetpack_publicize_connections":[],"jetpack_featured_media_url":"https:\/\/i0.wp.com\/wp.schuli.net\/wp-content\/uploads\/2016\/03\/image.jpeg?fit=300%2C300&ssl=1","jetpack_sharing_enabled":true,"jetpack_shortlink":"https:\/\/wp.me\/p23jlp-pJ","jetpack-related-posts":[{"id":1673,"url":"https:\/\/wp.schuli.net\/?p=1673","url_meta":{"origin":1595,"position":0},"title":"2016-16: Der Berg ruft","author":"Marius Schuler","date":"Sun, 24.04.2016","format":false,"excerpt":"","rel":"","context":"In &quot;2016 - Schulis Weekly Picture Series&quot;","block_context":{"text":"2016 - Schulis Weekly Picture Series","link":"https:\/\/wp.schuli.net\/?cat=27"},"img":{"alt_text":"","src":"https:\/\/i0.wp.com\/wp.schuli.net\/wp-content\/uploads\/2016\/04\/SMA-2016-KW16-Der-Berg-ruft4_0033.jpg?resize=350%2C200&ssl=1","width":350,"height":200,"srcset":"https:\/\/i0.wp.com\/wp.schuli.net\/wp-content\/uploads\/2016\/04\/SMA-2016-KW16-Der-Berg-ruft4_0033.jpg?resize=350%2C200&ssl=1 1x, https:\/\/i0.wp.com\/wp.schuli.net\/wp-content\/uploads\/2016\/04\/SMA-2016-KW16-Der-Berg-ruft4_0033.jpg?resize=525%2C300&ssl=1 1.5x, https:\/\/i0.wp.com\/wp.schuli.net\/wp-content\/uploads\/2016\/04\/SMA-2016-KW16-Der-Berg-ruft4_0033.jpg?resize=700%2C400&ssl=1 2x"},"classes":[]},{"id":3435,"url":"https:\/\/wp.schuli.net\/?p=3435","url_meta":{"origin":1595,"position":1},"title":"2017-51: NYC Ironworkers","author":"Marius Schuler","date":"Sun, 24.12.2017","format":false,"excerpt":"","rel":"","context":"In &quot;2017 - Schulis Weekly Picture Sessions&quot;","block_context":{"text":"2017 - Schulis Weekly Picture Sessions","link":"https:\/\/wp.schuli.net\/?cat=33"},"img":{"alt_text":"","src":"https:\/\/i0.wp.com\/wp.schuli.net\/wp-content\/uploads\/2017\/12\/17-51-NYC-Ironworkers_0450.jpg?fit=1200%2C836&ssl=1&resize=350%2C200","width":350,"height":200,"srcset":"https:\/\/i0.wp.com\/wp.schuli.net\/wp-content\/uploads\/2017\/12\/17-51-NYC-Ironworkers_0450.jpg?fit=1200%2C836&ssl=1&resize=350%2C200 1x, https:\/\/i0.wp.com\/wp.schuli.net\/wp-content\/uploads\/2017\/12\/17-51-NYC-Ironworkers_0450.jpg?fit=1200%2C836&ssl=1&resize=525%2C300 1.5x, https:\/\/i0.wp.com\/wp.schuli.net\/wp-content\/uploads\/2017\/12\/17-51-NYC-Ironworkers_0450.jpg?fit=1200%2C836&ssl=1&resize=700%2C400 2x, https:\/\/i0.wp.com\/wp.schuli.net\/wp-content\/uploads\/2017\/12\/17-51-NYC-Ironworkers_0450.jpg?fit=1200%2C836&ssl=1&resize=1050%2C600 3x"},"classes":[]},{"id":1828,"url":"https:\/\/wp.schuli.net\/?p=1828","url_meta":{"origin":1595,"position":2},"title":"2016-26: Traummodell","author":"Marius Schuler","date":"Sun, 03.07.2016","format":false,"excerpt":"","rel":"","context":"In &quot;2016 - Schulis Weekly Picture Series&quot;","block_context":{"text":"2016 - Schulis Weekly Picture Series","link":"https:\/\/wp.schuli.net\/?cat=27"},"img":{"alt_text":"","src":"https:\/\/i0.wp.com\/wp.schuli.net\/wp-content\/uploads\/2016\/07\/2016-26-Traummodell4_0889.jpg?resize=350%2C200&ssl=1","width":350,"height":200,"srcset":"https:\/\/i0.wp.com\/wp.schuli.net\/wp-content\/uploads\/2016\/07\/2016-26-Traummodell4_0889.jpg?resize=350%2C200&ssl=1 1x, https:\/\/i0.wp.com\/wp.schuli.net\/wp-content\/uploads\/2016\/07\/2016-26-Traummodell4_0889.jpg?resize=525%2C300&ssl=1 1.5x, https:\/\/i0.wp.com\/wp.schuli.net\/wp-content\/uploads\/2016\/07\/2016-26-Traummodell4_0889.jpg?resize=700%2C400&ssl=1 2x"},"classes":[]},{"id":961,"url":"https:\/\/wp.schuli.net\/?p=961","url_meta":{"origin":1595,"position":3},"title":"Harley Taschenverst\u00e4rkung","author":"Marius Schuler","date":"Fri, 12.07.2013","format":false,"excerpt":"Hallihallo, endlich wieder mal ein Beitrag. :-) Nun, inzwischen haben wir so ein T\u00f6ffli der Marke Harley-Davidson im Einsatz und sehr viel Freude damit. Um ein paar Dinge wie Regenschutz (will ich allerdings gar nicht nutzen) mitf\u00fchren zu k\u00f6nnen, haben wir eine Schwingentasche aus Leder montiert. Wie sich nach einer\u2026","rel":"","context":"In &quot;Blog&quot;","block_context":{"text":"Blog","link":"https:\/\/wp.schuli.net\/?cat=16"},"img":{"alt_text":"","src":"https:\/\/i0.wp.com\/wp.schuli.net\/wp-content\/uploads\/2013\/07\/20130712-064103.jpg?fit=800%2C800&ssl=1&resize=350%2C200","width":350,"height":200,"srcset":"https:\/\/i0.wp.com\/wp.schuli.net\/wp-content\/uploads\/2013\/07\/20130712-064103.jpg?fit=800%2C800&ssl=1&resize=350%2C200 1x, https:\/\/i0.wp.com\/wp.schuli.net\/wp-content\/uploads\/2013\/07\/20130712-064103.jpg?fit=800%2C800&ssl=1&resize=525%2C300 1.5x, https:\/\/i0.wp.com\/wp.schuli.net\/wp-content\/uploads\/2013\/07\/20130712-064103.jpg?fit=800%2C800&ssl=1&resize=700%2C400 2x"},"classes":[]},{"id":1713,"url":"https:\/\/wp.schuli.net\/?p=1713","url_meta":{"origin":1595,"position":4},"title":"2016-20: Wasser-Fall","author":"Marius Schuler","date":"Sun, 22.05.2016","format":false,"excerpt":"","rel":"","context":"In &quot;2016 - Schulis Weekly Picture Series&quot;","block_context":{"text":"2016 - Schulis Weekly Picture Series","link":"https:\/\/wp.schuli.net\/?cat=27"},"img":{"alt_text":"","src":"https:\/\/i0.wp.com\/wp.schuli.net\/wp-content\/uploads\/2016\/05\/2016-20-Wasser-Fall4_0471.jpg?resize=350%2C200&ssl=1","width":350,"height":200,"srcset":"https:\/\/i0.wp.com\/wp.schuli.net\/wp-content\/uploads\/2016\/05\/2016-20-Wasser-Fall4_0471.jpg?resize=350%2C200&ssl=1 1x, https:\/\/i0.wp.com\/wp.schuli.net\/wp-content\/uploads\/2016\/05\/2016-20-Wasser-Fall4_0471.jpg?resize=525%2C300&ssl=1 1.5x, https:\/\/i0.wp.com\/wp.schuli.net\/wp-content\/uploads\/2016\/05\/2016-20-Wasser-Fall4_0471.jpg?resize=700%2C400&ssl=1 2x"},"classes":[]},{"id":1792,"url":"https:\/\/wp.schuli.net\/?p=1792","url_meta":{"origin":1595,"position":5},"title":"2016-24: Niesen Wetterumbruch","author":"Marius Schuler","date":"Sun, 19.06.2016","format":false,"excerpt":"","rel":"","context":"In &quot;2016 - Schulis Weekly Picture Series&quot;","block_context":{"text":"2016 - Schulis Weekly Picture Series","link":"https:\/\/wp.schuli.net\/?cat=27"},"img":{"alt_text":"","src":"https:\/\/i0.wp.com\/wp.schuli.net\/wp-content\/uploads\/2016\/06\/2016-24-Niesen-Wetterumbruch4_0828.jpg?resize=350%2C200&ssl=1","width":350,"height":200,"srcset":"https:\/\/i0.wp.com\/wp.schuli.net\/wp-content\/uploads\/2016\/06\/2016-24-Niesen-Wetterumbruch4_0828.jpg?resize=350%2C200&ssl=1 1x, https:\/\/i0.wp.com\/wp.schuli.net\/wp-content\/uploads\/2016\/06\/2016-24-Niesen-Wetterumbruch4_0828.jpg?resize=525%2C300&ssl=1 1.5x, https:\/\/i0.wp.com\/wp.schuli.net\/wp-content\/uploads\/2016\/06\/2016-24-Niesen-Wetterumbruch4_0828.jpg?resize=700%2C400&ssl=1 2x"},"classes":[]}],"_links":{"self":[{"href":"https:\/\/wp.schuli.net\/index.php?rest_route=\/wp\/v2\/posts\/1595","targetHints":{"allow":["GET"]}}],"collection":[{"href":"https:\/\/wp.schuli.net\/index.php?rest_route=\/wp\/v2\/posts"}],"about":[{"href":"https:\/\/wp.schuli.net\/index.php?rest_route=\/wp\/v2\/types\/post"}],"author":[{"embeddable":true,"href":"https:\/\/wp.schuli.net\/index.php?rest_route=\/wp\/v2\/users\/1"}],"replies":[{"embeddable":true,"href":"https:\/\/wp.schuli.net\/index.php?rest_route=%2Fwp%2Fv2%2Fcomments&post=1595"}],"version-history":[{"count":19,"href":"https:\/\/wp.schuli.net\/index.php?rest_route=\/wp\/v2\/posts\/1595\/revisions"}],"predecessor-version":[{"id":2469,"href":"https:\/\/wp.schuli.net\/index.php?rest_route=\/wp\/v2\/posts\/1595\/revisions\/2469"}],"wp:featuredmedia":[{"embeddable":true,"href":"https:\/\/wp.schuli.net\/index.php?rest_route=\/wp\/v2\/media\/1592"}],"wp:attachment":[{"href":"https:\/\/wp.schuli.net\/index.php?rest_route=%2Fwp%2Fv2%2Fmedia&parent=1595"}],"wp:term":[{"taxonomy":"category","embeddable":true,"href":"https:\/\/wp.schuli.net\/index.php?rest_route=%2Fwp%2Fv2%2Fcategories&post=1595"},{"taxonomy":"post_tag","embeddable":true,"href":"https:\/\/wp.schuli.net\/index.php?rest_route=%2Fwp%2Fv2%2Ftags&post=1595"}],"curies":[{"name":"wp","href":"https:\/\/api.w.org\/{rel}","templated":true}]}}