{"id":1565,"date":"2016-03-13T11:54:28","date_gmt":"2016-03-13T10:54:28","guid":{"rendered":"http:\/\/wp.schuli.net\/?p=1565"},"modified":"2017-01-08T09:14:27","modified_gmt":"2017-01-08T08:14:27","slug":"2016-10-geisterstadt","status":"publish","type":"post","link":"https:\/\/wp.schuli.net\/?p=1565","title":{"rendered":"2016-10: Geisterstadt"},"content":{"rendered":"<p>[et_pb_section admin_label=&#8221;section&#8221;][et_pb_row admin_label=&#8221;Row&#8221;][et_pb_column type=&#8221;4_4&#8243;][et_pb_text admin_label=&#8221;Text&#8221; background_layout=&#8221;light&#8221; text_orientation=&#8221;left&#8221; use_border_color=&#8221;off&#8221; border_color=&#8221;#ffffff&#8221; border_style=&#8221;solid&#8221;]<\/p>\n<p>Samstag abends in der Stadt Thun. &#8211; Die Menschen essen, trinken und unterhalten sich eifrig in den Restaurants und Bars, w\u00e4hrend die Stadt draussen ausgestorben zu sein scheint. &#8211; Nur wenige sind im Freien\u00a0unterwegs in der &#8220;Geisterstadt&#8221;&#8230; \ud83d\ude42<\/p>\n<p>[\/et_pb_text][\/et_pb_column][\/et_pb_row][et_pb_row admin_label=&#8221;Row&#8221; make_fullwidth=&#8221;off&#8221; use_custom_width=&#8221;on&#8221; width_unit=&#8221;on&#8221; custom_width_px=&#8221;1000px&#8221; use_custom_gutter=&#8221;off&#8221; allow_player_pause=&#8221;off&#8221; parallax=&#8221;off&#8221; parallax_method=&#8221;off&#8221; make_equal=&#8221;off&#8221; parallax_1=&#8221;off&#8221; parallax_method_1=&#8221;off&#8221;][et_pb_column type=&#8221;4_4&#8243;][et_pb_gallery admin_label=&#8221;Gallery&#8221; gallery_ids=&#8221;1561,1562,1563,1564&#8243; fullwidth=&#8221;on&#8221; show_title_and_caption=&#8221;on&#8221; show_pagination=&#8221;on&#8221; background_layout=&#8221;light&#8221; auto=&#8221;on&#8221; auto_speed=&#8221;4000&#8243; use_border_color=&#8221;off&#8221; border_color=&#8221;#ffffff&#8221; border_style=&#8221;solid&#8221; hover_icon=&#8221;%%40%%&#8221; hover_overlay_color=&#8221;rgba(255,255,255,0.9)&#8221;] [\/et_pb_gallery][\/et_pb_column][\/et_pb_row][et_pb_row admin_label=&#8221;row&#8221; make_fullwidth=&#8221;off&#8221; use_custom_width=&#8221;off&#8221; width_unit=&#8221;on&#8221; use_custom_gutter=&#8221;off&#8221; allow_player_pause=&#8221;off&#8221; parallax=&#8221;off&#8221; parallax_method=&#8221;off&#8221; make_equal=&#8221;off&#8221; parallax_1=&#8221;off&#8221; parallax_method_1=&#8221;off&#8221; background_color_1=&#8221;#e02b20&#8243; disabled_on=&#8221;on|on|on&#8221; disabled=&#8221;on&#8221;][et_pb_column type=&#8221;4_4&#8243;][et_pb_text admin_label=&#8221;Text&#8221; background_layout=&#8221;light&#8221; text_orientation=&#8221;left&#8221; use_border_color=&#8221;off&#8221; border_color=&#8221;#ffffff&#8221; border_style=&#8221;solid&#8221;]<\/p>\n<p>Samstag abends in der Stadt Thun. &#8211; Die Menschen essen, trinken und unterhalten sich eifrig in den Restaurants und Bars, w\u00e4hrend die Stadt draussen ausgestorben zu sein scheint. &#8211; Nur wenige sind im Freien\u00a0unterwegs in der &#8220;Geisterstadt&#8221;&#8230; \ud83d\ude42<\/p>\n\n\t\t<div class='et-image-slider et_sliderfx_fade et_sliderauto_true et_sliderauto_speed_4000 et_slidertype_images'>\n\t\t\t<div class='et-image-slides'>\n\t\t\t\t<div class='et-tabs-content-wrapper'>\n\t\t\t\t\t<div class='et_slidecontent et-image-slide'><img decoding=\"async\" src=\"\/wp-content\/uploads\/2016\/03\/160312_smQ116_0904-AEP2-Bewegung9.jpg\" alt=\"\" width=\"650\" height=\"\" srcset=\"https:\/\/i0.wp.com\/wp.schuli.net\/wp-content\/uploads\/2016\/03\/160312_smQ116_0904-AEP2-Bewegung9.jpg?w=1000&amp;ssl=1 1000w, https:\/\/i0.wp.com\/wp.schuli.net\/wp-content\/uploads\/2016\/03\/160312_smQ116_0904-AEP2-Bewegung9.jpg?resize=300%2C200&amp;ssl=1 300w, https:\/\/i0.wp.com\/wp.schuli.net\/wp-content\/uploads\/2016\/03\/160312_smQ116_0904-AEP2-Bewegung9.jpg?resize=768%2C512&amp;ssl=1 768w, https:\/\/i0.wp.com\/wp.schuli.net\/wp-content\/uploads\/2016\/03\/160312_smQ116_0904-AEP2-Bewegung9.jpg?resize=140%2C94&amp;ssl=1 140w\" sizes=\"(max-width: 1000px) 100vw, 1000px\" \/><span class='et-image-overlay'> <\/span><\/div> \n\t\t<div class='et_slidecontent et-image-slide'><img decoding=\"async\" src=\"\/wp-content\/uploads\/2016\/03\/160312_smQ116_0905-AEP2-Bewegung9.jpg\" alt=\"\" width=\"650\" height=\"\" srcset=\"https:\/\/i0.wp.com\/wp.schuli.net\/wp-content\/uploads\/2016\/03\/160312_smQ116_0905-AEP2-Bewegung9.jpg?w=1000&amp;ssl=1 1000w, https:\/\/i0.wp.com\/wp.schuli.net\/wp-content\/uploads\/2016\/03\/160312_smQ116_0905-AEP2-Bewegung9.jpg?resize=300%2C200&amp;ssl=1 300w, https:\/\/i0.wp.com\/wp.schuli.net\/wp-content\/uploads\/2016\/03\/160312_smQ116_0905-AEP2-Bewegung9.jpg?resize=768%2C512&amp;ssl=1 768w, https:\/\/i0.wp.com\/wp.schuli.net\/wp-content\/uploads\/2016\/03\/160312_smQ116_0905-AEP2-Bewegung9.jpg?resize=140%2C94&amp;ssl=1 140w\" sizes=\"(max-width: 1000px) 100vw, 1000px\" \/><span class='et-image-overlay'> <\/span><\/div> \n\t\t<div class='et_slidecontent et-image-slide'><img decoding=\"async\" src=\"\/wp-content\/uploads\/2016\/03\/160312_smQ116_0907-AEP2-Bewegung9.jpg\" alt=\"\" width=\"650\" height=\"\" srcset=\"https:\/\/i0.wp.com\/wp.schuli.net\/wp-content\/uploads\/2016\/03\/160312_smQ116_0907-AEP2-Bewegung9.jpg?w=1000&amp;ssl=1 1000w, https:\/\/i0.wp.com\/wp.schuli.net\/wp-content\/uploads\/2016\/03\/160312_smQ116_0907-AEP2-Bewegung9.jpg?resize=300%2C200&amp;ssl=1 300w, https:\/\/i0.wp.com\/wp.schuli.net\/wp-content\/uploads\/2016\/03\/160312_smQ116_0907-AEP2-Bewegung9.jpg?resize=768%2C512&amp;ssl=1 768w, https:\/\/i0.wp.com\/wp.schuli.net\/wp-content\/uploads\/2016\/03\/160312_smQ116_0907-AEP2-Bewegung9.jpg?resize=140%2C94&amp;ssl=1 140w\" sizes=\"(max-width: 1000px) 100vw, 1000px\" \/><span class='et-image-overlay'> <\/span><\/div> \n\t\t<div class='et_slidecontent et-image-slide'><img decoding=\"async\" src=\"\/wp-content\/uploads\/2016\/03\/160312_smQ116_0910-AEP2-Bewegung9.jpg\" alt=\"\" width=\"650\" height=\"\" srcset=\"https:\/\/i0.wp.com\/wp.schuli.net\/wp-content\/uploads\/2016\/03\/160312_smQ116_0910-AEP2-Bewegung9.jpg?w=1000&amp;ssl=1 1000w, https:\/\/i0.wp.com\/wp.schuli.net\/wp-content\/uploads\/2016\/03\/160312_smQ116_0910-AEP2-Bewegung9.jpg?resize=300%2C200&amp;ssl=1 300w, https:\/\/i0.wp.com\/wp.schuli.net\/wp-content\/uploads\/2016\/03\/160312_smQ116_0910-AEP2-Bewegung9.jpg?resize=768%2C512&amp;ssl=1 768w, https:\/\/i0.wp.com\/wp.schuli.net\/wp-content\/uploads\/2016\/03\/160312_smQ116_0910-AEP2-Bewegung9.jpg?resize=140%2C94&amp;ssl=1 140w\" sizes=\"(max-width: 1000px) 100vw, 1000px\" \/><span class='et-image-overlay'> <\/span><\/div>\n\t\t\t\t<\/div>\n\t\t\t<\/div>\n\t\t<\/div>\n\t\t\n<p>[\/et_pb_text][\/et_pb_column][\/et_pb_row][\/et_pb_section]<\/p>\n","protected":false},"excerpt":{"rendered":"<p>Samstag abends in der Stadt Thun. &#8211; Die Menschen essen, trinken und unterhalten sich eifrig in den Restaurants und Bars, w\u00e4hrend die Stadt draussen ausgestorben zu sein scheint. &#8211; Nur wenige sind im Freien\u00a0unterwegs in der &#8220;Geisterstadt&#8221;&#8230; \ud83d\ude42 Samstag abends in der Stadt Thun. &#8211; Die Menschen essen, trinken und unterhalten sich eifrig in den [&hellip;]<\/p>\n","protected":false},"author":1,"featured_media":1560,"comment_status":"open","ping_status":"open","sticky":false,"template":"","format":"standard","meta":{"_et_pb_use_builder":"on","_et_pb_old_content":"<p>Samstag abends in der Stadt Thun. - Die Menschen essen, trinken und unterhalten sich eifrig in den Restaurants und Bars, w\u00e4hrend die Stadt draussen ausgestorben zu sein scheint. - Nur wenige sind im Freien\u00a0unterwegs in der \"Geisterstadt\"... :-)<\/p><p>\u00a0<\/p><p>[tabs slidertype=\"images\" auto=\"yes\" autospeed=\"4000\"] [imagetab width=\"650\" height=\"\"]\/wp-content\/uploads\/2016\/03\/160312_smQ116_0904-AEP2-Bewegung9.jpg[\/imagetab] [imagetab width=\"650\" height=\"\"]\/wp-content\/uploads\/2016\/03\/160312_smQ116_0905-AEP2-Bewegung9.jpg[\/imagetab] [imagetab width=\"650\" height=\"\"]\/wp-content\/uploads\/2016\/03\/160312_smQ116_0907-AEP2-Bewegung9.jpg[\/imagetab] [imagetab width=\"650\" height=\"\"]\/wp-content\/uploads\/2016\/03\/160312_smQ116_0910-AEP2-Bewegung9.jpg[\/imagetab] [\/tabs]<\/p>","_et_gb_content_width":"","jetpack_post_was_ever_published":false,"_jetpack_newsletter_access":"","_jetpack_dont_email_post_to_subs":true,"_jetpack_newsletter_tier_id":0,"_jetpack_memberships_contains_paywalled_content":false,"_jetpack_memberships_contains_paid_content":false,"footnotes":"","jetpack_publicize_message":"","jetpack_publicize_feature_enabled":true,"jetpack_social_post_already_shared":true,"jetpack_social_options":{"image_generator_settings":{"template":"highway","default_image_id":0,"font":"","enabled":false},"version":2}},"categories":[27,9,16,19,3,26],"tags":[],"class_list":["post-1565","post","type-post","status-publish","format-standard","has-post-thumbnail","hentry","category-2016-schulis-weekly-picture-series","category-bw","category-blog","category-city-impressions","category-photo-portfolio","category-projects","et-has-post-format-content","et_post_format-et-post-format-standard"],"jetpack_publicize_connections":[],"jetpack_featured_media_url":"https:\/\/i0.wp.com\/wp.schuli.net\/wp-content\/uploads\/2016\/03\/160312_smQ116_0904-AEP2-Bewegung9-FeatureBild.jpg?fit=300%2C300&ssl=1","jetpack_sharing_enabled":true,"jetpack_shortlink":"https:\/\/wp.me\/p23jlp-pf","jetpack-related-posts":[{"id":2176,"url":"https:\/\/wp.schuli.net\/?p=2176","url_meta":{"origin":1565,"position":0},"title":"2016-51: Lichterleuchten in Thun","author":"Marius Schuler","date":"Sun, 25.12.2016","format":false,"excerpt":"","rel":"","context":"In &quot;2016 - Schulis Weekly Picture Series&quot;","block_context":{"text":"2016 - Schulis Weekly Picture Series","link":"https:\/\/wp.schuli.net\/?cat=27"},"img":{"alt_text":"","src":"https:\/\/i0.wp.com\/wp.schuli.net\/wp-content\/uploads\/2016\/12\/2016-KW51-Lichterleuchten-in-Thun4_0055.jpg?resize=350%2C200&ssl=1","width":350,"height":200,"srcset":"https:\/\/i0.wp.com\/wp.schuli.net\/wp-content\/uploads\/2016\/12\/2016-KW51-Lichterleuchten-in-Thun4_0055.jpg?resize=350%2C200&ssl=1 1x, https:\/\/i0.wp.com\/wp.schuli.net\/wp-content\/uploads\/2016\/12\/2016-KW51-Lichterleuchten-in-Thun4_0055.jpg?resize=525%2C300&ssl=1 1.5x, https:\/\/i0.wp.com\/wp.schuli.net\/wp-content\/uploads\/2016\/12\/2016-KW51-Lichterleuchten-in-Thun4_0055.jpg?resize=700%2C400&ssl=1 2x"},"classes":[]},{"id":1640,"url":"https:\/\/wp.schuli.net\/?p=1640","url_meta":{"origin":1565,"position":1},"title":"2016-14: Mustersteine","author":"Marius Schuler","date":"Sun, 10.04.2016","format":false,"excerpt":"","rel":"","context":"In &quot;2016 - Schulis Weekly Picture Series&quot;","block_context":{"text":"2016 - Schulis Weekly Picture Series","link":"https:\/\/wp.schuli.net\/?cat=27"},"img":{"alt_text":"","src":"https:\/\/i0.wp.com\/wp.schuli.net\/wp-content\/uploads\/2016\/04\/image-3.jpeg?resize=350%2C200&ssl=1","width":350,"height":200,"srcset":"https:\/\/i0.wp.com\/wp.schuli.net\/wp-content\/uploads\/2016\/04\/image-3.jpeg?resize=350%2C200&ssl=1 1x, https:\/\/i0.wp.com\/wp.schuli.net\/wp-content\/uploads\/2016\/04\/image-3.jpeg?resize=525%2C300&ssl=1 1.5x, https:\/\/i0.wp.com\/wp.schuli.net\/wp-content\/uploads\/2016\/04\/image-3.jpeg?resize=700%2C400&ssl=1 2x"},"classes":[]},{"id":493,"url":"https:\/\/wp.schuli.net\/?p=493","url_meta":{"origin":1565,"position":2},"title":"Thun ar schoene gruene Aare naa &#8211; Farbzauber an einem Herbsttag","author":"Marius Schuler","date":"Sat, 10.12.2011","format":false,"excerpt":"Samstag, 12. November 2011. - Bei pr\u00e4chtigem Sonnenschein geniessen die Thuner warme Sonnenstrahlen an der knallgr\u00fcnen Aare in ihrer sch\u00f6nen Stadt. Der Winter l\u00e4sst noch auf sich warten und wen wundert's - irgendwie ist's bei diesen kraftvollen Farben allen recht, noch ein paar warme Tage zu geniessen, bevor die Faszination\u2026","rel":"","context":"In &quot;Blog&quot;","block_context":{"text":"Blog","link":"https:\/\/wp.schuli.net\/?cat=16"},"img":{"alt_text":"","src":"https:\/\/i0.wp.com\/wp.schuli.net\/wp-content\/uploads\/2011\/12\/wpid529-111112_sm1D3_0353-424-pano_ef4_lr-p2vr_equi_equi31_0_0.jpg?fit=800%2C373&ssl=1&resize=350%2C200","width":350,"height":200,"srcset":"https:\/\/i0.wp.com\/wp.schuli.net\/wp-content\/uploads\/2011\/12\/wpid529-111112_sm1D3_0353-424-pano_ef4_lr-p2vr_equi_equi31_0_0.jpg?fit=800%2C373&ssl=1&resize=350%2C200 1x, https:\/\/i0.wp.com\/wp.schuli.net\/wp-content\/uploads\/2011\/12\/wpid529-111112_sm1D3_0353-424-pano_ef4_lr-p2vr_equi_equi31_0_0.jpg?fit=800%2C373&ssl=1&resize=525%2C300 1.5x, https:\/\/i0.wp.com\/wp.schuli.net\/wp-content\/uploads\/2011\/12\/wpid529-111112_sm1D3_0353-424-pano_ef4_lr-p2vr_equi_equi31_0_0.jpg?fit=800%2C373&ssl=1&resize=700%2C400 2x"},"classes":[]},{"id":507,"url":"https:\/\/wp.schuli.net\/?p=507","url_meta":{"origin":1565,"position":3},"title":"Bern, Dezember, einige Fotoimpressionen","author":"Marius Schuler","date":"Wed, 28.12.2011","format":false,"excerpt":"Bern, an einem fr\u00fchen Morgen im Dezember. - Die Stadt erwacht, Menschen eilen zur Arbeit, andere bereiten sich auf's Weihnachtsgesch\u00e4ft vor. - Gute Gelegenheit, ein paar Stunden der Alltagshektik zu entfliehen und bei Aussichten auf einen sonnigen Tag, ein paar Eindr\u00fccke mit dem Fotoapparat einzufangen.","rel":"","context":"In &quot;Black &amp; White&quot;","block_context":{"text":"Black &amp; White","link":"https:\/\/wp.schuli.net\/?cat=9"},"img":{"alt_text":"","src":"https:\/\/i0.wp.com\/wp.schuli.net\/wp-content\/uploads\/2016\/08\/image-17.jpeg?fit=300%2C300&ssl=1&resize=350%2C200","width":350,"height":200},"classes":[]},{"id":3344,"url":"https:\/\/wp.schuli.net\/?p=3344","url_meta":{"origin":1565,"position":4},"title":"2017-44: NYC Snapshots","author":"Marius Schuler","date":"Sun, 05.11.2017","format":false,"excerpt":"","rel":"","context":"In &quot;2017 - Schulis Weekly Picture Sessions&quot;","block_context":{"text":"2017 - Schulis Weekly Picture Sessions","link":"https:\/\/wp.schuli.net\/?cat=33"},"img":{"alt_text":"","src":"https:\/\/i0.wp.com\/wp.schuli.net\/wp-content\/uploads\/2017\/10\/17-44-NYC-Snapshots2_529444316185007.jpg?fit=1183%2C1200&ssl=1&resize=350%2C200","width":350,"height":200,"srcset":"https:\/\/i0.wp.com\/wp.schuli.net\/wp-content\/uploads\/2017\/10\/17-44-NYC-Snapshots2_529444316185007.jpg?fit=1183%2C1200&ssl=1&resize=350%2C200 1x, https:\/\/i0.wp.com\/wp.schuli.net\/wp-content\/uploads\/2017\/10\/17-44-NYC-Snapshots2_529444316185007.jpg?fit=1183%2C1200&ssl=1&resize=525%2C300 1.5x, https:\/\/i0.wp.com\/wp.schuli.net\/wp-content\/uploads\/2017\/10\/17-44-NYC-Snapshots2_529444316185007.jpg?fit=1183%2C1200&ssl=1&resize=700%2C400 2x, https:\/\/i0.wp.com\/wp.schuli.net\/wp-content\/uploads\/2017\/10\/17-44-NYC-Snapshots2_529444316185007.jpg?fit=1183%2C1200&ssl=1&resize=1050%2C600 3x"},"classes":[]},{"id":3321,"url":"https:\/\/wp.schuli.net\/?p=3321","url_meta":{"origin":1565,"position":5},"title":"2017-43: NYC Manhattan","author":"Marius Schuler","date":"Sun, 29.10.2017","format":false,"excerpt":"","rel":"","context":"In &quot;2017 - Schulis Weekly Picture Sessions&quot;","block_context":{"text":"2017 - Schulis Weekly Picture Sessions","link":"https:\/\/wp.schuli.net\/?cat=33"},"img":{"alt_text":"","src":"https:\/\/i0.wp.com\/wp.schuli.net\/wp-content\/uploads\/2017\/10\/17-43-NYC-Manhattan1_529345043894837.jpg?fit=1183%2C1200&ssl=1&resize=350%2C200","width":350,"height":200,"srcset":"https:\/\/i0.wp.com\/wp.schuli.net\/wp-content\/uploads\/2017\/10\/17-43-NYC-Manhattan1_529345043894837.jpg?fit=1183%2C1200&ssl=1&resize=350%2C200 1x, https:\/\/i0.wp.com\/wp.schuli.net\/wp-content\/uploads\/2017\/10\/17-43-NYC-Manhattan1_529345043894837.jpg?fit=1183%2C1200&ssl=1&resize=525%2C300 1.5x, https:\/\/i0.wp.com\/wp.schuli.net\/wp-content\/uploads\/2017\/10\/17-43-NYC-Manhattan1_529345043894837.jpg?fit=1183%2C1200&ssl=1&resize=700%2C400 2x, https:\/\/i0.wp.com\/wp.schuli.net\/wp-content\/uploads\/2017\/10\/17-43-NYC-Manhattan1_529345043894837.jpg?fit=1183%2C1200&ssl=1&resize=1050%2C600 3x"},"classes":[]}],"_links":{"self":[{"href":"https:\/\/wp.schuli.net\/index.php?rest_route=\/wp\/v2\/posts\/1565","targetHints":{"allow":["GET"]}}],"collection":[{"href":"https:\/\/wp.schuli.net\/index.php?rest_route=\/wp\/v2\/posts"}],"about":[{"href":"https:\/\/wp.schuli.net\/index.php?rest_route=\/wp\/v2\/types\/post"}],"author":[{"embeddable":true,"href":"https:\/\/wp.schuli.net\/index.php?rest_route=\/wp\/v2\/users\/1"}],"replies":[{"embeddable":true,"href":"https:\/\/wp.schuli.net\/index.php?rest_route=%2Fwp%2Fv2%2Fcomments&post=1565"}],"version-history":[{"count":11,"href":"https:\/\/wp.schuli.net\/index.php?rest_route=\/wp\/v2\/posts\/1565\/revisions"}],"predecessor-version":[{"id":2165,"href":"https:\/\/wp.schuli.net\/index.php?rest_route=\/wp\/v2\/posts\/1565\/revisions\/2165"}],"wp:featuredmedia":[{"embeddable":true,"href":"https:\/\/wp.schuli.net\/index.php?rest_route=\/wp\/v2\/media\/1560"}],"wp:attachment":[{"href":"https:\/\/wp.schuli.net\/index.php?rest_route=%2Fwp%2Fv2%2Fmedia&parent=1565"}],"wp:term":[{"taxonomy":"category","embeddable":true,"href":"https:\/\/wp.schuli.net\/index.php?rest_route=%2Fwp%2Fv2%2Fcategories&post=1565"},{"taxonomy":"post_tag","embeddable":true,"href":"https:\/\/wp.schuli.net\/index.php?rest_route=%2Fwp%2Fv2%2Ftags&post=1565"}],"curies":[{"name":"wp","href":"https:\/\/api.w.org\/{rel}","templated":true}]}}