{"id":1537,"date":"2016-03-06T18:45:50","date_gmt":"2016-03-06T17:45:50","guid":{"rendered":"http:\/\/wp.schuli.net\/?p=1537"},"modified":"2017-01-08T09:26:22","modified_gmt":"2017-01-08T08:26:22","slug":"2016-09-berglichter","status":"publish","type":"post","link":"https:\/\/wp.schuli.net\/?p=1537","title":{"rendered":"2016-09: Berglichter"},"content":{"rendered":"<p>[et_pb_section admin_label=&#8221;section&#8221;][et_pb_row admin_label=&#8221;Row&#8221;][et_pb_column type=&#8221;4_4&#8243;][et_pb_text admin_label=&#8221;Text&#8221; background_layout=&#8221;light&#8221; text_orientation=&#8221;left&#8221; use_border_color=&#8221;off&#8221; border_color=&#8221;#ffffff&#8221; border_style=&#8221;solid&#8221;]<\/p>\n<p>Gewaltig, wenn Mond und Sterne die verschneiten Berge erhellen, sich die Augen an das sp\u00e4rliche Licht gew\u00f6hnen und pl\u00f6tzlich Details wie am Tage zum Vorschein kommen. Egal ob im Halbdunkeln, bei Bew\u00f6lkung, bei Schneefall, im Wechselspiel bei\u00a0vorbeiziehenden Wolken oder in\u00a0praller Sonne, jedes Lichterspiel hat seinen Reiz.<\/p>\n<p>&nbsp;<\/p>\n<p>[\/et_pb_text][\/et_pb_column][\/et_pb_row][et_pb_row admin_label=&#8221;Row&#8221;][et_pb_column type=&#8221;1_2&#8243;][et_pb_text admin_label=&#8221;Text&#8221; background_layout=&#8221;light&#8221; text_orientation=&#8221;left&#8221; use_border_color=&#8221;off&#8221; border_color=&#8221;#ffffff&#8221; border_style=&#8221;solid&#8221;]<\/p>\n<p><strong>Matterhorn (4478 m.\u00fc.M.) bei Mondlicht mit Stern<\/strong><\/p>\n<p>[\/et_pb_text][et_pb_gallery admin_label=&#8221;Gallery&#8221; gallery_ids=&#8221;1539&#8243; fullwidth=&#8221;on&#8221; show_title_and_caption=&#8221;on&#8221; show_pagination=&#8221;on&#8221; background_layout=&#8221;light&#8221; auto=&#8221;on&#8221; auto_speed=&#8221;4000&#8243; use_border_color=&#8221;off&#8221; border_color=&#8221;#ffffff&#8221; border_style=&#8221;solid&#8221; hover_icon=&#8221;%%40%%&#8221; hover_overlay_color=&#8221;rgba(255,255,255,0.9)&#8221;] [\/et_pb_gallery][et_pb_text admin_label=&#8221;Text&#8221; background_layout=&#8221;light&#8221; text_orientation=&#8221;left&#8221; use_border_color=&#8221;off&#8221; border_color=&#8221;#ffffff&#8221; border_style=&#8221;solid&#8221;]<\/p>\n<p><strong>Matterhorn (4478m.\u00fc.M.) bei\u00a0Tageslicht und leichter Bew\u00f6lkung<\/strong><\/p>\n<p>[\/et_pb_text][et_pb_gallery admin_label=&#8221;Gallery&#8221; gallery_ids=&#8221;1543&#8243; fullwidth=&#8221;on&#8221; show_title_and_caption=&#8221;on&#8221; show_pagination=&#8221;on&#8221; background_layout=&#8221;light&#8221; auto=&#8221;on&#8221; auto_speed=&#8221;4000&#8243; use_border_color=&#8221;off&#8221; border_color=&#8221;#ffffff&#8221; border_style=&#8221;solid&#8221; hover_icon=&#8221;%%40%%&#8221; hover_overlay_color=&#8221;rgba(255,255,255,0.9)&#8221;] [\/et_pb_gallery][\/et_pb_column][et_pb_column type=&#8221;1_2&#8243;][et_pb_text admin_label=&#8221;Text&#8221; background_layout=&#8221;light&#8221; text_orientation=&#8221;left&#8221; use_border_color=&#8221;off&#8221; border_color=&#8221;#ffffff&#8221; border_style=&#8221;solid&#8221;]<\/p>\n<p><strong>Riffelberg\u00a0(2582\u00a0m.\u00fc.M.) bei Mondlicht mit\u00a0Sternenhimmel<\/strong><\/p>\n<p>[\/et_pb_text][et_pb_gallery admin_label=&#8221;Gallery&#8221; gallery_ids=&#8221;1544&#8243; fullwidth=&#8221;on&#8221; show_title_and_caption=&#8221;on&#8221; show_pagination=&#8221;on&#8221; background_layout=&#8221;light&#8221; auto=&#8221;on&#8221; auto_speed=&#8221;4000&#8243; use_border_color=&#8221;off&#8221; border_color=&#8221;#ffffff&#8221; border_style=&#8221;solid&#8221; hover_icon=&#8221;%%40%%&#8221; hover_overlay_color=&#8221;rgba(255,255,255,0.9)&#8221;] [\/et_pb_gallery][et_pb_text admin_label=&#8221;Text&#8221; background_layout=&#8221;light&#8221; text_orientation=&#8221;left&#8221; use_border_color=&#8221;off&#8221; border_color=&#8221;#ffffff&#8221; border_style=&#8221;solid&#8221;]<\/p>\n<p><strong>Blick in die Sonne auf der Skipiste in Zermatt<\/strong><\/p>\n<p>[\/et_pb_text][et_pb_gallery admin_label=&#8221;Gallery&#8221; gallery_ids=&#8221;1542&#8243; fullwidth=&#8221;on&#8221; show_title_and_caption=&#8221;on&#8221; show_pagination=&#8221;on&#8221; background_layout=&#8221;light&#8221; auto=&#8221;on&#8221; auto_speed=&#8221;4000&#8243; use_border_color=&#8221;off&#8221; border_color=&#8221;#ffffff&#8221; border_style=&#8221;solid&#8221; hover_icon=&#8221;%%40%%&#8221; hover_overlay_color=&#8221;rgba(255,255,255,0.9)&#8221;] [\/et_pb_gallery][\/et_pb_column][\/et_pb_row][et_pb_row admin_label=&#8221;Row&#8221; make_fullwidth=&#8221;off&#8221; use_custom_width=&#8221;on&#8221; width_unit=&#8221;on&#8221; custom_width_px=&#8221;1000px&#8221; use_custom_gutter=&#8221;off&#8221; allow_player_pause=&#8221;off&#8221; parallax=&#8221;off&#8221; parallax_method=&#8221;off&#8221; make_equal=&#8221;off&#8221; parallax_1=&#8221;off&#8221; parallax_method_1=&#8221;off&#8221;][et_pb_column type=&#8221;4_4&#8243;][et_pb_text admin_label=&#8221;Text&#8221; background_layout=&#8221;light&#8221; text_orientation=&#8221;left&#8221; use_border_color=&#8221;off&#8221; border_color=&#8221;#ffffff&#8221; border_style=&#8221;solid&#8221;]<\/p>\n<p>Alle vier Bilder der Serie in einer Gallery<\/p>\n<p>[\/et_pb_text][et_pb_gallery admin_label=&#8221;Gallery&#8221; gallery_ids=&#8221;1539,1544,1543,1542&#8243; fullwidth=&#8221;on&#8221; show_title_and_caption=&#8221;on&#8221; show_pagination=&#8221;on&#8221; background_layout=&#8221;light&#8221; auto=&#8221;on&#8221; auto_speed=&#8221;4000&#8243; use_border_color=&#8221;off&#8221; border_color=&#8221;#ffffff&#8221; border_style=&#8221;solid&#8221; hover_icon=&#8221;%%40%%&#8221; hover_overlay_color=&#8221;rgba(255,255,255,0.9)&#8221;] [\/et_pb_gallery][\/et_pb_column][\/et_pb_row][et_pb_row admin_label=&#8221;row&#8221; make_fullwidth=&#8221;off&#8221; use_custom_width=&#8221;off&#8221; width_unit=&#8221;on&#8221; use_custom_gutter=&#8221;off&#8221; allow_player_pause=&#8221;off&#8221; parallax=&#8221;off&#8221; parallax_method=&#8221;off&#8221; make_equal=&#8221;off&#8221; parallax_1=&#8221;off&#8221; parallax_method_1=&#8221;off&#8221; background_color_1=&#8221;#e02b20&#8243; disabled_on=&#8221;on|on|on&#8221; disabled=&#8221;on&#8221;][et_pb_column type=&#8221;4_4&#8243;][et_pb_text admin_label=&#8221;Text&#8221; background_layout=&#8221;light&#8221; text_orientation=&#8221;left&#8221; use_border_color=&#8221;off&#8221; border_color=&#8221;#ffffff&#8221; border_style=&#8221;solid&#8221;]<\/p>\n<p>Gewaltig, wenn Mond und Sterne die verschneiten Berge erhellen, sich die Augen an das sp\u00e4rliche Licht gew\u00f6hnen und pl\u00f6tzlich Details wie am Tage zum Vorschein kommen. Egal ob im Halbdunkeln, bei Bew\u00f6lkung, bei Schneefall, im Wechselspiel bei\u00a0vorbeiziehenden Wolken oder in\u00a0praller Sonne, jedes Lichterspiel hat seinen Reiz.<\/p>\n<p><strong>Matterhorn (4478 m.\u00fc.M.) bei Mondlicht mit Stern<\/strong><\/p>\n<p><a href=\"https:\/\/i0.wp.com\/wp.schuli.net\/wp-content\/uploads\/2016\/03\/160301_smQ116_0682.jpg?ssl=1\" rel=\"attachment wp-att-1539\"><img data-recalc-dims=\"1\" loading=\"lazy\" decoding=\"async\" data-attachment-id=\"1539\" data-permalink=\"https:\/\/wp.schuli.net\/?attachment_id=1539\" data-orig-file=\"https:\/\/i0.wp.com\/wp.schuli.net\/wp-content\/uploads\/2016\/03\/160301_smQ116_0682.jpg?fit=1000%2C667&amp;ssl=1\" data-orig-size=\"1000,667\" data-comments-opened=\"1\" data-image-meta=\"{&quot;aperture&quot;:&quot;0&quot;,&quot;credit&quot;:&quot;&quot;,&quot;camera&quot;:&quot;&quot;,&quot;caption&quot;:&quot;&quot;,&quot;created_timestamp&quot;:&quot;0&quot;,&quot;copyright&quot;:&quot;\\u00a9 2016 Marius Schuler&quot;,&quot;focal_length&quot;:&quot;0&quot;,&quot;iso&quot;:&quot;0&quot;,&quot;shutter_speed&quot;:&quot;0&quot;,&quot;title&quot;:&quot;&quot;,&quot;orientation&quot;:&quot;0&quot;}\" data-image-title=\"SMA-2016-KW09-Berglichter1a_0682\" data-image-description=\"\" data-image-caption=\"\" data-large-file=\"https:\/\/i0.wp.com\/wp.schuli.net\/wp-content\/uploads\/2016\/03\/160301_smQ116_0682.jpg?fit=1000%2C667&amp;ssl=1\" class=\"alignnone wp-image-1539\" src=\"https:\/\/i0.wp.com\/wp.schuli.net\/wp-content\/uploads\/2016\/03\/160301_smQ116_0682.jpg?resize=680%2C454&#038;ssl=1\" alt=\"SMA-2016-KW09-Berglichter1a_0682\" width=\"680\" height=\"454\" srcset=\"https:\/\/i0.wp.com\/wp.schuli.net\/wp-content\/uploads\/2016\/03\/160301_smQ116_0682.jpg?w=1000&amp;ssl=1 1000w, https:\/\/i0.wp.com\/wp.schuli.net\/wp-content\/uploads\/2016\/03\/160301_smQ116_0682.jpg?resize=300%2C200&amp;ssl=1 300w, https:\/\/i0.wp.com\/wp.schuli.net\/wp-content\/uploads\/2016\/03\/160301_smQ116_0682.jpg?resize=768%2C512&amp;ssl=1 768w, https:\/\/i0.wp.com\/wp.schuli.net\/wp-content\/uploads\/2016\/03\/160301_smQ116_0682.jpg?resize=140%2C94&amp;ssl=1 140w\" sizes=\"auto, (max-width: 680px) 100vw, 680px\" \/><\/a><\/p>\n<p><strong>Riffelberg\u00a0(2582\u00a0m.\u00fc.M.) bei Mondlicht mit\u00a0Sternenhimmel<\/strong><\/p>\n<p><a href=\"https:\/\/i0.wp.com\/wp.schuli.net\/wp-content\/uploads\/2016\/03\/160304_smQ116_0785.jpg?ssl=1\" rel=\"attachment wp-att-1544\"><img data-recalc-dims=\"1\" loading=\"lazy\" decoding=\"async\" data-attachment-id=\"1544\" data-permalink=\"https:\/\/wp.schuli.net\/?attachment_id=1544\" data-orig-file=\"https:\/\/i0.wp.com\/wp.schuli.net\/wp-content\/uploads\/2016\/03\/160304_smQ116_0785.jpg?fit=1000%2C667&amp;ssl=1\" data-orig-size=\"1000,667\" data-comments-opened=\"1\" data-image-meta=\"{&quot;aperture&quot;:&quot;0&quot;,&quot;credit&quot;:&quot;&quot;,&quot;camera&quot;:&quot;&quot;,&quot;caption&quot;:&quot;&quot;,&quot;created_timestamp&quot;:&quot;0&quot;,&quot;copyright&quot;:&quot;\\u00a9 2016 Marius Schuler&quot;,&quot;focal_length&quot;:&quot;0&quot;,&quot;iso&quot;:&quot;0&quot;,&quot;shutter_speed&quot;:&quot;0&quot;,&quot;title&quot;:&quot;&quot;,&quot;orientation&quot;:&quot;0&quot;}\" data-image-title=\"SMA-2016-KW09-Berglichter2_0785\" data-image-description=\"\" data-image-caption=\"\" data-large-file=\"https:\/\/i0.wp.com\/wp.schuli.net\/wp-content\/uploads\/2016\/03\/160304_smQ116_0785.jpg?fit=1000%2C667&amp;ssl=1\" class=\"alignnone wp-image-1544\" src=\"https:\/\/i0.wp.com\/wp.schuli.net\/wp-content\/uploads\/2016\/03\/160304_smQ116_0785.jpg?resize=680%2C454&#038;ssl=1\" alt=\"SMA-2016-KW09-Berglichter2_0785\" width=\"680\" height=\"454\" srcset=\"https:\/\/i0.wp.com\/wp.schuli.net\/wp-content\/uploads\/2016\/03\/160304_smQ116_0785.jpg?w=1000&amp;ssl=1 1000w, https:\/\/i0.wp.com\/wp.schuli.net\/wp-content\/uploads\/2016\/03\/160304_smQ116_0785.jpg?resize=300%2C200&amp;ssl=1 300w, https:\/\/i0.wp.com\/wp.schuli.net\/wp-content\/uploads\/2016\/03\/160304_smQ116_0785.jpg?resize=768%2C512&amp;ssl=1 768w, https:\/\/i0.wp.com\/wp.schuli.net\/wp-content\/uploads\/2016\/03\/160304_smQ116_0785.jpg?resize=140%2C94&amp;ssl=1 140w\" sizes=\"auto, (max-width: 680px) 100vw, 680px\" \/><\/a><\/p>\n<p><strong>Matterhorn (4478m.\u00fc.M.) bei\u00a0Tageslicht und leichter Bew\u00f6lkung<\/strong><\/p>\n<p><a href=\"https:\/\/i0.wp.com\/wp.schuli.net\/wp-content\/uploads\/2016\/03\/160302_smQ116_0773.jpg?ssl=1\" rel=\"attachment wp-att-1543\"><img data-recalc-dims=\"1\" loading=\"lazy\" decoding=\"async\" data-attachment-id=\"1543\" data-permalink=\"https:\/\/wp.schuli.net\/?attachment_id=1543\" data-orig-file=\"https:\/\/i0.wp.com\/wp.schuli.net\/wp-content\/uploads\/2016\/03\/160302_smQ116_0773.jpg?fit=1000%2C667&amp;ssl=1\" data-orig-size=\"1000,667\" data-comments-opened=\"1\" data-image-meta=\"{&quot;aperture&quot;:&quot;0&quot;,&quot;credit&quot;:&quot;&quot;,&quot;camera&quot;:&quot;&quot;,&quot;caption&quot;:&quot;&quot;,&quot;created_timestamp&quot;:&quot;0&quot;,&quot;copyright&quot;:&quot;\\u00a9 2016 Marius Schuler&quot;,&quot;focal_length&quot;:&quot;0&quot;,&quot;iso&quot;:&quot;0&quot;,&quot;shutter_speed&quot;:&quot;0&quot;,&quot;title&quot;:&quot;&quot;,&quot;orientation&quot;:&quot;0&quot;}\" data-image-title=\"SMA-2016-KW09-Berglichter3_0773\" data-image-description=\"\" data-image-caption=\"\" data-large-file=\"https:\/\/i0.wp.com\/wp.schuli.net\/wp-content\/uploads\/2016\/03\/160302_smQ116_0773.jpg?fit=1000%2C667&amp;ssl=1\" class=\"alignnone wp-image-1543\" src=\"https:\/\/i0.wp.com\/wp.schuli.net\/wp-content\/uploads\/2016\/03\/160302_smQ116_0773.jpg?resize=680%2C454&#038;ssl=1\" alt=\"SMA-2016-KW09-Berglichter3_0773\" width=\"680\" height=\"454\" srcset=\"https:\/\/i0.wp.com\/wp.schuli.net\/wp-content\/uploads\/2016\/03\/160302_smQ116_0773.jpg?w=1000&amp;ssl=1 1000w, https:\/\/i0.wp.com\/wp.schuli.net\/wp-content\/uploads\/2016\/03\/160302_smQ116_0773.jpg?resize=300%2C200&amp;ssl=1 300w, https:\/\/i0.wp.com\/wp.schuli.net\/wp-content\/uploads\/2016\/03\/160302_smQ116_0773.jpg?resize=768%2C512&amp;ssl=1 768w, https:\/\/i0.wp.com\/wp.schuli.net\/wp-content\/uploads\/2016\/03\/160302_smQ116_0773.jpg?resize=140%2C94&amp;ssl=1 140w\" sizes=\"auto, (max-width: 680px) 100vw, 680px\" \/><\/a><\/p>\n<p><strong>Blick in die Sonne auf der Skipiste in Zermatt<\/strong><\/p>\n<p><a href=\"https:\/\/i0.wp.com\/wp.schuli.net\/wp-content\/uploads\/2016\/03\/160301_smQ116_0762.jpg?ssl=1\" rel=\"attachment wp-att-1542\"><img data-recalc-dims=\"1\" loading=\"lazy\" decoding=\"async\" data-attachment-id=\"1542\" data-permalink=\"https:\/\/wp.schuli.net\/?attachment_id=1542\" data-orig-file=\"https:\/\/i0.wp.com\/wp.schuli.net\/wp-content\/uploads\/2016\/03\/160301_smQ116_0762.jpg?fit=1000%2C667&amp;ssl=1\" data-orig-size=\"1000,667\" data-comments-opened=\"1\" data-image-meta=\"{&quot;aperture&quot;:&quot;0&quot;,&quot;credit&quot;:&quot;&quot;,&quot;camera&quot;:&quot;&quot;,&quot;caption&quot;:&quot;&quot;,&quot;created_timestamp&quot;:&quot;0&quot;,&quot;copyright&quot;:&quot;\\u00a9 2016 Marius Schuler&quot;,&quot;focal_length&quot;:&quot;0&quot;,&quot;iso&quot;:&quot;0&quot;,&quot;shutter_speed&quot;:&quot;0&quot;,&quot;title&quot;:&quot;&quot;,&quot;orientation&quot;:&quot;0&quot;}\" data-image-title=\"SMA-2016-KW09-Berglichter4_0762\" data-image-description=\"\" data-image-caption=\"\" data-large-file=\"https:\/\/i0.wp.com\/wp.schuli.net\/wp-content\/uploads\/2016\/03\/160301_smQ116_0762.jpg?fit=1000%2C667&amp;ssl=1\" class=\"alignnone wp-image-1542\" src=\"https:\/\/i0.wp.com\/wp.schuli.net\/wp-content\/uploads\/2016\/03\/160301_smQ116_0762.jpg?resize=680%2C454&#038;ssl=1\" alt=\"SMA-2016-KW09-Berglichter4_0762\" width=\"680\" height=\"454\" srcset=\"https:\/\/i0.wp.com\/wp.schuli.net\/wp-content\/uploads\/2016\/03\/160301_smQ116_0762.jpg?w=1000&amp;ssl=1 1000w, https:\/\/i0.wp.com\/wp.schuli.net\/wp-content\/uploads\/2016\/03\/160301_smQ116_0762.jpg?resize=300%2C200&amp;ssl=1 300w, https:\/\/i0.wp.com\/wp.schuli.net\/wp-content\/uploads\/2016\/03\/160301_smQ116_0762.jpg?resize=768%2C512&amp;ssl=1 768w, https:\/\/i0.wp.com\/wp.schuli.net\/wp-content\/uploads\/2016\/03\/160301_smQ116_0762.jpg?resize=140%2C94&amp;ssl=1 140w\" sizes=\"auto, (max-width: 680px) 100vw, 680px\" \/><\/a><\/p>\n<p>[\/et_pb_text][\/et_pb_column][\/et_pb_row][\/et_pb_section]<\/p>\n","protected":false},"excerpt":{"rendered":"<p>Gewaltig, wenn Mond und Sterne die verschneiten Berge erhellen, sich die Augen an das sp\u00e4rliche Licht gew\u00f6hnen und pl\u00f6tzlich Details wie am Tage zum Vorschein kommen. Egal ob im Halbdunkeln, bei Bew\u00f6lkung, bei Schneefall, im Wechselspiel bei\u00a0vorbeiziehenden Wolken oder in\u00a0praller Sonne, jedes Lichterspiel hat seinen Reiz. &nbsp; Matterhorn (4478 m.\u00fc.M.) bei Mondlicht mit Stern Matterhorn [&hellip;]<\/p>\n","protected":false},"author":1,"featured_media":1545,"comment_status":"open","ping_status":"open","sticky":false,"template":"","format":"standard","meta":{"_et_pb_use_builder":"on","_et_pb_old_content":"<p>Gewaltig, wenn Mond und Sterne die verschneiten Berge erhellen, sich die Augen an das sp\u00e4rliche Licht gew\u00f6hnen und pl\u00f6tzlich Details wie am Tage zum Vorschein kommen. Egal ob im Halbdunkeln, bei Bew\u00f6lkung, bei Schneefall, im Wechselspiel bei\u00a0vorbeiziehenden Wolken oder in\u00a0praller Sonne, jedes Lichterspiel hat seinen Reiz.<\/p><p>\u00a0<\/p><p><strong>Matterhorn (4478 m.\u00fc.M.) bei Mondlicht mit Stern<\/strong><\/p><p><a href=\"https:\/\/wp.schuli.net\/wp-content\/uploads\/2016\/03\/160301_smQ116_0682.jpg\" rel=\"attachment wp-att-1539\"><img class=\"alignnone wp-image-1539\" src=\"https:\/\/wp.schuli.net\/wp-content\/uploads\/2016\/03\/160301_smQ116_0682.jpg\" alt=\"SMA-2016-KW09-Berglichter1a_0682\" width=\"680\" height=\"454\" \/><\/a><\/p><p>\u00a0<\/p><p><strong>Riffelberg\u00a0(2582\u00a0m.\u00fc.M.) bei Mondlicht mit\u00a0Sternenhimmel<\/strong><\/p><p><a href=\"https:\/\/wp.schuli.net\/wp-content\/uploads\/2016\/03\/160304_smQ116_0785.jpg\" rel=\"attachment wp-att-1544\"><img class=\"alignnone wp-image-1544\" src=\"https:\/\/wp.schuli.net\/wp-content\/uploads\/2016\/03\/160304_smQ116_0785.jpg\" alt=\"SMA-2016-KW09-Berglichter2_0785\" width=\"680\" height=\"454\" \/><\/a><\/p><p>\u00a0<\/p><p><strong>Matterhorn (4478m.\u00fc.M.) bei\u00a0Tageslicht und leichter Bew\u00f6lkung<\/strong><\/p><p><a href=\"https:\/\/wp.schuli.net\/wp-content\/uploads\/2016\/03\/160302_smQ116_0773.jpg\" rel=\"attachment wp-att-1543\"><img class=\"alignnone wp-image-1543\" src=\"https:\/\/wp.schuli.net\/wp-content\/uploads\/2016\/03\/160302_smQ116_0773.jpg\" alt=\"SMA-2016-KW09-Berglichter3_0773\" width=\"680\" height=\"454\" \/><\/a><\/p><p>\u00a0<\/p><p><strong>Blick in die Sonne auf der Skipiste in Zermatt<\/strong><\/p><p><a href=\"https:\/\/wp.schuli.net\/wp-content\/uploads\/2016\/03\/160301_smQ116_0762.jpg\" rel=\"attachment wp-att-1542\"><img class=\"alignnone wp-image-1542\" src=\"https:\/\/wp.schuli.net\/wp-content\/uploads\/2016\/03\/160301_smQ116_0762.jpg\" alt=\"SMA-2016-KW09-Berglichter4_0762\" width=\"680\" height=\"454\" \/><\/a><\/p>","_et_gb_content_width":"","jetpack_post_was_ever_published":false,"_jetpack_newsletter_access":"","_jetpack_dont_email_post_to_subs":true,"_jetpack_newsletter_tier_id":0,"_jetpack_memberships_contains_paywalled_content":false,"_jetpack_memberships_contains_paid_content":false,"footnotes":"","jetpack_publicize_message":"","jetpack_publicize_feature_enabled":true,"jetpack_social_post_already_shared":true,"jetpack_social_options":{"image_generator_settings":{"template":"highway","default_image_id":0,"font":"","enabled":false},"version":2}},"categories":[27,9,16,3,26],"tags":[],"class_list":["post-1537","post","type-post","status-publish","format-standard","has-post-thumbnail","hentry","category-2016-schulis-weekly-picture-series","category-bw","category-blog","category-photo-portfolio","category-projects","et-has-post-format-content","et_post_format-et-post-format-standard"],"jetpack_publicize_connections":[],"jetpack_featured_media_url":"https:\/\/i0.wp.com\/wp.schuli.net\/wp-content\/uploads\/2016\/03\/160304_smQ116_0785-FeatureBild.jpg?fit=300%2C300&ssl=1","jetpack_sharing_enabled":true,"jetpack_shortlink":"https:\/\/wp.me\/p23jlp-oN","jetpack-related-posts":[{"id":2186,"url":"https:\/\/wp.schuli.net\/?p=2186","url_meta":{"origin":1537,"position":0},"title":"2016-52: Gesundes neues Jahr","author":"Marius Schuler","date":"Sat, 31.12.2016","format":false,"excerpt":"","rel":"","context":"In &quot;2016 - Schulis Weekly Picture Series&quot;","block_context":{"text":"2016 - Schulis Weekly Picture Series","link":"https:\/\/wp.schuli.net\/?cat=27"},"img":{"alt_text":"","src":"https:\/\/i0.wp.com\/wp.schuli.net\/wp-content\/uploads\/2016\/12\/2016-52-Gesundes-neues-Jahr4_0112.jpg?resize=350%2C200&ssl=1","width":350,"height":200,"srcset":"https:\/\/i0.wp.com\/wp.schuli.net\/wp-content\/uploads\/2016\/12\/2016-52-Gesundes-neues-Jahr4_0112.jpg?resize=350%2C200&ssl=1 1x, https:\/\/i0.wp.com\/wp.schuli.net\/wp-content\/uploads\/2016\/12\/2016-52-Gesundes-neues-Jahr4_0112.jpg?resize=525%2C300&ssl=1 1.5x, https:\/\/i0.wp.com\/wp.schuli.net\/wp-content\/uploads\/2016\/12\/2016-52-Gesundes-neues-Jahr4_0112.jpg?resize=700%2C400&ssl=1 2x"},"classes":[]},{"id":405,"url":"https:\/\/wp.schuli.net\/?p=405","url_meta":{"origin":1537,"position":1},"title":"Sunset at 25\u00b0C below zero","author":"Marius Schuler","date":"Sun, 20.11.2011","format":false,"excerpt":"Nach stundenlanger Fahrt mit dem Schneemobil bei Temperaturen bis zu 32\u00b0 Celsius unter Null, gelangten wir im sch\u00f6nen und verschneiten hohen Norden Europas in der N\u00e4he von \u00c4k\u00e4slompolo (Finnland) auf einen H\u00fcgel, von wo wir bei angenehmen -25\u00b0C den Sonnenuntergang geniessen konnten. Wer mag, kann unten ins Bild reinblicken und\u2026","rel":"","context":"In &quot;Blog&quot;","block_context":{"text":"Blog","link":"https:\/\/wp.schuli.net\/?cat=16"},"img":{"alt_text":"","src":"https:\/\/i0.wp.com\/wp.schuli.net\/wp-content\/uploads\/2011\/11\/wpid398-110210_sm1D3_8869-92-pano.jpg?fit=800%2C200&ssl=1&resize=350%2C200","width":350,"height":200,"srcset":"https:\/\/i0.wp.com\/wp.schuli.net\/wp-content\/uploads\/2011\/11\/wpid398-110210_sm1D3_8869-92-pano.jpg?fit=800%2C200&ssl=1&resize=350%2C200 1x, https:\/\/i0.wp.com\/wp.schuli.net\/wp-content\/uploads\/2011\/11\/wpid398-110210_sm1D3_8869-92-pano.jpg?fit=800%2C200&ssl=1&resize=525%2C300 1.5x, https:\/\/i0.wp.com\/wp.schuli.net\/wp-content\/uploads\/2011\/11\/wpid398-110210_sm1D3_8869-92-pano.jpg?fit=800%2C200&ssl=1&resize=700%2C400 2x"},"classes":[]},{"id":984,"url":"https:\/\/wp.schuli.net\/?p=984","url_meta":{"origin":1537,"position":2},"title":"Skiing in beautiful Canada","author":"Marius Schuler","date":"Mon, 13.01.2014","format":false,"excerpt":"13.01.2014sm - Warum fliegen Schweizer zum Skifahren nach Kanada? - Diese Frage wurde uns verst\u00e4ndlicherweise auf der Reise immer wieder gestellt. :) Auch wenn einer der Beweggr\u00fcnde war, eine offene Rechnung aus dem 2010 abzuschliessen und auch noch Whistler zu befahren, sind andere Skigebiete oben auf der Liste der Empfehlungen\u2026","rel":"","context":"In &quot;Blog&quot;","block_context":{"text":"Blog","link":"https:\/\/wp.schuli.net\/?cat=16"},"img":{"alt_text":"","src":"https:\/\/i0.wp.com\/wp.schuli.net\/wp-content\/uploads\/2013\/12\/20131226-213742.jpg?fit=300%2C200&ssl=1&resize=350%2C200","width":350,"height":200},"classes":[]},{"id":3056,"url":"https:\/\/wp.schuli.net\/?p=3056","url_meta":{"origin":1537,"position":3},"title":"2017-22: Enjoying the sunset","author":"Marius Schuler","date":"Sun, 04.06.2017","format":false,"excerpt":"","rel":"","context":"In &quot;2017 - Schulis Weekly Picture Sessions&quot;","block_context":{"text":"2017 - Schulis Weekly Picture Sessions","link":"https:\/\/wp.schuli.net\/?cat=33"},"img":{"alt_text":"","src":"https:\/\/i0.wp.com\/wp.schuli.net\/wp-content\/uploads\/2017\/06\/17-22-Enjoying-the-sunset1_3560.jpg?fit=901%2C1200&ssl=1&resize=350%2C200","width":350,"height":200,"srcset":"https:\/\/i0.wp.com\/wp.schuli.net\/wp-content\/uploads\/2017\/06\/17-22-Enjoying-the-sunset1_3560.jpg?fit=901%2C1200&ssl=1&resize=350%2C200 1x, https:\/\/i0.wp.com\/wp.schuli.net\/wp-content\/uploads\/2017\/06\/17-22-Enjoying-the-sunset1_3560.jpg?fit=901%2C1200&ssl=1&resize=525%2C300 1.5x, https:\/\/i0.wp.com\/wp.schuli.net\/wp-content\/uploads\/2017\/06\/17-22-Enjoying-the-sunset1_3560.jpg?fit=901%2C1200&ssl=1&resize=700%2C400 2x"},"classes":[]},{"id":3012,"url":"https:\/\/wp.schuli.net\/?p=3012","url_meta":{"origin":1537,"position":4},"title":"2017-18: Sonnentupfer auf 2&#8217;362m \u00fc.M.","author":"Marius Schuler","date":"Sun, 07.05.2017","format":false,"excerpt":"","rel":"","context":"In &quot;2017 - Schulis Weekly Picture Sessions&quot;","block_context":{"text":"2017 - Schulis Weekly Picture Sessions","link":"https:\/\/wp.schuli.net\/?cat=33"},"img":{"alt_text":"","src":"https:\/\/i0.wp.com\/wp.schuli.net\/wp-content\/uploads\/2017\/05\/2017-KW18-Sonnentupfer-auf-2362m2_0860.jpg?fit=1200%2C836&ssl=1&resize=350%2C200","width":350,"height":200,"srcset":"https:\/\/i0.wp.com\/wp.schuli.net\/wp-content\/uploads\/2017\/05\/2017-KW18-Sonnentupfer-auf-2362m2_0860.jpg?fit=1200%2C836&ssl=1&resize=350%2C200 1x, https:\/\/i0.wp.com\/wp.schuli.net\/wp-content\/uploads\/2017\/05\/2017-KW18-Sonnentupfer-auf-2362m2_0860.jpg?fit=1200%2C836&ssl=1&resize=525%2C300 1.5x, https:\/\/i0.wp.com\/wp.schuli.net\/wp-content\/uploads\/2017\/05\/2017-KW18-Sonnentupfer-auf-2362m2_0860.jpg?fit=1200%2C836&ssl=1&resize=700%2C400 2x, https:\/\/i0.wp.com\/wp.schuli.net\/wp-content\/uploads\/2017\/05\/2017-KW18-Sonnentupfer-auf-2362m2_0860.jpg?fit=1200%2C836&ssl=1&resize=1050%2C600 3x"},"classes":[]},{"id":1382,"url":"https:\/\/wp.schuli.net\/?p=1382","url_meta":{"origin":1537,"position":5},"title":"2016-01: Blumenstrauss in vier Bild-Paaren","author":"Marius Schuler","date":"Sun, 10.01.2016","format":false,"excerpt":"","rel":"","context":"In &quot;2016 - Schulis Weekly Picture Series&quot;","block_context":{"text":"2016 - Schulis Weekly Picture Series","link":"https:\/\/wp.schuli.net\/?cat=27"},"img":{"alt_text":"","src":"https:\/\/i0.wp.com\/wp.schuli.net\/wp-content\/uploads\/2016\/01\/img_1136.jpeg?resize=350%2C200&ssl=1","width":350,"height":200,"srcset":"https:\/\/i0.wp.com\/wp.schuli.net\/wp-content\/uploads\/2016\/01\/img_1136.jpeg?resize=350%2C200&ssl=1 1x, https:\/\/i0.wp.com\/wp.schuli.net\/wp-content\/uploads\/2016\/01\/img_1136.jpeg?resize=525%2C300&ssl=1 1.5x, https:\/\/i0.wp.com\/wp.schuli.net\/wp-content\/uploads\/2016\/01\/img_1136.jpeg?resize=700%2C400&ssl=1 2x"},"classes":[]}],"_links":{"self":[{"href":"https:\/\/wp.schuli.net\/index.php?rest_route=\/wp\/v2\/posts\/1537","targetHints":{"allow":["GET"]}}],"collection":[{"href":"https:\/\/wp.schuli.net\/index.php?rest_route=\/wp\/v2\/posts"}],"about":[{"href":"https:\/\/wp.schuli.net\/index.php?rest_route=\/wp\/v2\/types\/post"}],"author":[{"embeddable":true,"href":"https:\/\/wp.schuli.net\/index.php?rest_route=\/wp\/v2\/users\/1"}],"replies":[{"embeddable":true,"href":"https:\/\/wp.schuli.net\/index.php?rest_route=%2Fwp%2Fv2%2Fcomments&post=1537"}],"version-history":[{"count":21,"href":"https:\/\/wp.schuli.net\/index.php?rest_route=\/wp\/v2\/posts\/1537\/revisions"}],"predecessor-version":[{"id":2472,"href":"https:\/\/wp.schuli.net\/index.php?rest_route=\/wp\/v2\/posts\/1537\/revisions\/2472"}],"wp:featuredmedia":[{"embeddable":true,"href":"https:\/\/wp.schuli.net\/index.php?rest_route=\/wp\/v2\/media\/1545"}],"wp:attachment":[{"href":"https:\/\/wp.schuli.net\/index.php?rest_route=%2Fwp%2Fv2%2Fmedia&parent=1537"}],"wp:term":[{"taxonomy":"category","embeddable":true,"href":"https:\/\/wp.schuli.net\/index.php?rest_route=%2Fwp%2Fv2%2Fcategories&post=1537"},{"taxonomy":"post_tag","embeddable":true,"href":"https:\/\/wp.schuli.net\/index.php?rest_route=%2Fwp%2Fv2%2Ftags&post=1537"}],"curies":[{"name":"wp","href":"https:\/\/api.w.org\/{rel}","templated":true}]}}