{"id":1441,"date":"2016-01-31T19:36:30","date_gmt":"2016-01-31T18:36:30","guid":{"rendered":"http:\/\/wp.schuli.net\/?p=1441"},"modified":"2017-01-08T09:56:53","modified_gmt":"2017-01-08T08:56:53","slug":"2016-04-spuren-der-geschichte","status":"publish","type":"post","link":"https:\/\/wp.schuli.net\/?p=1441","title":{"rendered":"2016-04: Spuren der Geschichte"},"content":{"rendered":"<p>[et_pb_section admin_label=&#8221;section&#8221;][et_pb_row admin_label=&#8221;Row&#8221;][et_pb_column type=&#8221;4_4&#8243;][et_pb_text admin_label=&#8221;Text&#8221; background_layout=&#8221;light&#8221; text_orientation=&#8221;left&#8221; use_border_color=&#8221;off&#8221; border_color=&#8221;#ffffff&#8221; border_style=&#8221;solid&#8221;]<\/p>\n<p>Im Alltag einfach mal auf Spuren der Geschichte oder der Zeit zu achten, ist durchaus spannend und vielseitig. Hier vier Beispiele:<\/p>\n<p>[\/et_pb_text][\/et_pb_column][\/et_pb_row][et_pb_row admin_label=&#8221;Row&#8221;][et_pb_column type=&#8221;1_2&#8243;][et_pb_text admin_label=&#8221;Text 1 Schloss&#8221; background_layout=&#8221;light&#8221; text_orientation=&#8221;left&#8221; use_border_color=&#8221;off&#8221; border_color=&#8221;#ffffff&#8221; border_style=&#8221;solid&#8221;]<\/p>\n<p><strong>Schloss aus dem 11. Jahrhundert<\/strong><\/p>\n<p>Auch wenn ich schon\u00a0hunderte Male belanglos daran vorbei gefahren bin, ist der\u00a0Blick auf diesen\u00a0Zeitzeugen bis zur\u00fcck ins 11. Jahrhundert, durchaus beeindruckend. Das Wahrzeichen Burgdorf&#8217;s\u00a0w\u00e4re allein eine Bildserie zum Thema Geschichte und deren Spuren wert.<\/p>\n<p>[\/et_pb_text][et_pb_gallery admin_label=&#8221;Gallery 1 Schloss&#8221; gallery_ids=&#8221;1443&#8243; fullwidth=&#8221;on&#8221; show_title_and_caption=&#8221;on&#8221; show_pagination=&#8221;on&#8221; background_layout=&#8221;light&#8221; auto=&#8221;on&#8221; auto_speed=&#8221;4000&#8243; use_border_color=&#8221;off&#8221; border_color=&#8221;#ffffff&#8221; border_style=&#8221;solid&#8221; hover_icon=&#8221;%%40%%&#8221; hover_overlay_color=&#8221;rgba(255,255,255,0.9)&#8221;] [\/et_pb_gallery][\/et_pb_column][et_pb_column type=&#8221;1_2&#8243;][et_pb_text admin_label=&#8221;Text 2 1928 &#8211; %22Zehnderli%22&#8243; background_layout=&#8221;light&#8221; text_orientation=&#8221;left&#8221; use_border_color=&#8221;off&#8221; border_color=&#8221;#ffffff&#8221; border_style=&#8221;solid&#8221;]<\/p>\n<p><strong>1928 &#8211; &#8220;Zehnderli&#8221;<\/strong><\/p>\n<p>In einer Zeit, in der Graf Zeppelin&#8217;s Luftschiff durch die L\u00fcfte flog und den H\u00f6hepunkt der Luftfahrt erlebte, wurden in der Schweiz diese &#8220;Zehnderli&#8221; gebaut. Ein paar Jahre vorher mit 112 ccm Hubraum und einem Marktanteil von 10% in der Schweiz, erhoffte man sich offenbar mit\u00a0dem neuen\u00a0225 ccm Modell den R\u00fccklauf der Verkaufszahlen zu stoppen, was aber aufgrund verschiedener Unzul\u00e4nglichkeiten dieses\u00a0Motorrads nicht gelang.<\/p>\n<p>[\/et_pb_text][et_pb_gallery admin_label=&#8221;Gallery 2 1928 &#8211; %22Zehnderli%22&#8243; gallery_ids=&#8221;1444&#8243; fullwidth=&#8221;on&#8221; show_title_and_caption=&#8221;on&#8221; show_pagination=&#8221;on&#8221; background_layout=&#8221;light&#8221; auto=&#8221;on&#8221; auto_speed=&#8221;4000&#8243; use_border_color=&#8221;off&#8221; border_color=&#8221;#ffffff&#8221; border_style=&#8221;solid&#8221; hover_icon=&#8221;%%40%%&#8221; hover_overlay_color=&#8221;rgba(255,255,255,0.9)&#8221;] [\/et_pb_gallery][\/et_pb_column][\/et_pb_row][et_pb_row admin_label=&#8221;Row&#8221;][et_pb_column type=&#8221;1_2&#8243;][et_pb_text admin_label=&#8221;Text 3 Schrott wird Kunst&#8221; background_layout=&#8221;light&#8221; text_orientation=&#8221;left&#8221; use_border_color=&#8221;off&#8221; border_color=&#8221;#ffffff&#8221; border_style=&#8221;solid&#8221;]<\/p>\n<p><strong>Schrott wird Kunst<\/strong><\/p>\n<p>Ger\u00e4te, Apperaturen und Teile, welche gestern erst noch genutzt wurden, sind morgen schon unbedeutender Abfall. Spannend, wenn dann begabte Zeitgenossen aus dem Schrott neue Skulpturen bauen und dem Material eine neue Bedeutung geben. Ein Ventilator wird zum K\u00fchler, Aeby Teile zum Trike, eine K\u00fcchenlampe zum &#8220;LED Scheinwerfer&#8221; usw. \ud83d\ude09<\/p>\n<p>[\/et_pb_text][et_pb_gallery admin_label=&#8221;Gallery 3 Schrott wird Kunst&#8221; gallery_ids=&#8221;1445&#8243; fullwidth=&#8221;on&#8221; show_title_and_caption=&#8221;on&#8221; show_pagination=&#8221;on&#8221; background_layout=&#8221;light&#8221; auto=&#8221;on&#8221; auto_speed=&#8221;4000&#8243; use_border_color=&#8221;off&#8221; border_color=&#8221;#ffffff&#8221; border_style=&#8221;solid&#8221; hover_icon=&#8221;%%40%%&#8221; hover_overlay_color=&#8221;rgba(255,255,255,0.9)&#8221;] [\/et_pb_gallery][\/et_pb_column][et_pb_column type=&#8221;1_2&#8243;][et_pb_text admin_label=&#8221;Text 4 Zeit ist relativ &#8211; Geschichte auch&#8221; background_layout=&#8221;light&#8221; text_orientation=&#8221;left&#8221; use_border_color=&#8221;off&#8221; border_color=&#8221;#ffffff&#8221; border_style=&#8221;solid&#8221;]<\/p>\n<p><strong>Zeit ist relativ &#8211; Geschichte auch<\/strong><\/p>\n<p>Der Schatten des Baumes an der von der Zeit verwandelten Sandsteinmauer ist schon im Sekunden bis Minuten Zeitraum\u00a0unbedeutende Geschichte, weil solche Augenblicke h\u00f6chstens von einzelnen wahrgenommen werden. In der Fotografie sind es aber eben gerade diese kurzen Momente die es ausmachen, wenn Licht und Perspektive fesseln und zum Verweilen anregen. \u2014 Was w\u00fcrden uns diese B\u00e4ume wohl \u00fcber die Geschichte dieser Sandsteinwand, der Emme und den Menschen der Gegend erz\u00e4hlen?<\/p>\n<p>[\/et_pb_text][et_pb_gallery admin_label=&#8221;Gallery 4 Zeit ist relativ &#8211; Geschichte auch&#8221; gallery_ids=&#8221;1446&#8243; fullwidth=&#8221;on&#8221; show_title_and_caption=&#8221;on&#8221; show_pagination=&#8221;on&#8221; background_layout=&#8221;light&#8221; auto=&#8221;on&#8221; auto_speed=&#8221;4000&#8243; use_border_color=&#8221;off&#8221; border_color=&#8221;#ffffff&#8221; border_style=&#8221;solid&#8221; hover_icon=&#8221;%%40%%&#8221; hover_overlay_color=&#8221;rgba(255,255,255,0.9)&#8221;] [\/et_pb_gallery][\/et_pb_column][\/et_pb_row][et_pb_row admin_label=&#8221;Row&#8221; make_fullwidth=&#8221;off&#8221; use_custom_width=&#8221;on&#8221; width_unit=&#8221;on&#8221; custom_width_px=&#8221;1000px&#8221; use_custom_gutter=&#8221;off&#8221; allow_player_pause=&#8221;off&#8221; parallax=&#8221;off&#8221; parallax_method=&#8221;off&#8221; make_equal=&#8221;off&#8221; parallax_1=&#8221;off&#8221; parallax_method_1=&#8221;off&#8221;][et_pb_column type=&#8221;4_4&#8243;][et_pb_text admin_label=&#8221;Text&#8221; background_layout=&#8221;light&#8221; text_orientation=&#8221;left&#8221; use_border_color=&#8221;off&#8221; border_color=&#8221;#ffffff&#8221; border_style=&#8221;solid&#8221;]<\/p>\n<p>Alle vier Bilder in einer Gallerie<\/p>\n<p>[\/et_pb_text][et_pb_gallery admin_label=&#8221;Gallery&#8221; gallery_ids=&#8221;1443,1444,1445,1446&#8243; fullwidth=&#8221;on&#8221; show_title_and_caption=&#8221;on&#8221; show_pagination=&#8221;on&#8221; background_layout=&#8221;light&#8221; auto=&#8221;on&#8221; auto_speed=&#8221;4000&#8243; use_border_color=&#8221;off&#8221; border_color=&#8221;#ffffff&#8221; border_style=&#8221;solid&#8221; hover_icon=&#8221;%%40%%&#8221; hover_overlay_color=&#8221;rgba(255,255,255,0.9)&#8221;] [\/et_pb_gallery][\/et_pb_column][\/et_pb_row][et_pb_row admin_label=&#8221;row&#8221; make_fullwidth=&#8221;off&#8221; use_custom_width=&#8221;off&#8221; width_unit=&#8221;on&#8221; use_custom_gutter=&#8221;off&#8221; allow_player_pause=&#8221;off&#8221; parallax=&#8221;off&#8221; parallax_method=&#8221;off&#8221; make_equal=&#8221;off&#8221; parallax_1=&#8221;off&#8221; parallax_method_1=&#8221;off&#8221; background_color_1=&#8221;#e02b20&#8243; disabled_on=&#8221;on|on|on&#8221; disabled=&#8221;on&#8221;][et_pb_column type=&#8221;4_4&#8243;][et_pb_text admin_label=&#8221;Text&#8221; background_layout=&#8221;light&#8221; text_orientation=&#8221;left&#8221; use_border_color=&#8221;off&#8221; border_color=&#8221;#ffffff&#8221; border_style=&#8221;solid&#8221;]<\/p>\n<p>Im Alltag einfach mal auf Spuren der Geschichte oder der Zeit zu achten, ist durchaus spannend und vielseitig. Hier vier Beispiele:<\/p>\n<p><strong>Schloss aus dem 11. Jahrhundert<\/strong><\/p>\n<p>Auch wenn ich schon\u00a0hunderte Male belanglos daran vorbei gefahren bin, ist der\u00a0Blick auf diesen\u00a0Zeitzeugen bis zur\u00fcck ins 11. Jahrhundert, durchaus beeindruckend. Das Wahrzeichen Burgdorf&#8217;s\u00a0w\u00e4re allein eine Bildserie zum Thema Geschichte und deren Spuren wert.<\/p>\n<p><a href=\"https:\/\/i0.wp.com\/wp.schuli.net\/wp-content\/uploads\/2016\/01\/image-7.jpeg?ssl=1\" rel=\"attachment wp-att-1443\"><img data-recalc-dims=\"1\" loading=\"lazy\" decoding=\"async\" data-attachment-id=\"1443\" data-permalink=\"https:\/\/wp.schuli.net\/?attachment_id=1443\" data-orig-file=\"https:\/\/i0.wp.com\/wp.schuli.net\/wp-content\/uploads\/2016\/01\/image-7.jpeg?fit=1000%2C667&amp;ssl=1\" data-orig-size=\"1000,667\" data-comments-opened=\"1\" data-image-meta=\"{&quot;aperture&quot;:&quot;0&quot;,&quot;credit&quot;:&quot;&quot;,&quot;camera&quot;:&quot;&quot;,&quot;caption&quot;:&quot;&quot;,&quot;created_timestamp&quot;:&quot;0&quot;,&quot;copyright&quot;:&quot;\\u00a9 2016 Marius Schuler&quot;,&quot;focal_length&quot;:&quot;0&quot;,&quot;iso&quot;:&quot;0&quot;,&quot;shutter_speed&quot;:&quot;0&quot;,&quot;title&quot;:&quot;&quot;,&quot;orientation&quot;:&quot;0&quot;}\" data-image-title=\"SMA-2016-KW04-Spuren-der-Geschichte1\" data-image-description=\"\" data-image-caption=\"\" data-large-file=\"https:\/\/i0.wp.com\/wp.schuli.net\/wp-content\/uploads\/2016\/01\/image-7.jpeg?fit=1000%2C667&amp;ssl=1\" class=\"alignnone wp-image-1443\" src=\"https:\/\/i0.wp.com\/wp.schuli.net\/wp-content\/uploads\/2016\/01\/image-7.jpeg?resize=680%2C454&#038;ssl=1\" alt=\"SMA-2016-KW04-Spuren-der-Geschichte1\" width=\"680\" height=\"454\" srcset=\"https:\/\/i0.wp.com\/wp.schuli.net\/wp-content\/uploads\/2016\/01\/image-7.jpeg?w=1000&amp;ssl=1 1000w, https:\/\/i0.wp.com\/wp.schuli.net\/wp-content\/uploads\/2016\/01\/image-7.jpeg?resize=300%2C200&amp;ssl=1 300w, https:\/\/i0.wp.com\/wp.schuli.net\/wp-content\/uploads\/2016\/01\/image-7.jpeg?resize=768%2C512&amp;ssl=1 768w, https:\/\/i0.wp.com\/wp.schuli.net\/wp-content\/uploads\/2016\/01\/image-7.jpeg?resize=140%2C94&amp;ssl=1 140w\" sizes=\"auto, (max-width: 680px) 100vw, 680px\" \/><\/a><\/p>\n<p><strong>1928 &#8211; &#8220;Zehnderli&#8221;<\/strong><\/p>\n<p>In einer Zeit, in der Graf Zeppelin&#8217;s Luftschiff durch die L\u00fcfte flog und den H\u00f6hepunkt der Luftfahrt erlebte, wurden in der Schweiz diese &#8220;Zehnderli&#8221; gebaut. Ein paar Jahre vorher mit 112 ccm Hubraum und einem Marktanteil von 10% in der Schweiz, erhoffte man sich offenbar mit\u00a0dem neuen\u00a0225 ccm Modell den R\u00fccklauf der Verkaufszahlen zu stoppen, was aber aufgrund verschiedener Unzul\u00e4nglichkeiten dieses\u00a0Motorrads nicht gelang.<\/p>\n<p><a href=\"https:\/\/i0.wp.com\/wp.schuli.net\/wp-content\/uploads\/2016\/01\/image-8.jpeg?ssl=1\" rel=\"attachment wp-att-1444\"><img data-recalc-dims=\"1\" loading=\"lazy\" decoding=\"async\" data-attachment-id=\"1444\" data-permalink=\"https:\/\/wp.schuli.net\/?attachment_id=1444\" data-orig-file=\"https:\/\/i0.wp.com\/wp.schuli.net\/wp-content\/uploads\/2016\/01\/image-8.jpeg?fit=1000%2C667&amp;ssl=1\" data-orig-size=\"1000,667\" data-comments-opened=\"1\" data-image-meta=\"{&quot;aperture&quot;:&quot;0&quot;,&quot;credit&quot;:&quot;&quot;,&quot;camera&quot;:&quot;&quot;,&quot;caption&quot;:&quot;&quot;,&quot;created_timestamp&quot;:&quot;0&quot;,&quot;copyright&quot;:&quot;\\u00a9 2016 Marius Schuler&quot;,&quot;focal_length&quot;:&quot;0&quot;,&quot;iso&quot;:&quot;0&quot;,&quot;shutter_speed&quot;:&quot;0&quot;,&quot;title&quot;:&quot;&quot;,&quot;orientation&quot;:&quot;0&quot;}\" data-image-title=\"SMA-2016-KW04-Spuren-der-Geschichte2\" data-image-description=\"\" data-image-caption=\"\" data-large-file=\"https:\/\/i0.wp.com\/wp.schuli.net\/wp-content\/uploads\/2016\/01\/image-8.jpeg?fit=1000%2C667&amp;ssl=1\" class=\"alignnone wp-image-1444\" src=\"https:\/\/i0.wp.com\/wp.schuli.net\/wp-content\/uploads\/2016\/01\/image-8.jpeg?resize=680%2C454&#038;ssl=1\" alt=\"SMA-2016-KW04-Spuren-der-Geschichte2\" width=\"680\" height=\"454\" srcset=\"https:\/\/i0.wp.com\/wp.schuli.net\/wp-content\/uploads\/2016\/01\/image-8.jpeg?w=1000&amp;ssl=1 1000w, https:\/\/i0.wp.com\/wp.schuli.net\/wp-content\/uploads\/2016\/01\/image-8.jpeg?resize=300%2C200&amp;ssl=1 300w, https:\/\/i0.wp.com\/wp.schuli.net\/wp-content\/uploads\/2016\/01\/image-8.jpeg?resize=768%2C512&amp;ssl=1 768w, https:\/\/i0.wp.com\/wp.schuli.net\/wp-content\/uploads\/2016\/01\/image-8.jpeg?resize=140%2C94&amp;ssl=1 140w\" sizes=\"auto, (max-width: 680px) 100vw, 680px\" \/><\/a><\/p>\n<p><strong>Schrott wird Kunst<\/strong><\/p>\n<p>Ger\u00e4te, Apperaturen und Teile, welche gestern erst noch genutzt wurden, sind morgen schon unbedeutender Abfall. Spannend, wenn dann begabte Zeitgenossen aus dem Schrott neue Skulpturen bauen und dem Material eine neue Bedeutung geben. Ein Ventilator wird zum K\u00fchler, Aeby Teile zum Trike, eine K\u00fcchenlampe zum &#8220;LED Scheinwerfer&#8221; usw. \ud83d\ude09<\/p>\n<p><a href=\"https:\/\/i0.wp.com\/wp.schuli.net\/wp-content\/uploads\/2016\/01\/image-9.jpeg?ssl=1\" rel=\"attachment wp-att-1445\"><img data-recalc-dims=\"1\" loading=\"lazy\" decoding=\"async\" data-attachment-id=\"1445\" data-permalink=\"https:\/\/wp.schuli.net\/?attachment_id=1445\" data-orig-file=\"https:\/\/i0.wp.com\/wp.schuli.net\/wp-content\/uploads\/2016\/01\/image-9.jpeg?fit=1000%2C667&amp;ssl=1\" data-orig-size=\"1000,667\" data-comments-opened=\"1\" data-image-meta=\"{&quot;aperture&quot;:&quot;0&quot;,&quot;credit&quot;:&quot;&quot;,&quot;camera&quot;:&quot;&quot;,&quot;caption&quot;:&quot;&quot;,&quot;created_timestamp&quot;:&quot;0&quot;,&quot;copyright&quot;:&quot;\\u00a9 2016 Marius Schuler&quot;,&quot;focal_length&quot;:&quot;0&quot;,&quot;iso&quot;:&quot;0&quot;,&quot;shutter_speed&quot;:&quot;0&quot;,&quot;title&quot;:&quot;&quot;,&quot;orientation&quot;:&quot;0&quot;}\" data-image-title=\"SMA-2016-KW04-Spuren-der-Geschichte3\" data-image-description=\"\" data-image-caption=\"\" data-large-file=\"https:\/\/i0.wp.com\/wp.schuli.net\/wp-content\/uploads\/2016\/01\/image-9.jpeg?fit=1000%2C667&amp;ssl=1\" class=\"alignnone wp-image-1445\" src=\"https:\/\/i0.wp.com\/wp.schuli.net\/wp-content\/uploads\/2016\/01\/image-9.jpeg?resize=680%2C454&#038;ssl=1\" alt=\"SMA-2016-KW04-Spuren-der-Geschichte3\" width=\"680\" height=\"454\" srcset=\"https:\/\/i0.wp.com\/wp.schuli.net\/wp-content\/uploads\/2016\/01\/image-9.jpeg?w=1000&amp;ssl=1 1000w, https:\/\/i0.wp.com\/wp.schuli.net\/wp-content\/uploads\/2016\/01\/image-9.jpeg?resize=300%2C200&amp;ssl=1 300w, https:\/\/i0.wp.com\/wp.schuli.net\/wp-content\/uploads\/2016\/01\/image-9.jpeg?resize=768%2C512&amp;ssl=1 768w, https:\/\/i0.wp.com\/wp.schuli.net\/wp-content\/uploads\/2016\/01\/image-9.jpeg?resize=140%2C94&amp;ssl=1 140w\" sizes=\"auto, (max-width: 680px) 100vw, 680px\" \/><\/a><\/p>\n<p><strong>Zeit ist relativ &#8211; Geschichte auch<\/strong><\/p>\n<p>Der Schatten des Baumes an der von der Zeit verwandelten Sandsteinmauer ist schon im Sekunden bis Minuten Zeitraum\u00a0unbedeutende Geschichte, weil solche Augenblicke h\u00f6chstens von einzelnen wahrgenommen werden. In der Fotografie sind es aber eben gerade diese kurzen Momente die es ausmachen, wenn Licht und Perspektive fesseln und zum Verweilen anregen. \u2014 Was w\u00fcrden uns diese B\u00e4ume wohl \u00fcber die Geschichte dieser Sandsteinwand, der Emme und den Menschen der Gegend erz\u00e4hlen?<\/p>\n<p><a href=\"https:\/\/i0.wp.com\/wp.schuli.net\/wp-content\/uploads\/2016\/01\/image-10.jpeg?ssl=1\" rel=\"attachment wp-att-1446\"><img data-recalc-dims=\"1\" loading=\"lazy\" decoding=\"async\" data-attachment-id=\"1446\" data-permalink=\"https:\/\/wp.schuli.net\/?attachment_id=1446\" data-orig-file=\"https:\/\/i0.wp.com\/wp.schuli.net\/wp-content\/uploads\/2016\/01\/image-10.jpeg?fit=1000%2C667&amp;ssl=1\" data-orig-size=\"1000,667\" data-comments-opened=\"1\" data-image-meta=\"{&quot;aperture&quot;:&quot;0&quot;,&quot;credit&quot;:&quot;&quot;,&quot;camera&quot;:&quot;&quot;,&quot;caption&quot;:&quot;&quot;,&quot;created_timestamp&quot;:&quot;0&quot;,&quot;copyright&quot;:&quot;\\u00a9 2016 Marius Schuler&quot;,&quot;focal_length&quot;:&quot;0&quot;,&quot;iso&quot;:&quot;0&quot;,&quot;shutter_speed&quot;:&quot;0&quot;,&quot;title&quot;:&quot;&quot;,&quot;orientation&quot;:&quot;0&quot;}\" data-image-title=\"SMA-2016-KW04-Spuren-der-Geschichte4\" data-image-description=\"\" data-image-caption=\"\" data-large-file=\"https:\/\/i0.wp.com\/wp.schuli.net\/wp-content\/uploads\/2016\/01\/image-10.jpeg?fit=1000%2C667&amp;ssl=1\" class=\"alignnone wp-image-1446\" src=\"https:\/\/i0.wp.com\/wp.schuli.net\/wp-content\/uploads\/2016\/01\/image-10.jpeg?resize=680%2C454&#038;ssl=1\" alt=\"SMA-2016-KW04-Spuren-der-Geschichte4\" width=\"680\" height=\"454\" srcset=\"https:\/\/i0.wp.com\/wp.schuli.net\/wp-content\/uploads\/2016\/01\/image-10.jpeg?w=1000&amp;ssl=1 1000w, https:\/\/i0.wp.com\/wp.schuli.net\/wp-content\/uploads\/2016\/01\/image-10.jpeg?resize=300%2C200&amp;ssl=1 300w, https:\/\/i0.wp.com\/wp.schuli.net\/wp-content\/uploads\/2016\/01\/image-10.jpeg?resize=768%2C512&amp;ssl=1 768w, https:\/\/i0.wp.com\/wp.schuli.net\/wp-content\/uploads\/2016\/01\/image-10.jpeg?resize=140%2C94&amp;ssl=1 140w\" sizes=\"auto, (max-width: 680px) 100vw, 680px\" \/><\/a><\/p>\n<p>[\/et_pb_text][\/et_pb_column][\/et_pb_row][\/et_pb_section][et_pb_section admin_label=&#8221;Section&#8221; fullwidth=&#8221;off&#8221; specialty=&#8221;off&#8221;][et_pb_row admin_label=&#8221;Row&#8221;][et_pb_column type=&#8221;4_4&#8243;][\/et_pb_column][\/et_pb_row][\/et_pb_section]<\/p>\n","protected":false},"excerpt":{"rendered":"<p>Im Alltag einfach mal auf Spuren der Geschichte oder der Zeit zu achten, ist durchaus spannend und vielseitig. Hier vier Beispiele: Schloss aus dem 11. Jahrhundert Auch wenn ich schon\u00a0hunderte Male belanglos daran vorbei gefahren bin, ist der\u00a0Blick auf diesen\u00a0Zeitzeugen bis zur\u00fcck ins 11. Jahrhundert, durchaus beeindruckend. Das Wahrzeichen Burgdorf&#8217;s\u00a0w\u00e4re allein eine Bildserie zum Thema [&hellip;]<\/p>\n","protected":false},"author":1,"featured_media":1453,"comment_status":"open","ping_status":"open","sticky":false,"template":"","format":"standard","meta":{"_et_pb_use_builder":"on","_et_pb_old_content":"<p>Im Alltag einfach mal auf Spuren der Geschichte oder der Zeit zu achten, ist durchaus spannend und vielseitig. Hier vier Beispiele:<\/p><p><strong>Schloss aus dem 11. Jahrhundert<\/strong><\/p><p>Auch wenn ich schon\u00a0hunderte Male belanglos daran vorbei gefahren bin, ist der\u00a0Blick auf diesen\u00a0Zeitzeugen bis zur\u00fcck ins 11. Jahrhundert, durchaus beeindruckend. Das Wahrzeichen Burgdorf's\u00a0w\u00e4re allein eine Bildserie zum Thema Geschichte und deren Spuren wert.<\/p><p><a href=\"https:\/\/wp.schuli.net\/wp-content\/uploads\/2016\/01\/image-7.jpeg\" rel=\"attachment wp-att-1443\"><img class=\"alignnone wp-image-1443\" src=\"https:\/\/wp.schuli.net\/wp-content\/uploads\/2016\/01\/image-7.jpeg\" alt=\"SMA-2016-KW04-Spuren-der-Geschichte1\" width=\"680\" height=\"454\" \/><\/a><\/p><p>\u00a0<\/p><p><strong>1928 - \"Zehnderli\"<\/strong><\/p><p>In einer Zeit, in der Graf Zeppelin's Luftschiff durch die L\u00fcfte flog und den H\u00f6hepunkt der Luftfahrt erlebte, wurden in der Schweiz diese \"Zehnderli\" gebaut. Ein paar Jahre vorher mit 112 ccm Hubraum und einem Marktanteil von 10% in der Schweiz, erhoffte man sich offenbar mit\u00a0dem neuen\u00a0225 ccm Modell den R\u00fccklauf der Verkaufszahlen zu stoppen, was aber aufgrund verschiedener Unzul\u00e4nglichkeiten dieses\u00a0Motorrads nicht gelang.<\/p><p><a href=\"https:\/\/wp.schuli.net\/wp-content\/uploads\/2016\/01\/image-8.jpeg\" rel=\"attachment wp-att-1444\"><img class=\"alignnone wp-image-1444\" src=\"https:\/\/wp.schuli.net\/wp-content\/uploads\/2016\/01\/image-8.jpeg\" alt=\"SMA-2016-KW04-Spuren-der-Geschichte2\" width=\"680\" height=\"454\" \/><\/a><\/p><p>\u00a0<\/p><p><strong>Schrott wird Kunst<\/strong><\/p><p>Ger\u00e4te, Apperaturen und Teile, welche gestern erst noch genutzt wurden, sind morgen schon unbedeutender Abfall. Spannend, wenn dann begabte Zeitgenossen aus dem Schrott neue Skulpturen bauen und dem Material eine neue Bedeutung geben. Ein Ventilator wird zum K\u00fchler, Aeby Teile zum Trike, eine K\u00fcchenlampe zum \"LED Scheinwerfer\" usw. ;-)<\/p><p><a href=\"https:\/\/wp.schuli.net\/wp-content\/uploads\/2016\/01\/image-9.jpeg\" rel=\"attachment wp-att-1445\"><img class=\"alignnone wp-image-1445\" src=\"https:\/\/wp.schuli.net\/wp-content\/uploads\/2016\/01\/image-9.jpeg\" alt=\"SMA-2016-KW04-Spuren-der-Geschichte3\" width=\"680\" height=\"454\" \/><\/a><\/p><p>\u00a0<\/p><p><strong>Zeit ist relativ - Geschichte auch<\/strong><\/p><p>Der Schatten des Baumes an der von der Zeit verwandelten Sandsteinmauer ist schon im Sekunden bis Minuten Zeitraum\u00a0unbedeutende Geschichte, weil solche Augenblicke h\u00f6chstens von einzelnen wahrgenommen werden. In der Fotografie sind es aber eben gerade diese kurzen Momente die es ausmachen, wenn Licht und Perspektive fesseln und zum Verweilen anregen. \u2014 Was w\u00fcrden uns diese B\u00e4ume wohl \u00fcber die Geschichte dieser Sandsteinwand, der Emme und den Menschen der Gegend erz\u00e4hlen?<\/p><p><a href=\"https:\/\/wp.schuli.net\/wp-content\/uploads\/2016\/01\/image-10.jpeg\" rel=\"attachment wp-att-1446\"><img class=\"alignnone wp-image-1446\" src=\"https:\/\/wp.schuli.net\/wp-content\/uploads\/2016\/01\/image-10.jpeg\" alt=\"SMA-2016-KW04-Spuren-der-Geschichte4\" width=\"680\" height=\"454\" \/><\/a><\/p><p>\u00a0<\/p>","_et_gb_content_width":"","jetpack_post_was_ever_published":false,"_jetpack_newsletter_access":"","_jetpack_dont_email_post_to_subs":true,"_jetpack_newsletter_tier_id":0,"_jetpack_memberships_contains_paywalled_content":false,"_jetpack_memberships_contains_paid_content":false,"footnotes":"","jetpack_publicize_message":"","jetpack_publicize_feature_enabled":true,"jetpack_social_post_already_shared":true,"jetpack_social_options":{"image_generator_settings":{"template":"highway","default_image_id":0,"font":"","enabled":false},"version":2}},"categories":[27,9,16,3,26],"tags":[],"class_list":["post-1441","post","type-post","status-publish","format-standard","has-post-thumbnail","hentry","category-2016-schulis-weekly-picture-series","category-bw","category-blog","category-photo-portfolio","category-projects","et-has-post-format-content","et_post_format-et-post-format-standard"],"jetpack_publicize_connections":[],"jetpack_featured_media_url":"https:\/\/i0.wp.com\/wp.schuli.net\/wp-content\/uploads\/2016\/01\/image-11.jpeg?fit=300%2C300&ssl=1","jetpack_sharing_enabled":true,"jetpack_shortlink":"https:\/\/wp.me\/p23jlp-nf","jetpack-related-posts":[{"id":984,"url":"https:\/\/wp.schuli.net\/?p=984","url_meta":{"origin":1441,"position":0},"title":"Skiing in beautiful Canada","author":"Marius Schuler","date":"Mon, 13.01.2014","format":false,"excerpt":"13.01.2014sm - Warum fliegen Schweizer zum Skifahren nach Kanada? - Diese Frage wurde uns verst\u00e4ndlicherweise auf der Reise immer wieder gestellt. :) Auch wenn einer der Beweggr\u00fcnde war, eine offene Rechnung aus dem 2010 abzuschliessen und auch noch Whistler zu befahren, sind andere Skigebiete oben auf der Liste der Empfehlungen\u2026","rel":"","context":"In &quot;Blog&quot;","block_context":{"text":"Blog","link":"https:\/\/wp.schuli.net\/?cat=16"},"img":{"alt_text":"","src":"https:\/\/i0.wp.com\/wp.schuli.net\/wp-content\/uploads\/2013\/12\/20131226-213742.jpg?fit=300%2C200&ssl=1&resize=350%2C200","width":350,"height":200},"classes":[]},{"id":1673,"url":"https:\/\/wp.schuli.net\/?p=1673","url_meta":{"origin":1441,"position":1},"title":"2016-16: Der Berg ruft","author":"Marius Schuler","date":"Sun, 24.04.2016","format":false,"excerpt":"","rel":"","context":"In &quot;2016 - Schulis Weekly Picture Series&quot;","block_context":{"text":"2016 - Schulis Weekly Picture Series","link":"https:\/\/wp.schuli.net\/?cat=27"},"img":{"alt_text":"","src":"https:\/\/i0.wp.com\/wp.schuli.net\/wp-content\/uploads\/2016\/04\/SMA-2016-KW16-Der-Berg-ruft4_0033.jpg?resize=350%2C200&ssl=1","width":350,"height":200,"srcset":"https:\/\/i0.wp.com\/wp.schuli.net\/wp-content\/uploads\/2016\/04\/SMA-2016-KW16-Der-Berg-ruft4_0033.jpg?resize=350%2C200&ssl=1 1x, https:\/\/i0.wp.com\/wp.schuli.net\/wp-content\/uploads\/2016\/04\/SMA-2016-KW16-Der-Berg-ruft4_0033.jpg?resize=525%2C300&ssl=1 1.5x, https:\/\/i0.wp.com\/wp.schuli.net\/wp-content\/uploads\/2016\/04\/SMA-2016-KW16-Der-Berg-ruft4_0033.jpg?resize=700%2C400&ssl=1 2x"},"classes":[]},{"id":1657,"url":"https:\/\/wp.schuli.net\/?p=1657","url_meta":{"origin":1441,"position":2},"title":"2016-15: Spielmuehle","author":"Marius Schuler","date":"Sun, 17.04.2016","format":false,"excerpt":"","rel":"","context":"In &quot;2016 - Schulis Weekly Picture Series&quot;","block_context":{"text":"2016 - Schulis Weekly Picture Series","link":"https:\/\/wp.schuli.net\/?cat=27"},"img":{"alt_text":"SMA-2016-KW15-Spielmuehle1","src":"https:\/\/i0.wp.com\/wp.schuli.net\/wp-content\/uploads\/2016\/04\/image-5-1024x1024.jpeg?resize=350%2C200&ssl=1","width":350,"height":200},"classes":[]},{"id":3056,"url":"https:\/\/wp.schuli.net\/?p=3056","url_meta":{"origin":1441,"position":3},"title":"2017-22: Enjoying the sunset","author":"Marius Schuler","date":"Sun, 04.06.2017","format":false,"excerpt":"","rel":"","context":"In &quot;2017 - Schulis Weekly Picture Sessions&quot;","block_context":{"text":"2017 - Schulis Weekly Picture Sessions","link":"https:\/\/wp.schuli.net\/?cat=33"},"img":{"alt_text":"","src":"https:\/\/i0.wp.com\/wp.schuli.net\/wp-content\/uploads\/2017\/06\/17-22-Enjoying-the-sunset1_3560.jpg?fit=901%2C1200&ssl=1&resize=350%2C200","width":350,"height":200,"srcset":"https:\/\/i0.wp.com\/wp.schuli.net\/wp-content\/uploads\/2017\/06\/17-22-Enjoying-the-sunset1_3560.jpg?fit=901%2C1200&ssl=1&resize=350%2C200 1x, https:\/\/i0.wp.com\/wp.schuli.net\/wp-content\/uploads\/2017\/06\/17-22-Enjoying-the-sunset1_3560.jpg?fit=901%2C1200&ssl=1&resize=525%2C300 1.5x, https:\/\/i0.wp.com\/wp.schuli.net\/wp-content\/uploads\/2017\/06\/17-22-Enjoying-the-sunset1_3560.jpg?fit=901%2C1200&ssl=1&resize=700%2C400 2x"},"classes":[]},{"id":1950,"url":"https:\/\/wp.schuli.net\/?p=1950","url_meta":{"origin":1441,"position":4},"title":"2016-36: European Bikeweek","author":"Marius Schuler","date":"Mon, 12.09.2016","format":false,"excerpt":"","rel":"","context":"In &quot;2016 - Schulis Weekly Picture Series&quot;","block_context":{"text":"2016 - Schulis Weekly Picture Series","link":"https:\/\/wp.schuli.net\/?cat=27"},"img":{"alt_text":"","src":"https:\/\/i0.wp.com\/wp.schuli.net\/wp-content\/uploads\/2016\/09\/36-EuropeanBikeweek4_0534.jpg?resize=350%2C200&ssl=1","width":350,"height":200,"srcset":"https:\/\/i0.wp.com\/wp.schuli.net\/wp-content\/uploads\/2016\/09\/36-EuropeanBikeweek4_0534.jpg?resize=350%2C200&ssl=1 1x, https:\/\/i0.wp.com\/wp.schuli.net\/wp-content\/uploads\/2016\/09\/36-EuropeanBikeweek4_0534.jpg?resize=525%2C300&ssl=1 1.5x, https:\/\/i0.wp.com\/wp.schuli.net\/wp-content\/uploads\/2016\/09\/36-EuropeanBikeweek4_0534.jpg?resize=700%2C400&ssl=1 2x"},"classes":[]},{"id":2073,"url":"https:\/\/wp.schuli.net\/?p=2073","url_meta":{"origin":1441,"position":5},"title":"2016-44: Herbstformen","author":"Marius Schuler","date":"Sun, 06.11.2016","format":false,"excerpt":"","rel":"","context":"In &quot;2016 - Schulis Weekly Picture Series&quot;","block_context":{"text":"2016 - Schulis Weekly Picture Series","link":"https:\/\/wp.schuli.net\/?cat=27"},"img":{"alt_text":"","src":"https:\/\/i0.wp.com\/wp.schuli.net\/wp-content\/uploads\/2016\/11\/2016-44-Herbstformen4_0739.jpg?resize=350%2C200&ssl=1","width":350,"height":200,"srcset":"https:\/\/i0.wp.com\/wp.schuli.net\/wp-content\/uploads\/2016\/11\/2016-44-Herbstformen4_0739.jpg?resize=350%2C200&ssl=1 1x, https:\/\/i0.wp.com\/wp.schuli.net\/wp-content\/uploads\/2016\/11\/2016-44-Herbstformen4_0739.jpg?resize=525%2C300&ssl=1 1.5x, https:\/\/i0.wp.com\/wp.schuli.net\/wp-content\/uploads\/2016\/11\/2016-44-Herbstformen4_0739.jpg?resize=700%2C400&ssl=1 2x"},"classes":[]}],"_links":{"self":[{"href":"https:\/\/wp.schuli.net\/index.php?rest_route=\/wp\/v2\/posts\/1441","targetHints":{"allow":["GET"]}}],"collection":[{"href":"https:\/\/wp.schuli.net\/index.php?rest_route=\/wp\/v2\/posts"}],"about":[{"href":"https:\/\/wp.schuli.net\/index.php?rest_route=\/wp\/v2\/types\/post"}],"author":[{"embeddable":true,"href":"https:\/\/wp.schuli.net\/index.php?rest_route=\/wp\/v2\/users\/1"}],"replies":[{"embeddable":true,"href":"https:\/\/wp.schuli.net\/index.php?rest_route=%2Fwp%2Fv2%2Fcomments&post=1441"}],"version-history":[{"count":19,"href":"https:\/\/wp.schuli.net\/index.php?rest_route=\/wp\/v2\/posts\/1441\/revisions"}],"predecessor-version":[{"id":1458,"href":"https:\/\/wp.schuli.net\/index.php?rest_route=\/wp\/v2\/posts\/1441\/revisions\/1458"}],"wp:featuredmedia":[{"embeddable":true,"href":"https:\/\/wp.schuli.net\/index.php?rest_route=\/wp\/v2\/media\/1453"}],"wp:attachment":[{"href":"https:\/\/wp.schuli.net\/index.php?rest_route=%2Fwp%2Fv2%2Fmedia&parent=1441"}],"wp:term":[{"taxonomy":"category","embeddable":true,"href":"https:\/\/wp.schuli.net\/index.php?rest_route=%2Fwp%2Fv2%2Fcategories&post=1441"},{"taxonomy":"post_tag","embeddable":true,"href":"https:\/\/wp.schuli.net\/index.php?rest_route=%2Fwp%2Fv2%2Ftags&post=1441"}],"curies":[{"name":"wp","href":"https:\/\/api.w.org\/{rel}","templated":true}]}}