{"id":1414,"date":"2016-01-17T21:21:52","date_gmt":"2016-01-17T20:21:52","guid":{"rendered":"http:\/\/wp.schuli.net\/?p=1414"},"modified":"2017-01-08T10:01:12","modified_gmt":"2017-01-08T09:01:12","slug":"2016-02-endlich-schnee","status":"publish","type":"post","link":"https:\/\/wp.schuli.net\/?p=1414","title":{"rendered":"2016-02: Endlich Schnee!"},"content":{"rendered":"<p>[et_pb_section admin_label=&#8221;section&#8221;][et_pb_row admin_label=&#8221;Row&#8221;][et_pb_column type=&#8221;4_4&#8243;][et_pb_text admin_label=&#8221;Text&#8221; background_layout=&#8221;light&#8221; text_orientation=&#8221;left&#8221; use_border_color=&#8221;off&#8221; border_color=&#8221;#ffffff&#8221; border_style=&#8221;solid&#8221;]<\/p>\n<p>Diese Saison ist der Schnee in unserer Region recht zur\u00fcckhaltend unterwegs. Umso mehr freuen wir uns \u00fcber jede\u00a0Schneeflocke\u00a0die vom Himmel f\u00e4llt. Hier ein paar Winter Impressionen aus Langenthal.<\/p>\n<p>[\/et_pb_text][\/et_pb_column][\/et_pb_row][et_pb_row admin_label=&#8221;Row&#8221; make_fullwidth=&#8221;off&#8221; use_custom_width=&#8221;on&#8221; width_unit=&#8221;on&#8221; custom_width_px=&#8221;1000px&#8221; use_custom_gutter=&#8221;off&#8221; allow_player_pause=&#8221;off&#8221; parallax=&#8221;off&#8221; parallax_method=&#8221;off&#8221; make_equal=&#8221;off&#8221; parallax_1=&#8221;off&#8221; parallax_method_1=&#8221;off&#8221;][et_pb_column type=&#8221;4_4&#8243;][et_pb_gallery admin_label=&#8221;Gallery&#8221; gallery_ids=&#8221;1419,1418,1417,1416&#8243; fullwidth=&#8221;on&#8221; show_title_and_caption=&#8221;on&#8221; show_pagination=&#8221;on&#8221; background_layout=&#8221;light&#8221; auto=&#8221;on&#8221; auto_speed=&#8221;4000&#8243; use_border_color=&#8221;off&#8221; border_color=&#8221;#ffffff&#8221; border_style=&#8221;solid&#8221; hover_icon=&#8221;%%40%%&#8221; hover_overlay_color=&#8221;rgba(255,255,255,0.9)&#8221;] [\/et_pb_gallery][\/et_pb_column][\/et_pb_row][et_pb_row admin_label=&#8221;row&#8221; make_fullwidth=&#8221;off&#8221; use_custom_width=&#8221;off&#8221; width_unit=&#8221;on&#8221; use_custom_gutter=&#8221;off&#8221; allow_player_pause=&#8221;off&#8221; parallax=&#8221;off&#8221; parallax_method=&#8221;off&#8221; make_equal=&#8221;off&#8221; parallax_1=&#8221;off&#8221; parallax_method_1=&#8221;off&#8221; background_color_1=&#8221;#e02b20&#8243; disabled_on=&#8221;on|on|on&#8221; disabled=&#8221;on&#8221;][et_pb_column type=&#8221;4_4&#8243;][et_pb_text admin_label=&#8221;Text&#8221; background_layout=&#8221;light&#8221; text_orientation=&#8221;left&#8221; use_border_color=&#8221;off&#8221; border_color=&#8221;#ffffff&#8221; border_style=&#8221;solid&#8221;]<\/p>\n<p>Diese Saison ist der Schnee in unserer Region recht zur\u00fcckhaltend unterwegs. Umso mehr freuen wir uns \u00fcber jede\u00a0Schneeflocke\u00a0die vom Himmel f\u00e4llt. Hier ein paar Winter Impressionen aus Langenthal.<\/p>\n<p><a href=\"https:\/\/i0.wp.com\/wp.schuli.net\/wp-content\/uploads\/2016\/01\/image-3.jpg?ssl=1\" rel=\"attachment wp-att-1419\"><img data-recalc-dims=\"1\" loading=\"lazy\" decoding=\"async\" data-attachment-id=\"1419\" data-permalink=\"https:\/\/wp.schuli.net\/?attachment_id=1419\" data-orig-file=\"https:\/\/i0.wp.com\/wp.schuli.net\/wp-content\/uploads\/2016\/01\/image-3.jpg?fit=1000%2C667&amp;ssl=1\" data-orig-size=\"1000,667\" data-comments-opened=\"1\" data-image-meta=\"{&quot;aperture&quot;:&quot;0&quot;,&quot;credit&quot;:&quot;&quot;,&quot;camera&quot;:&quot;&quot;,&quot;caption&quot;:&quot;&quot;,&quot;created_timestamp&quot;:&quot;0&quot;,&quot;copyright&quot;:&quot;&quot;,&quot;focal_length&quot;:&quot;0&quot;,&quot;iso&quot;:&quot;0&quot;,&quot;shutter_speed&quot;:&quot;0&quot;,&quot;title&quot;:&quot;&quot;,&quot;orientation&quot;:&quot;1&quot;}\" data-image-title=\"SMA-2016-02-Endlich-Schnee1\" data-image-description=\"\" data-image-caption=\"\" data-large-file=\"https:\/\/i0.wp.com\/wp.schuli.net\/wp-content\/uploads\/2016\/01\/image-3.jpg?fit=1000%2C667&amp;ssl=1\" class=\"alignnone wp-image-1419\" src=\"https:\/\/i0.wp.com\/wp.schuli.net\/wp-content\/uploads\/2016\/01\/image-3.jpg?resize=680%2C454&#038;ssl=1\" alt=\"SMA-2016-02-Endlich-Schnee1\" width=\"680\" height=\"454\" srcset=\"https:\/\/i0.wp.com\/wp.schuli.net\/wp-content\/uploads\/2016\/01\/image-3.jpg?w=1000&amp;ssl=1 1000w, https:\/\/i0.wp.com\/wp.schuli.net\/wp-content\/uploads\/2016\/01\/image-3.jpg?resize=300%2C200&amp;ssl=1 300w, https:\/\/i0.wp.com\/wp.schuli.net\/wp-content\/uploads\/2016\/01\/image-3.jpg?resize=768%2C512&amp;ssl=1 768w, https:\/\/i0.wp.com\/wp.schuli.net\/wp-content\/uploads\/2016\/01\/image-3.jpg?resize=140%2C94&amp;ssl=1 140w\" sizes=\"auto, (max-width: 680px) 100vw, 680px\" \/><\/a><\/p>\n<p><a href=\"https:\/\/i0.wp.com\/wp.schuli.net\/wp-content\/uploads\/2016\/01\/image-2.jpg?ssl=1\" rel=\"attachment wp-att-1418\"><img data-recalc-dims=\"1\" loading=\"lazy\" decoding=\"async\" data-attachment-id=\"1418\" data-permalink=\"https:\/\/wp.schuli.net\/?attachment_id=1418\" data-orig-file=\"https:\/\/i0.wp.com\/wp.schuli.net\/wp-content\/uploads\/2016\/01\/image-2.jpg?fit=1000%2C667&amp;ssl=1\" data-orig-size=\"1000,667\" data-comments-opened=\"1\" data-image-meta=\"{&quot;aperture&quot;:&quot;0&quot;,&quot;credit&quot;:&quot;&quot;,&quot;camera&quot;:&quot;&quot;,&quot;caption&quot;:&quot;&quot;,&quot;created_timestamp&quot;:&quot;0&quot;,&quot;copyright&quot;:&quot;&quot;,&quot;focal_length&quot;:&quot;0&quot;,&quot;iso&quot;:&quot;0&quot;,&quot;shutter_speed&quot;:&quot;0&quot;,&quot;title&quot;:&quot;&quot;,&quot;orientation&quot;:&quot;1&quot;}\" data-image-title=\"SMA-2016-02-Endlich-Schnee2\" data-image-description=\"\" data-image-caption=\"\" data-large-file=\"https:\/\/i0.wp.com\/wp.schuli.net\/wp-content\/uploads\/2016\/01\/image-2.jpg?fit=1000%2C667&amp;ssl=1\" class=\"alignnone wp-image-1418\" src=\"https:\/\/i0.wp.com\/wp.schuli.net\/wp-content\/uploads\/2016\/01\/image-2.jpg?resize=680%2C454&#038;ssl=1\" alt=\"SMA-2016-02-Endlich-Schnee2\" width=\"680\" height=\"454\" srcset=\"https:\/\/i0.wp.com\/wp.schuli.net\/wp-content\/uploads\/2016\/01\/image-2.jpg?w=1000&amp;ssl=1 1000w, https:\/\/i0.wp.com\/wp.schuli.net\/wp-content\/uploads\/2016\/01\/image-2.jpg?resize=300%2C200&amp;ssl=1 300w, https:\/\/i0.wp.com\/wp.schuli.net\/wp-content\/uploads\/2016\/01\/image-2.jpg?resize=768%2C512&amp;ssl=1 768w, https:\/\/i0.wp.com\/wp.schuli.net\/wp-content\/uploads\/2016\/01\/image-2.jpg?resize=140%2C94&amp;ssl=1 140w\" sizes=\"auto, (max-width: 680px) 100vw, 680px\" \/><\/a><\/p>\n<p><a href=\"https:\/\/i0.wp.com\/wp.schuli.net\/wp-content\/uploads\/2016\/01\/image-1.jpg?ssl=1\" rel=\"attachment wp-att-1417\"><img data-recalc-dims=\"1\" loading=\"lazy\" decoding=\"async\" data-attachment-id=\"1417\" data-permalink=\"https:\/\/wp.schuli.net\/?attachment_id=1417\" data-orig-file=\"https:\/\/i0.wp.com\/wp.schuli.net\/wp-content\/uploads\/2016\/01\/image-1.jpg?fit=1000%2C667&amp;ssl=1\" data-orig-size=\"1000,667\" data-comments-opened=\"1\" data-image-meta=\"{&quot;aperture&quot;:&quot;0&quot;,&quot;credit&quot;:&quot;&quot;,&quot;camera&quot;:&quot;&quot;,&quot;caption&quot;:&quot;&quot;,&quot;created_timestamp&quot;:&quot;0&quot;,&quot;copyright&quot;:&quot;&quot;,&quot;focal_length&quot;:&quot;0&quot;,&quot;iso&quot;:&quot;0&quot;,&quot;shutter_speed&quot;:&quot;0&quot;,&quot;title&quot;:&quot;&quot;,&quot;orientation&quot;:&quot;1&quot;}\" data-image-title=\"SMA-2016-02-Endlich-Schnee3\" data-image-description=\"\" data-image-caption=\"\" data-large-file=\"https:\/\/i0.wp.com\/wp.schuli.net\/wp-content\/uploads\/2016\/01\/image-1.jpg?fit=1000%2C667&amp;ssl=1\" class=\"alignnone wp-image-1417\" src=\"https:\/\/i0.wp.com\/wp.schuli.net\/wp-content\/uploads\/2016\/01\/image-1.jpg?resize=680%2C454&#038;ssl=1\" alt=\"SMA-2016-02-Endlich-Schnee3\" width=\"680\" height=\"454\" srcset=\"https:\/\/i0.wp.com\/wp.schuli.net\/wp-content\/uploads\/2016\/01\/image-1.jpg?w=1000&amp;ssl=1 1000w, https:\/\/i0.wp.com\/wp.schuli.net\/wp-content\/uploads\/2016\/01\/image-1.jpg?resize=300%2C200&amp;ssl=1 300w, https:\/\/i0.wp.com\/wp.schuli.net\/wp-content\/uploads\/2016\/01\/image-1.jpg?resize=768%2C512&amp;ssl=1 768w, https:\/\/i0.wp.com\/wp.schuli.net\/wp-content\/uploads\/2016\/01\/image-1.jpg?resize=140%2C94&amp;ssl=1 140w\" sizes=\"auto, (max-width: 680px) 100vw, 680px\" \/><\/a><\/p>\n<p><a href=\"https:\/\/i0.wp.com\/wp.schuli.net\/wp-content\/uploads\/2016\/01\/image.jpg?ssl=1\" rel=\"attachment wp-att-1416\"><img data-recalc-dims=\"1\" loading=\"lazy\" decoding=\"async\" data-attachment-id=\"1416\" data-permalink=\"https:\/\/wp.schuli.net\/?attachment_id=1416\" data-orig-file=\"https:\/\/i0.wp.com\/wp.schuli.net\/wp-content\/uploads\/2016\/01\/image.jpg?fit=1000%2C667&amp;ssl=1\" data-orig-size=\"1000,667\" data-comments-opened=\"1\" data-image-meta=\"{&quot;aperture&quot;:&quot;0&quot;,&quot;credit&quot;:&quot;&quot;,&quot;camera&quot;:&quot;&quot;,&quot;caption&quot;:&quot;&quot;,&quot;created_timestamp&quot;:&quot;0&quot;,&quot;copyright&quot;:&quot;&quot;,&quot;focal_length&quot;:&quot;0&quot;,&quot;iso&quot;:&quot;0&quot;,&quot;shutter_speed&quot;:&quot;0&quot;,&quot;title&quot;:&quot;&quot;,&quot;orientation&quot;:&quot;1&quot;}\" data-image-title=\"SMA-2016-02-Endlich-Schnee4\" data-image-description=\"\" data-image-caption=\"\" data-large-file=\"https:\/\/i0.wp.com\/wp.schuli.net\/wp-content\/uploads\/2016\/01\/image.jpg?fit=1000%2C667&amp;ssl=1\" class=\"alignnone wp-image-1416\" src=\"https:\/\/i0.wp.com\/wp.schuli.net\/wp-content\/uploads\/2016\/01\/image.jpg?resize=680%2C454&#038;ssl=1\" alt=\"SMA-2016-02-Endlich-Schnee4\" width=\"680\" height=\"454\" srcset=\"https:\/\/i0.wp.com\/wp.schuli.net\/wp-content\/uploads\/2016\/01\/image.jpg?w=1000&amp;ssl=1 1000w, https:\/\/i0.wp.com\/wp.schuli.net\/wp-content\/uploads\/2016\/01\/image.jpg?resize=300%2C200&amp;ssl=1 300w, https:\/\/i0.wp.com\/wp.schuli.net\/wp-content\/uploads\/2016\/01\/image.jpg?resize=768%2C512&amp;ssl=1 768w, https:\/\/i0.wp.com\/wp.schuli.net\/wp-content\/uploads\/2016\/01\/image.jpg?resize=140%2C94&amp;ssl=1 140w\" sizes=\"auto, (max-width: 680px) 100vw, 680px\" \/><\/a><\/p>\n<p>[\/et_pb_text][\/et_pb_column][\/et_pb_row][\/et_pb_section]<\/p>\n","protected":false},"excerpt":{"rendered":"<p>Diese Saison ist der Schnee in unserer Region recht zur\u00fcckhaltend unterwegs. Umso mehr freuen wir uns \u00fcber jede\u00a0Schneeflocke\u00a0die vom Himmel f\u00e4llt. Hier ein paar Winter Impressionen aus Langenthal. Diese Saison ist der Schnee in unserer Region recht zur\u00fcckhaltend unterwegs. Umso mehr freuen wir uns \u00fcber jede\u00a0Schneeflocke\u00a0die vom Himmel f\u00e4llt. Hier ein paar Winter Impressionen aus [&hellip;]<\/p>\n","protected":false},"author":1,"featured_media":1420,"comment_status":"open","ping_status":"open","sticky":false,"template":"","format":"standard","meta":{"_et_pb_use_builder":"on","_et_pb_old_content":"<p>Diese Saison ist der Schnee in unserer Region recht zur\u00fcckhaltend unterwegs. Umso mehr freuen wir uns \u00fcber jede\u00a0Schneeflocke\u00a0die vom Himmel f\u00e4llt. Hier ein paar Winter Impressionen aus Langenthal.<\/p><p><a href=\"https:\/\/wp.schuli.net\/wp-content\/uploads\/2016\/01\/image-3.jpg\" rel=\"attachment wp-att-1419\"><img class=\"alignnone wp-image-1419\" src=\"https:\/\/wp.schuli.net\/wp-content\/uploads\/2016\/01\/image-3.jpg\" alt=\"SMA-2016-02-Endlich-Schnee1\" width=\"680\" height=\"454\" \/><\/a><\/p><p><a href=\"https:\/\/wp.schuli.net\/wp-content\/uploads\/2016\/01\/image-2.jpg\" rel=\"attachment wp-att-1418\"><img class=\"alignnone wp-image-1418\" src=\"https:\/\/wp.schuli.net\/wp-content\/uploads\/2016\/01\/image-2.jpg\" alt=\"SMA-2016-02-Endlich-Schnee2\" width=\"680\" height=\"454\" \/><\/a><\/p><p><a href=\"https:\/\/wp.schuli.net\/wp-content\/uploads\/2016\/01\/image-1.jpg\" rel=\"attachment wp-att-1417\"><img class=\"alignnone wp-image-1417\" src=\"https:\/\/wp.schuli.net\/wp-content\/uploads\/2016\/01\/image-1.jpg\" alt=\"SMA-2016-02-Endlich-Schnee3\" width=\"680\" height=\"454\" \/><\/a><\/p><p><a href=\"https:\/\/wp.schuli.net\/wp-content\/uploads\/2016\/01\/image.jpg\" rel=\"attachment wp-att-1416\"><img class=\"alignnone wp-image-1416\" src=\"https:\/\/wp.schuli.net\/wp-content\/uploads\/2016\/01\/image.jpg\" alt=\"SMA-2016-02-Endlich-Schnee4\" width=\"680\" height=\"454\" \/><\/a><\/p>","_et_gb_content_width":"","jetpack_post_was_ever_published":false,"_jetpack_newsletter_access":"","_jetpack_dont_email_post_to_subs":true,"_jetpack_newsletter_tier_id":0,"_jetpack_memberships_contains_paywalled_content":false,"_jetpack_memberships_contains_paid_content":false,"footnotes":"","jetpack_publicize_message":"","jetpack_publicize_feature_enabled":true,"jetpack_social_post_already_shared":true,"jetpack_social_options":{"image_generator_settings":{"template":"highway","default_image_id":0,"font":"","enabled":false},"version":2}},"categories":[27,9,16,3,26],"tags":[],"class_list":["post-1414","post","type-post","status-publish","format-standard","has-post-thumbnail","hentry","category-2016-schulis-weekly-picture-series","category-bw","category-blog","category-photo-portfolio","category-projects","et-has-post-format-content","et_post_format-et-post-format-standard"],"jetpack_publicize_connections":[],"jetpack_featured_media_url":"https:\/\/i0.wp.com\/wp.schuli.net\/wp-content\/uploads\/2016\/01\/image.jpeg?fit=300%2C300&ssl=1","jetpack_sharing_enabled":true,"jetpack_shortlink":"https:\/\/wp.me\/p23jlp-mO","jetpack-related-posts":[{"id":1507,"url":"https:\/\/wp.schuli.net\/?p=1507","url_meta":{"origin":1414,"position":0},"title":"2016-07: Winterlandschaft","author":"Marius Schuler","date":"Sun, 21.02.2016","format":false,"excerpt":"","rel":"","context":"In &quot;2016 - Schulis Weekly Picture Series&quot;","block_context":{"text":"2016 - Schulis Weekly Picture Series","link":"https:\/\/wp.schuli.net\/?cat=27"},"img":{"alt_text":"","src":"https:\/\/i0.wp.com\/wp.schuli.net\/wp-content\/uploads\/2016\/02\/160221_smQ116_0609-SE2.jpg?resize=350%2C200&ssl=1","width":350,"height":200,"srcset":"https:\/\/i0.wp.com\/wp.schuli.net\/wp-content\/uploads\/2016\/02\/160221_smQ116_0609-SE2.jpg?resize=350%2C200&ssl=1 1x, https:\/\/i0.wp.com\/wp.schuli.net\/wp-content\/uploads\/2016\/02\/160221_smQ116_0609-SE2.jpg?resize=525%2C300&ssl=1 1.5x, https:\/\/i0.wp.com\/wp.schuli.net\/wp-content\/uploads\/2016\/02\/160221_smQ116_0609-SE2.jpg?resize=700%2C400&ssl=1 2x"},"classes":[]},{"id":1595,"url":"https:\/\/wp.schuli.net\/?p=1595","url_meta":{"origin":1414,"position":1},"title":"2016-12: Farbpixel","author":"Marius Schuler","date":"Sun, 27.03.2016","format":false,"excerpt":"","rel":"","context":"In &quot;2016 - Schulis Weekly Picture Series&quot;","block_context":{"text":"2016 - Schulis Weekly Picture Series","link":"https:\/\/wp.schuli.net\/?cat=27"},"img":{"alt_text":"SMA-2016-KW12-Farbpixel","src":"https:\/\/i0.wp.com\/wp.schuli.net\/wp-content\/uploads\/2016\/03\/image-1-1024x1024.jpeg?resize=350%2C200&ssl=1","width":350,"height":200,"srcset":"https:\/\/i0.wp.com\/wp.schuli.net\/wp-content\/uploads\/2016\/03\/image-1-1024x1024.jpeg?resize=350%2C200&ssl=1 1x, https:\/\/i0.wp.com\/wp.schuli.net\/wp-content\/uploads\/2016\/03\/image-1-1024x1024.jpeg?resize=525%2C300&ssl=1 1.5x"},"classes":[]},{"id":2158,"url":"https:\/\/wp.schuli.net\/?p=2158","url_meta":{"origin":1414,"position":2},"title":"2016-50: Reif","author":"Marius Schuler","date":"Sun, 18.12.2016","format":false,"excerpt":"","rel":"","context":"In &quot;2016 - Schulis Weekly Picture Series&quot;","block_context":{"text":"2016 - Schulis Weekly Picture Series","link":"https:\/\/wp.schuli.net\/?cat=27"},"img":{"alt_text":"","src":"https:\/\/i0.wp.com\/wp.schuli.net\/wp-content\/uploads\/2016\/12\/2016-KW50-Reif4_4572.jpg?resize=350%2C200&ssl=1","width":350,"height":200,"srcset":"https:\/\/i0.wp.com\/wp.schuli.net\/wp-content\/uploads\/2016\/12\/2016-KW50-Reif4_4572.jpg?resize=350%2C200&ssl=1 1x, https:\/\/i0.wp.com\/wp.schuli.net\/wp-content\/uploads\/2016\/12\/2016-KW50-Reif4_4572.jpg?resize=525%2C300&ssl=1 1.5x, https:\/\/i0.wp.com\/wp.schuli.net\/wp-content\/uploads\/2016\/12\/2016-KW50-Reif4_4572.jpg?resize=700%2C400&ssl=1 2x"},"classes":[]},{"id":2145,"url":"https:\/\/wp.schuli.net\/?p=2145","url_meta":{"origin":1414,"position":3},"title":"2016-49: Weihnachtsweg","author":"Marius Schuler","date":"Sun, 11.12.2016","format":false,"excerpt":"","rel":"","context":"In &quot;2016 - Schulis Weekly Picture Series&quot;","block_context":{"text":"2016 - Schulis Weekly Picture Series","link":"https:\/\/wp.schuli.net\/?cat=27"},"img":{"alt_text":"","src":"https:\/\/i0.wp.com\/wp.schuli.net\/wp-content\/uploads\/2016\/12\/2016-49-Weihnachtsweg4_0865.jpg?resize=350%2C200&ssl=1","width":350,"height":200,"srcset":"https:\/\/i0.wp.com\/wp.schuli.net\/wp-content\/uploads\/2016\/12\/2016-49-Weihnachtsweg4_0865.jpg?resize=350%2C200&ssl=1 1x, https:\/\/i0.wp.com\/wp.schuli.net\/wp-content\/uploads\/2016\/12\/2016-49-Weihnachtsweg4_0865.jpg?resize=525%2C300&ssl=1 1.5x, https:\/\/i0.wp.com\/wp.schuli.net\/wp-content\/uploads\/2016\/12\/2016-49-Weihnachtsweg4_0865.jpg?resize=700%2C400&ssl=1 2x"},"classes":[]},{"id":2642,"url":"https:\/\/wp.schuli.net\/?p=2642","url_meta":{"origin":1414,"position":4},"title":"2017-04: Unterwegs f\u00fcr Brot","author":"Marius Schuler","date":"Sat, 28.01.2017","format":false,"excerpt":"","rel":"","context":"In &quot;2017 - Schulis Weekly Picture Sessions&quot;","block_context":{"text":"2017 - Schulis Weekly Picture Sessions","link":"https:\/\/wp.schuli.net\/?cat=33"},"img":{"alt_text":"","src":"https:\/\/i0.wp.com\/wp.schuli.net\/wp-content\/uploads\/2017\/01\/17-04-Unterwegs-fuer-Brot1_8435-58-pano4.jpg?fit=1200%2C466&ssl=1&resize=350%2C200","width":350,"height":200,"srcset":"https:\/\/i0.wp.com\/wp.schuli.net\/wp-content\/uploads\/2017\/01\/17-04-Unterwegs-fuer-Brot1_8435-58-pano4.jpg?fit=1200%2C466&ssl=1&resize=350%2C200 1x, https:\/\/i0.wp.com\/wp.schuli.net\/wp-content\/uploads\/2017\/01\/17-04-Unterwegs-fuer-Brot1_8435-58-pano4.jpg?fit=1200%2C466&ssl=1&resize=525%2C300 1.5x, https:\/\/i0.wp.com\/wp.schuli.net\/wp-content\/uploads\/2017\/01\/17-04-Unterwegs-fuer-Brot1_8435-58-pano4.jpg?fit=1200%2C466&ssl=1&resize=700%2C400 2x, https:\/\/i0.wp.com\/wp.schuli.net\/wp-content\/uploads\/2017\/01\/17-04-Unterwegs-fuer-Brot1_8435-58-pano4.jpg?fit=1200%2C466&ssl=1&resize=1050%2C600 3x"},"classes":[]},{"id":636,"url":"https:\/\/wp.schuli.net\/?p=636","url_meta":{"origin":1414,"position":5},"title":"Schulis Schoggicake","author":"Marius Schuler","date":"Sun, 01.12.2013","format":false,"excerpt":"Auf Wunsch stelle ich gerne das Rezept meines Schoggicakes zur Verf\u00fcgung. Basis f\u00fcr meine Mega-Schoggi-Variante war ein Rezept im legend\u00e4ren Schulkochbuch \"Tiptopf\", wobei jedoch einige wesentliche Modifikationen meinerseits eingeflossen sind. :-) Nachstehend die Einkaufsliste und die Anleitung zur Zubereitung. - Viel Spass beim Backen und nat\u00fcrlich beim Geniessen. Einkaufsliste -\u2026","rel":"","context":"In &quot;Blog&quot;","block_context":{"text":"Blog","link":"https:\/\/wp.schuli.net\/?cat=16"},"img":{"alt_text":"","src":"https:\/\/i0.wp.com\/wp.schuli.net\/wp-content\/uploads\/2013\/02\/20130226-191831.jpg?fit=284%2C300&ssl=1&resize=350%2C200","width":350,"height":200},"classes":[]}],"_links":{"self":[{"href":"https:\/\/wp.schuli.net\/index.php?rest_route=\/wp\/v2\/posts\/1414","targetHints":{"allow":["GET"]}}],"collection":[{"href":"https:\/\/wp.schuli.net\/index.php?rest_route=\/wp\/v2\/posts"}],"about":[{"href":"https:\/\/wp.schuli.net\/index.php?rest_route=\/wp\/v2\/types\/post"}],"author":[{"embeddable":true,"href":"https:\/\/wp.schuli.net\/index.php?rest_route=\/wp\/v2\/users\/1"}],"replies":[{"embeddable":true,"href":"https:\/\/wp.schuli.net\/index.php?rest_route=%2Fwp%2Fv2%2Fcomments&post=1414"}],"version-history":[{"count":9,"href":"https:\/\/wp.schuli.net\/index.php?rest_route=\/wp\/v2\/posts\/1414\/revisions"}],"predecessor-version":[{"id":2496,"href":"https:\/\/wp.schuli.net\/index.php?rest_route=\/wp\/v2\/posts\/1414\/revisions\/2496"}],"wp:featuredmedia":[{"embeddable":true,"href":"https:\/\/wp.schuli.net\/index.php?rest_route=\/wp\/v2\/media\/1420"}],"wp:attachment":[{"href":"https:\/\/wp.schuli.net\/index.php?rest_route=%2Fwp%2Fv2%2Fmedia&parent=1414"}],"wp:term":[{"taxonomy":"category","embeddable":true,"href":"https:\/\/wp.schuli.net\/index.php?rest_route=%2Fwp%2Fv2%2Fcategories&post=1414"},{"taxonomy":"post_tag","embeddable":true,"href":"https:\/\/wp.schuli.net\/index.php?rest_route=%2Fwp%2Fv2%2Ftags&post=1414"}],"curies":[{"name":"wp","href":"https:\/\/api.w.org\/{rel}","templated":true}]}}